{"id":5613,"date":"2026-04-29T08:48:33","date_gmt":"2026-04-29T07:48:33","guid":{"rendered":"https:\/\/exploremostar.ba\/?p=5613"},"modified":"2026-04-29T08:58:44","modified_gmt":"2026-04-29T07:58:44","slug":"mostar-domacin-medjunarodne-unesco-konferencije","status":"publish","type":"post","link":"https:\/\/exploremostar.ba\/en\/mostar-domacin-medjunarodne-unesco-konferencije\/","title":{"rendered":"Mostar hosts the international UNESCO conference"},"content":{"rendered":"<section class=\"text-token-text-primary w-full focus:outline-none [--shadow-height:45px] has-data-writing-block:pointer-events-none has-data-writing-block:-mt-(--shadow-height) has-data-writing-block:pt-(--shadow-height) [&amp;:has([data-writing-block])&gt;*]:pointer-events-auto R6Vx5W_threadScrollVars scroll-mb-[calc(var(--scroll-root-safe-area-inset-bottom,0px)+var(--thread-response-height))] scroll-mt-(--header-height)\" dir=\"auto\" data-turn-id=\"287ba5ae-0499-4e14-aa06-bc03b71f7a1b\" data-testid=\"conversation-turn-1\" data-scroll-anchor=\"false\" data-turn=\"user\"><\/section>\n<section class=\"text-token-text-primary w-full focus:outline-none [--shadow-height:45px] has-data-writing-block:pointer-events-none has-data-writing-block:-mt-(--shadow-height) has-data-writing-block:pt-(--shadow-height) [&amp;:has([data-writing-block])&gt;*]:pointer-events-auto [content-visibility:auto] supports-[content-visibility:auto]:[contain-intrinsic-size:auto_100lvh] R6Vx5W_threadScrollVars scroll-mb-[calc(var(--scroll-root-safe-area-inset-bottom,0px)+var(--thread-response-height))] scroll-mt-[calc(var(--header-height)+min(200px,max(70px,20svh)))]\" dir=\"auto\" data-turn-id=\"request-WEB:ebbf8d16-778c-4f76-9bb8-56ce6258a4d8-0\" data-testid=\"conversation-turn-2\" data-scroll-anchor=\"false\" data-turn=\"assistant\">\n<div class=\"text-base my-auto mx-auto [--thread-content-margin:var(--thread-content-margin-xs,calc(var(--spacing)*4))] @w-sm\/main:[--thread-content-margin:var(--thread-content-margin-sm,calc(var(--spacing)*6))] @w-lg\/main:[--thread-content-margin:var(--thread-content-margin-lg,calc(var(--spacing)*16))] px-(--thread-content-margin)\">\n<div class=\"[--thread-content-max-width:40rem] @w-lg\/main:[--thread-content-max-width:48rem] mx-auto max-w-(--thread-content-max-width) flex-1 group\/turn-messages focus-visible:outline-hidden relative flex w-full min-w-0 flex-col agent-turn\">\n<div class=\"flex max-w-full flex-col gap-4 grow\">\n<div class=\"min-h-8 text-message relative flex w-full flex-col items-end gap-2 text-start break-words whitespace-normal outline-none keyboard-focused:focus-ring [.text-message+&amp;]:mt-1\" dir=\"auto\" data-message-author-role=\"assistant\" data-message-id=\"af09d715-791d-4f66-aaef-b74316ccdec6\" data-message-model-slug=\"gpt-5-3\">\n<div class=\"flex w-full flex-col gap-1 empty:hidden\">\n<div class=\"markdown prose dark:prose-invert w-full wrap-break-word light markdown-new-styling\">\n<p data-start=\"0\" data-end=\"411\">U Mostaru je 27. i 28. travnja 2026. godine uspje\u0161no odr\u017eana me\u0111unarodna konferencija pod nazivom \u201eUNESCO Creative and World Heritage Cities: Towards Integrated Strategies for Sustainable Cultural Tourism Management\u201c, u organizaciji <span class=\"hover:entity-accent entity-underline inline cursor-pointer align-baseline\"><span class=\"whitespace-normal\">UNESCO<\/span><\/span>-a, <span class=\"hover:entity-accent entity-underline inline cursor-pointer align-baseline\"><span class=\"whitespace-normal\">Grada Mostara<\/span><\/span> i Turisti\u010dke zajednice Grada Mostara, uz financijsku potporu <span class=\"hover:entity-accent entity-underline inline cursor-pointer align-baseline\"><span class=\"whitespace-normal\">Europske unija<\/span><\/span>.<\/p>\n<p data-start=\"413\" data-end=\"887\">Konferencija je odr\u017eana u hotelu Mepas i okupila je brojne doma\u0107e i me\u0111unarodne stru\u010dnjake, predstavnike institucija i organizacija koji djeluju u podru\u010dju turizma i za\u0161tite kulturne ba\u0161tine. Tijekom dvodnevnog programa raspravljalo se o klju\u010dnim pitanjima odr\u017eivog upravljanja kulturnim turizmom, s posebnim naglaskom na ulogu UNESCO oznaka u razvoju destinacija, izazove turisti\u010dkih pritisaka na povijesne jezgre te va\u017enost o\u010duvanja kvalitete \u017eivota lokalnog stanovni\u0161tva.<\/p>\n<p data-start=\"889\" data-end=\"1120\">Posebna pa\u017enja posve\u0107ena je i mogu\u0107nostima koje donose digitalne inovacije i umjetna inteligencija u razvoju pametnih UNESCO gradova, kao i potrebi za boljim uskla\u0111ivanjem turisti\u010dkog razvoja s o\u010duvanjem kulturno-povijesne ba\u0161tine.<\/p>\n<p data-start=\"1122\" data-end=\"1472\">Konferencija je potvrdila kako Mostar bilje\u017ei kontinuirani rast turisti\u010dkog prometa, ali i kako taj razvoj zahtijeva strate\u0161ki pristup, kvalitetno planiranje i sna\u017eniji institucionalni okvir. Istaknuta je va\u017enost dostupnosti pouzdanih podataka u turizmu, kao i potreba za ve\u0107im uklju\u010divanjem stru\u010dnjaka i lokalne zajednice u procese dono\u0161enja odluka.<\/p>\n<p data-start=\"1474\" data-end=\"1702\">Doga\u0111aj je ujedno poslu\u017eio kao platforma za razmjenu iskustava i dobrih praksi izme\u0111u gradova svjetske ba\u0161tine i kreativnih gradova, s ciljem ja\u010danja regionalne i me\u0111unarodne suradnje te pokretanja novih zajedni\u010dkih inicijativa.<\/p>\n<p data-start=\"1704\" data-end=\"1880\" data-is-last-node=\"\" data-is-only-node=\"\">Zaklju\u010deno je kako odr\u017eivo upravljanje turizmom ostaje jedan od klju\u010dnih izazova, ali i prilika za daljnji razvoj Mostara kao prepoznatljive i odgovorne turisti\u010dke destinacije.<\/p>\n<p data-start=\"1704\" data-end=\"1880\" data-is-last-node=\"\" data-is-only-node=\"\"><img fetchpriority=\"high\" decoding=\"async\" class=\"alignnone size-medium wp-image-5618\" src=\"https:\/\/exploremostar.ba\/wp-content\/uploads\/2026\/04\/unesco1-300x200.jpg\" alt=\"\" width=\"300\" height=\"200\" srcset=\"https:\/\/exploremostar.ba\/wp-content\/uploads\/2026\/04\/unesco1-300x200.jpg 300w, https:\/\/exploremostar.ba\/wp-content\/uploads\/2026\/04\/unesco1-1024x683.jpg 1024w, https:\/\/exploremostar.ba\/wp-content\/uploads\/2026\/04\/unesco1-768x512.jpg 768w, https:\/\/exploremostar.ba\/wp-content\/uploads\/2026\/04\/unesco1-1536x1024.jpg 1536w, https:\/\/exploremostar.ba\/wp-content\/uploads\/2026\/04\/unesco1-18x12.jpg 18w, https:\/\/exploremostar.ba\/wp-content\/uploads\/2026\/04\/unesco1-600x400.jpg 600w, https:\/\/exploremostar.ba\/wp-content\/uploads\/2026\/04\/unesco1.jpg 2048w\" sizes=\"(max-width: 300px) 100vw, 300px\" \/> <img decoding=\"async\" class=\"alignnone size-medium wp-image-5619\" src=\"https:\/\/exploremostar.ba\/wp-content\/uploads\/2026\/04\/unesco2-300x200.jpg\" alt=\"\" width=\"300\" height=\"200\" srcset=\"https:\/\/exploremostar.ba\/wp-content\/uploads\/2026\/04\/unesco2-300x200.jpg 300w, https:\/\/exploremostar.ba\/wp-content\/uploads\/2026\/04\/unesco2-1024x683.jpg 1024w, https:\/\/exploremostar.ba\/wp-content\/uploads\/2026\/04\/unesco2-768x512.jpg 768w, https:\/\/exploremostar.ba\/wp-content\/uploads\/2026\/04\/unesco2-1536x1024.jpg 1536w, https:\/\/exploremostar.ba\/wp-content\/uploads\/2026\/04\/unesco2-18x12.jpg 18w, https:\/\/exploremostar.ba\/wp-content\/uploads\/2026\/04\/unesco2-600x400.jpg 600w, https:\/\/exploremostar.ba\/wp-content\/uploads\/2026\/04\/unesco2.jpg 2048w\" sizes=\"(max-width: 300px) 100vw, 300px\" \/> <img decoding=\"async\" class=\"alignnone size-medium wp-image-5620\" src=\"https:\/\/exploremostar.ba\/wp-content\/uploads\/2026\/04\/unesco3-300x200.jpg\" alt=\"\" width=\"300\" height=\"200\" srcset=\"https:\/\/exploremostar.ba\/wp-content\/uploads\/2026\/04\/unesco3-300x200.jpg 300w, https:\/\/exploremostar.ba\/wp-content\/uploads\/2026\/04\/unesco3-1024x683.jpg 1024w, https:\/\/exploremostar.ba\/wp-content\/uploads\/2026\/04\/unesco3-768x512.jpg 768w, https:\/\/exploremostar.ba\/wp-content\/uploads\/2026\/04\/unesco3-1536x1024.jpg 1536w, https:\/\/exploremostar.ba\/wp-content\/uploads\/2026\/04\/unesco3-18x12.jpg 18w, https:\/\/exploremostar.ba\/wp-content\/uploads\/2026\/04\/unesco3-600x400.jpg 600w, https:\/\/exploremostar.ba\/wp-content\/uploads\/2026\/04\/unesco3.jpg 2048w\" sizes=\"(max-width: 300px) 100vw, 300px\" \/> <img loading=\"lazy\" decoding=\"async\" class=\"alignnone size-medium wp-image-5621\" src=\"https:\/\/exploremostar.ba\/wp-content\/uploads\/2026\/04\/unesco4-300x200.jpg\" alt=\"\" width=\"300\" height=\"200\" srcset=\"https:\/\/exploremostar.ba\/wp-content\/uploads\/2026\/04\/unesco4-300x200.jpg 300w, https:\/\/exploremostar.ba\/wp-content\/uploads\/2026\/04\/unesco4-1024x683.jpg 1024w, https:\/\/exploremostar.ba\/wp-content\/uploads\/2026\/04\/unesco4-768x512.jpg 768w, https:\/\/exploremostar.ba\/wp-content\/uploads\/2026\/04\/unesco4-1536x1024.jpg 1536w, https:\/\/exploremostar.ba\/wp-content\/uploads\/2026\/04\/unesco4-18x12.jpg 18w, https:\/\/exploremostar.ba\/wp-content\/uploads\/2026\/04\/unesco4-600x400.jpg 600w, https:\/\/exploremostar.ba\/wp-content\/uploads\/2026\/04\/unesco4.jpg 2048w\" sizes=\"(max-width: 300px) 100vw, 300px\" \/> <img loading=\"lazy\" decoding=\"async\" class=\"alignnone size-medium wp-image-5622\" src=\"https:\/\/exploremostar.ba\/wp-content\/uploads\/2026\/04\/unesco5-300x200.jpg\" alt=\"\" width=\"300\" height=\"200\" srcset=\"https:\/\/exploremostar.ba\/wp-content\/uploads\/2026\/04\/unesco5-300x200.jpg 300w, https:\/\/exploremostar.ba\/wp-content\/uploads\/2026\/04\/unesco5-1024x683.jpg 1024w, https:\/\/exploremostar.ba\/wp-content\/uploads\/2026\/04\/unesco5-768x512.jpg 768w, https:\/\/exploremostar.ba\/wp-content\/uploads\/2026\/04\/unesco5-1536x1024.jpg 1536w, https:\/\/exploremostar.ba\/wp-content\/uploads\/2026\/04\/unesco5-18x12.jpg 18w, https:\/\/exploremostar.ba\/wp-content\/uploads\/2026\/04\/unesco5-600x400.jpg 600w, https:\/\/exploremostar.ba\/wp-content\/uploads\/2026\/04\/unesco5.jpg 2048w\" sizes=\"(max-width: 300px) 100vw, 300px\" \/> <img loading=\"lazy\" decoding=\"async\" class=\"alignnone size-medium wp-image-5623\" src=\"https:\/\/exploremostar.ba\/wp-content\/uploads\/2026\/04\/unesco6-300x200.jpg\" alt=\"\" width=\"300\" height=\"200\" srcset=\"https:\/\/exploremostar.ba\/wp-content\/uploads\/2026\/04\/unesco6-300x200.jpg 300w, https:\/\/exploremostar.ba\/wp-content\/uploads\/2026\/04\/unesco6-1024x683.jpg 1024w, https:\/\/exploremostar.ba\/wp-content\/uploads\/2026\/04\/unesco6-768x512.jpg 768w, https:\/\/exploremostar.ba\/wp-content\/uploads\/2026\/04\/unesco6-1536x1024.jpg 1536w, https:\/\/exploremostar.ba\/wp-content\/uploads\/2026\/04\/unesco6-18x12.jpg 18w, https:\/\/exploremostar.ba\/wp-content\/uploads\/2026\/04\/unesco6-600x400.jpg 600w, https:\/\/exploremostar.ba\/wp-content\/uploads\/2026\/04\/unesco6.jpg 2048w\" sizes=\"(max-width: 300px) 100vw, 300px\" \/><\/p>\n<\/div>\n<\/div>\n<\/div>\n<\/div>\n<\/div>\n<\/div>\n<\/section>","protected":false},"excerpt":{"rendered":"<p>An international conference entitled &quot;UNESCO Creative and World Heritage Cities: Towards Integrated Strategies for Sustainable Cultural Tourism Management&quot; was successfully held in Mostar on 27 and 28 April 2026, organized by UNESCO, the City of Mostar and the Tourist Board of the City of Mostar, with financial support from the European Union. The conference was held at the Mepas Hotel and brought together numerous domestic [\u2026]<\/p>","protected":false},"author":11,"featured_media":5618,"comment_status":"closed","ping_status":"open","sticky":false,"template":"","format":"standard","meta":{"footnotes":""},"categories":[158],"tags":[135],"class_list":["post-5613","post","type-post","status-publish","format-standard","has-post-thumbnail","hentry","category-financiranje-i-podrska-turizmu","tag-announcements"],"yoast_head":"<!-- This site is optimized with the Yoast SEO plugin v25.1 - https:\/\/yoast.com\/wordpress\/plugins\/seo\/ -->\n<title>Mostar doma\u0107in me\u0111unarodne UNESCO konferencije - exploremostar<\/title>\n<meta name=\"robots\" content=\"index, follow, max-snippet:-1, max-image-preview:large, max-video-preview:-1\" \/>\n<link rel=\"canonical\" href=\"https:\/\/exploremostar.ba\/en\/mostar-domacin-medjunarodne-unesco-konferencije\/\" \/>\n<meta property=\"og:locale\" content=\"en_US\" \/>\n<meta property=\"og:type\" content=\"article\" \/>\n<meta property=\"og:title\" content=\"Mostar doma\u0107in me\u0111unarodne UNESCO konferencije - exploremostar\" \/>\n<meta property=\"og:description\" content=\"U Mostaru je 27. i 28. travnja 2026. godine uspje\u0161no odr\u017eana me\u0111unarodna konferencija pod nazivom \u201eUNESCO Creative and World Heritage Cities: Towards Integrated Strategies for Sustainable Cultural Tourism Management\u201c, u organizaciji UNESCO-a, Grada Mostara i Turisti\u010dke zajednice Grada Mostara, uz financijsku potporu Europske unija. Konferencija je odr\u017eana u hotelu Mepas i okupila je brojne doma\u0107e [&hellip;]\" \/>\n<meta property=\"og:url\" content=\"https:\/\/exploremostar.ba\/en\/mostar-domacin-medjunarodne-unesco-konferencije\/\" \/>\n<meta property=\"og:site_name\" content=\"exploremostar\" \/>\n<meta property=\"article:published_time\" content=\"2026-04-29T07:48:33+00:00\" \/>\n<meta property=\"article:modified_time\" content=\"2026-04-29T07:58:44+00:00\" \/>\n<meta property=\"og:image\" content=\"https:\/\/exploremostar.ba\/wp-content\/uploads\/2026\/04\/unesco1.jpg\" \/>\n\t<meta property=\"og:image:width\" content=\"2048\" \/>\n\t<meta property=\"og:image:height\" content=\"1365\" \/>\n\t<meta property=\"og:image:type\" content=\"image\/jpeg\" \/>\n<meta name=\"author\" content=\"Dino Jekic\" \/>\n<meta name=\"twitter:card\" content=\"summary_large_image\" \/>\n<meta name=\"twitter:label1\" content=\"Written by\" \/>\n\t<meta name=\"twitter:data1\" content=\"Dino Jekic\" \/>\n\t<meta name=\"twitter:label2\" content=\"Est. reading time\" \/>\n\t<meta name=\"twitter:data2\" content=\"3 minutes\" \/>\n<script type=\"application\/ld+json\" class=\"yoast-schema-graph\">{\"@context\":\"https:\/\/schema.org\",\"@graph\":[{\"@type\":\"WebPage\",\"@id\":\"https:\/\/exploremostar.ba\/mostar-domacin-medjunarodne-unesco-konferencije\/\",\"url\":\"https:\/\/exploremostar.ba\/mostar-domacin-medjunarodne-unesco-konferencije\/\",\"name\":\"Mostar doma\u0107in me\u0111unarodne UNESCO konferencije - exploremostar\",\"isPartOf\":{\"@id\":\"https:\/\/exploremostar.ba\/#website\"},\"primaryImageOfPage\":{\"@id\":\"https:\/\/exploremostar.ba\/mostar-domacin-medjunarodne-unesco-konferencije\/#primaryimage\"},\"image\":{\"@id\":\"https:\/\/exploremostar.ba\/mostar-domacin-medjunarodne-unesco-konferencije\/#primaryimage\"},\"thumbnailUrl\":\"https:\/\/exploremostar.ba\/wp-content\/uploads\/2026\/04\/unesco1.jpg\",\"datePublished\":\"2026-04-29T07:48:33+00:00\",\"dateModified\":\"2026-04-29T07:58:44+00:00\",\"author\":{\"@id\":\"https:\/\/exploremostar.ba\/#\/schema\/person\/ba658e145ceeda3815df65d8fb9915c7\"},\"breadcrumb\":{\"@id\":\"https:\/\/exploremostar.ba\/mostar-domacin-medjunarodne-unesco-konferencije\/#breadcrumb\"},\"inLanguage\":\"en-US\",\"potentialAction\":[{\"@type\":\"ReadAction\",\"target\":[\"https:\/\/exploremostar.ba\/mostar-domacin-medjunarodne-unesco-konferencije\/\"]}]},{\"@type\":\"ImageObject\",\"inLanguage\":\"en-US\",\"@id\":\"https:\/\/exploremostar.ba\/mostar-domacin-medjunarodne-unesco-konferencije\/#primaryimage\",\"url\":\"https:\/\/exploremostar.ba\/wp-content\/uploads\/2026\/04\/unesco1.jpg\",\"contentUrl\":\"https:\/\/exploremostar.ba\/wp-content\/uploads\/2026\/04\/unesco1.jpg\",\"width\":2048,\"height\":1365},{\"@type\":\"BreadcrumbList\",\"@id\":\"https:\/\/exploremostar.ba\/mostar-domacin-medjunarodne-unesco-konferencije\/#breadcrumb\",\"itemListElement\":[{\"@type\":\"ListItem\",\"position\":1,\"name\":\"Home\",\"item\":\"https:\/\/exploremostar.ba\/\"},{\"@type\":\"ListItem\",\"position\":2,\"name\":\"Mostar doma\u0107in me\u0111unarodne UNESCO konferencije\"}]},{\"@type\":\"WebSite\",\"@id\":\"https:\/\/exploremostar.ba\/#website\",\"url\":\"https:\/\/exploremostar.ba\/\",\"name\":\"exploremostar\",\"description\":\"Where bridges tell stories\",\"potentialAction\":[{\"@type\":\"SearchAction\",\"target\":{\"@type\":\"EntryPoint\",\"urlTemplate\":\"https:\/\/exploremostar.ba\/?s={search_term_string}\"},\"query-input\":{\"@type\":\"PropertyValueSpecification\",\"valueRequired\":true,\"valueName\":\"search_term_string\"}}],\"inLanguage\":\"en-US\"},{\"@type\":\"Person\",\"@id\":\"https:\/\/exploremostar.ba\/#\/schema\/person\/ba658e145ceeda3815df65d8fb9915c7\",\"name\":\"Dino Jekic\",\"image\":{\"@type\":\"ImageObject\",\"inLanguage\":\"en-US\",\"@id\":\"https:\/\/exploremostar.ba\/#\/schema\/person\/image\/\",\"url\":\"https:\/\/secure.gravatar.com\/avatar\/069d3f51f3e6bcef26bc4581da3ae12333ce97dcefaf5b817593df50933bfefb?s=96&d=https%3A%2F%2Fui-avatars.com%2Fapi%2FDino%20JekicDino%2F96%2F546de5%2Ffff%2F1%2F0.4%2F%2F1%2F1&r=g\",\"contentUrl\":\"https:\/\/secure.gravatar.com\/avatar\/069d3f51f3e6bcef26bc4581da3ae12333ce97dcefaf5b817593df50933bfefb?s=96&d=https%3A%2F%2Fui-avatars.com%2Fapi%2FDino%20JekicDino%2F96%2F546de5%2Ffff%2F1%2F0.4%2F%2F1%2F1&r=g\",\"caption\":\"Dino Jekic\"},\"url\":\"https:\/\/exploremostar.ba\/en\/author\/dino\/\"}]}<\/script>\n<!-- \/ Yoast SEO plugin. -->","yoast_head_json":{"title":"Mostar doma\u0107in me\u0111unarodne UNESCO konferencije - exploremostar","robots":{"index":"index","follow":"follow","max-snippet":"max-snippet:-1","max-image-preview":"max-image-preview:large","max-video-preview":"max-video-preview:-1"},"canonical":"https:\/\/exploremostar.ba\/en\/mostar-domacin-medjunarodne-unesco-konferencije\/","og_locale":"en_US","og_type":"article","og_title":"Mostar doma\u0107in me\u0111unarodne UNESCO konferencije - exploremostar","og_description":"U Mostaru je 27. i 28. travnja 2026. godine uspje\u0161no odr\u017eana me\u0111unarodna konferencija pod nazivom \u201eUNESCO Creative and World Heritage Cities: Towards Integrated Strategies for Sustainable Cultural Tourism Management\u201c, u organizaciji UNESCO-a, Grada Mostara i Turisti\u010dke zajednice Grada Mostara, uz financijsku potporu Europske unija. Konferencija je odr\u017eana u hotelu Mepas i okupila je brojne doma\u0107e [&hellip;]","og_url":"https:\/\/exploremostar.ba\/en\/mostar-domacin-medjunarodne-unesco-konferencije\/","og_site_name":"exploremostar","article_published_time":"2026-04-29T07:48:33+00:00","article_modified_time":"2026-04-29T07:58:44+00:00","og_image":[{"width":2048,"height":1365,"url":"https:\/\/exploremostar.ba\/wp-content\/uploads\/2026\/04\/unesco1.jpg","type":"image\/jpeg"}],"author":"Dino Jekic","twitter_card":"summary_large_image","twitter_misc":{"Written by":"Dino Jekic","Est. reading time":"3 minutes"},"schema":{"@context":"https:\/\/schema.org","@graph":[{"@type":"WebPage","@id":"https:\/\/exploremostar.ba\/mostar-domacin-medjunarodne-unesco-konferencije\/","url":"https:\/\/exploremostar.ba\/mostar-domacin-medjunarodne-unesco-konferencije\/","name":"Mostar doma\u0107in me\u0111unarodne UNESCO konferencije - exploremostar","isPartOf":{"@id":"https:\/\/exploremostar.ba\/#website"},"primaryImageOfPage":{"@id":"https:\/\/exploremostar.ba\/mostar-domacin-medjunarodne-unesco-konferencije\/#primaryimage"},"image":{"@id":"https:\/\/exploremostar.ba\/mostar-domacin-medjunarodne-unesco-konferencije\/#primaryimage"},"thumbnailUrl":"https:\/\/exploremostar.ba\/wp-content\/uploads\/2026\/04\/unesco1.jpg","datePublished":"2026-04-29T07:48:33+00:00","dateModified":"2026-04-29T07:58:44+00:00","author":{"@id":"https:\/\/exploremostar.ba\/#\/schema\/person\/ba658e145ceeda3815df65d8fb9915c7"},"breadcrumb":{"@id":"https:\/\/exploremostar.ba\/mostar-domacin-medjunarodne-unesco-konferencije\/#breadcrumb"},"inLanguage":"en-US","potentialAction":[{"@type":"ReadAction","target":["https:\/\/exploremostar.ba\/mostar-domacin-medjunarodne-unesco-konferencije\/"]}]},{"@type":"ImageObject","inLanguage":"en-US","@id":"https:\/\/exploremostar.ba\/mostar-domacin-medjunarodne-unesco-konferencije\/#primaryimage","url":"https:\/\/exploremostar.ba\/wp-content\/uploads\/2026\/04\/unesco1.jpg","contentUrl":"https:\/\/exploremostar.ba\/wp-content\/uploads\/2026\/04\/unesco1.jpg","width":2048,"height":1365},{"@type":"BreadcrumbList","@id":"https:\/\/exploremostar.ba\/mostar-domacin-medjunarodne-unesco-konferencije\/#breadcrumb","itemListElement":[{"@type":"ListItem","position":1,"name":"Home","item":"https:\/\/exploremostar.ba\/"},{"@type":"ListItem","position":2,"name":"Mostar doma\u0107in me\u0111unarodne UNESCO konferencije"}]},{"@type":"WebSite","@id":"https:\/\/exploremostar.ba\/#website","url":"https:\/\/exploremostar.ba\/","name":"exploremostar","description":"Where bridges tell stories","potentialAction":[{"@type":"SearchAction","target":{"@type":"EntryPoint","urlTemplate":"https:\/\/exploremostar.ba\/?s={search_term_string}"},"query-input":{"@type":"PropertyValueSpecification","valueRequired":true,"valueName":"search_term_string"}}],"inLanguage":"en-US"},{"@type":"Person","@id":"https:\/\/exploremostar.ba\/#\/schema\/person\/ba658e145ceeda3815df65d8fb9915c7","name":"Dino Jekic","image":{"@type":"ImageObject","inLanguage":"en-US","@id":"https:\/\/exploremostar.ba\/#\/schema\/person\/image\/","url":"https:\/\/secure.gravatar.com\/avatar\/069d3f51f3e6bcef26bc4581da3ae12333ce97dcefaf5b817593df50933bfefb?s=96&d=https%3A%2F%2Fui-avatars.com%2Fapi%2FDino%20JekicDino%2F96%2F546de5%2Ffff%2F1%2F0.4%2F%2F1%2F1&r=g","contentUrl":"https:\/\/secure.gravatar.com\/avatar\/069d3f51f3e6bcef26bc4581da3ae12333ce97dcefaf5b817593df50933bfefb?s=96&d=https%3A%2F%2Fui-avatars.com%2Fapi%2FDino%20JekicDino%2F96%2F546de5%2Ffff%2F1%2F0.4%2F%2F1%2F1&r=g","caption":"Dino Jekic"},"url":"https:\/\/exploremostar.ba\/en\/author\/dino\/"}]}},"rttpg_featured_image_url":{"full":["https:\/\/exploremostar.ba\/wp-content\/uploads\/2026\/04\/unesco1.jpg",2048,1365,false],"landscape":["https:\/\/exploremostar.ba\/wp-content\/uploads\/2026\/04\/unesco1.jpg",2048,1365,false],"portraits":["https:\/\/exploremostar.ba\/wp-content\/uploads\/2026\/04\/unesco1.jpg",2048,1365,false],"thumbnail":["https:\/\/exploremostar.ba\/wp-content\/uploads\/2026\/04\/unesco1-150x150.jpg",150,150,true],"medium":["https:\/\/exploremostar.ba\/wp-content\/uploads\/2026\/04\/unesco1-300x200.jpg",300,200,true],"large":["https:\/\/exploremostar.ba\/wp-content\/uploads\/2026\/04\/unesco1-1024x683.jpg",1024,683,true],"1536x1536":["https:\/\/exploremostar.ba\/wp-content\/uploads\/2026\/04\/unesco1-1536x1024.jpg",1536,1024,true],"2048x2048":["https:\/\/exploremostar.ba\/wp-content\/uploads\/2026\/04\/unesco1.jpg",2048,1365,false],"trp-custom-language-flag":["https:\/\/exploremostar.ba\/wp-content\/uploads\/2026\/04\/unesco1-18x12.jpg",18,12,true],"woocommerce_thumbnail":["https:\/\/exploremostar.ba\/wp-content\/uploads\/2026\/04\/unesco1-300x300.jpg",300,300,true],"woocommerce_single":["https:\/\/exploremostar.ba\/wp-content\/uploads\/2026\/04\/unesco1-600x400.jpg",600,400,true],"woocommerce_gallery_thumbnail":["https:\/\/exploremostar.ba\/wp-content\/uploads\/2026\/04\/unesco1-100x100.jpg",100,100,true],"rt_custom":["https:\/\/exploremostar.ba\/wp-content\/uploads\/2026\/04\/unesco1.jpg",2048,1365,false]},"rttpg_author":{"display_name":"Dino Jekic","author_link":"https:\/\/exploremostar.ba\/en\/author\/dino\/"},"rttpg_comment":0,"rttpg_category":"<a href=\"https:\/\/exploremostar.ba\/en\/post-category\/financiranje-i-podrska-turizmu\/\" rel=\"category tag\">Financiranje i podr\u0161ka turizmu<\/a>","rttpg_excerpt":"U Mostaru je 27. i 28. travnja 2026. godine uspje\u0161no odr\u017eana me\u0111unarodna konferencija pod nazivom \u201eUNESCO Creative and World Heritage Cities: Towards Integrated Strategies for Sustainable Cultural Tourism Management\u201c, u organizaciji UNESCO-a, Grada Mostara i Turisti\u010dke zajednice Grada Mostara, uz financijsku potporu Europske unija. Konferencija je odr\u017eana u hotelu Mepas i okupila je brojne doma\u0107e&hellip;","acf":[],"_links":{"self":[{"href":"https:\/\/exploremostar.ba\/en\/wp-json\/wp\/v2\/posts\/5613","targetHints":{"allow":["GET"]}}],"collection":[{"href":"https:\/\/exploremostar.ba\/en\/wp-json\/wp\/v2\/posts"}],"about":[{"href":"https:\/\/exploremostar.ba\/en\/wp-json\/wp\/v2\/types\/post"}],"author":[{"embeddable":true,"href":"https:\/\/exploremostar.ba\/en\/wp-json\/wp\/v2\/users\/11"}],"replies":[{"embeddable":true,"href":"https:\/\/exploremostar.ba\/en\/wp-json\/wp\/v2\/comments?post=5613"}],"version-history":[{"count":2,"href":"https:\/\/exploremostar.ba\/en\/wp-json\/wp\/v2\/posts\/5613\/revisions"}],"predecessor-version":[{"id":5625,"href":"https:\/\/exploremostar.ba\/en\/wp-json\/wp\/v2\/posts\/5613\/revisions\/5625"}],"wp:featuredmedia":[{"embeddable":true,"href":"https:\/\/exploremostar.ba\/en\/wp-json\/wp\/v2\/media\/5618"}],"wp:attachment":[{"href":"https:\/\/exploremostar.ba\/en\/wp-json\/wp\/v2\/media?parent=5613"}],"wp:term":[{"taxonomy":"category","embeddable":true,"href":"https:\/\/exploremostar.ba\/en\/wp-json\/wp\/v2\/categories?post=5613"},{"taxonomy":"post_tag","embeddable":true,"href":"https:\/\/exploremostar.ba\/en\/wp-json\/wp\/v2\/tags?post=5613"}],"curies":[{"name":"wp","href":"https:\/\/api.w.org\/{rel}","templated":true}]}}