{"id":5521,"date":"2026-02-09T14:58:21","date_gmt":"2026-02-09T13:58:21","guid":{"rendered":"https:\/\/exploremostar.ba\/?p=5521"},"modified":"2026-02-10T00:26:39","modified_gmt":"2026-02-09T23:26:39","slug":"promocija-mostara-u-istanbulu","status":"publish","type":"post","link":"https:\/\/exploremostar.ba\/en\/promocija-mostara-u-istanbulu\/","title":{"rendered":"Promotion of Mostar in Istanbul"},"content":{"rendered":"<p>The Tourist Board of the City of Mostar, in cooperation with the Tourist Board of the Sarajevo Canton, participated in this year&#039;s EMITT (East Mediterranean International Tourism and Travel Exhibition) fair in Istanbul.<\/p>\n<p>The fair took place from February 5 to 7, 2026, and brought together tour operators from the UK, Germany, Italy, France, the USA and other countries.<\/p>\n<p>The fair was an opportunity to present the rich and diverse tourist offer of Mostar, so that Turkish tourists, who otherwise belong to a very significant group of visitors and achieve a large number of overnight stays, would be informed about content that had not been presented to them so far.<\/p>\n<p>It is particularly important to highlight the meeting held with TUROB (Hotel Association of Turkey), at which the President of the Association, Mrs. Muberra Eresin, and representatives of TZ GM discussed further intensive forms of cooperation, and support for the introduction of Istanbul-Mostar-Istanbul flights.<\/p>\n<p>A meeting was also held with the TGA (National Tourism Board), which has more than 70,000 members, tour operators. At the meeting, it was agreed to hold a B2B meeting at the TGA premises in Istanbul this year. The meetings would also be covered by TGA Television.<\/p>\n<p><img fetchpriority=\"high\" decoding=\"async\" class=\"alignnone size-medium wp-image-5523\" src=\"https:\/\/exploremostar.ba\/wp-content\/uploads\/2026\/02\/Sajam-Istanbul1-1-300x254.jpg\" alt=\"\" width=\"300\" height=\"254\" srcset=\"https:\/\/exploremostar.ba\/wp-content\/uploads\/2026\/02\/Sajam-Istanbul1-1-300x254.jpg 300w, https:\/\/exploremostar.ba\/wp-content\/uploads\/2026\/02\/Sajam-Istanbul1-1-1024x867.jpg 1024w, https:\/\/exploremostar.ba\/wp-content\/uploads\/2026\/02\/Sajam-Istanbul1-1-768x650.jpg 768w, https:\/\/exploremostar.ba\/wp-content\/uploads\/2026\/02\/Sajam-Istanbul1-1-14x12.jpg 14w, https:\/\/exploremostar.ba\/wp-content\/uploads\/2026\/02\/Sajam-Istanbul1-1-600x508.jpg 600w, https:\/\/exploremostar.ba\/wp-content\/uploads\/2026\/02\/Sajam-Istanbul1-1.jpg 1200w\" sizes=\"(max-width: 300px) 100vw, 300px\" \/> <img decoding=\"async\" class=\"alignnone size-medium wp-image-5524\" src=\"https:\/\/exploremostar.ba\/wp-content\/uploads\/2026\/02\/Sajam-Istanbul2-300x214.jpg\" alt=\"\" width=\"300\" height=\"214\" srcset=\"https:\/\/exploremostar.ba\/wp-content\/uploads\/2026\/02\/Sajam-Istanbul2-300x214.jpg 300w, https:\/\/exploremostar.ba\/wp-content\/uploads\/2026\/02\/Sajam-Istanbul2-1024x729.jpg 1024w, https:\/\/exploremostar.ba\/wp-content\/uploads\/2026\/02\/Sajam-Istanbul2-768x547.jpg 768w, https:\/\/exploremostar.ba\/wp-content\/uploads\/2026\/02\/Sajam-Istanbul2-18x12.jpg 18w, https:\/\/exploremostar.ba\/wp-content\/uploads\/2026\/02\/Sajam-Istanbul2-600x427.jpg 600w, https:\/\/exploremostar.ba\/wp-content\/uploads\/2026\/02\/Sajam-Istanbul2.jpg 1098w\" sizes=\"(max-width: 300px) 100vw, 300px\" \/> <img decoding=\"async\" class=\"alignnone size-medium wp-image-5525\" src=\"https:\/\/exploremostar.ba\/wp-content\/uploads\/2026\/02\/sajam-Istanbul3-300x196.jpg\" alt=\"\" width=\"300\" height=\"196\" srcset=\"https:\/\/exploremostar.ba\/wp-content\/uploads\/2026\/02\/sajam-Istanbul3-300x196.jpg 300w, https:\/\/exploremostar.ba\/wp-content\/uploads\/2026\/02\/sajam-Istanbul3-1024x667.jpg 1024w, https:\/\/exploremostar.ba\/wp-content\/uploads\/2026\/02\/sajam-Istanbul3-768x500.jpg 768w, https:\/\/exploremostar.ba\/wp-content\/uploads\/2026\/02\/sajam-Istanbul3-18x12.jpg 18w, https:\/\/exploremostar.ba\/wp-content\/uploads\/2026\/02\/sajam-Istanbul3-600x391.jpg 600w, https:\/\/exploremostar.ba\/wp-content\/uploads\/2026\/02\/sajam-Istanbul3.jpg 1200w\" sizes=\"(max-width: 300px) 100vw, 300px\" \/><\/p>","protected":false},"excerpt":{"rendered":"<p>The Tourist Board of the City of Mostar, in cooperation with the Tourist Board of the Sarajevo Canton, participated in this year&#039;s EMITT (East Mediterranean International Tourism and Travel Exhibition) fair in Istanbul. The fair took place from 5 to 7 February 2026, and brought together tour operators from the UK, Germany, Italy, France, the USA and other countries. The fair was an opportunity [\u2026]<\/p>","protected":false},"author":11,"featured_media":5522,"comment_status":"closed","ping_status":"open","sticky":false,"template":"","format":"standard","meta":{"footnotes":""},"categories":[100],"tags":[135],"class_list":["post-5521","post","type-post","status-publish","format-standard","has-post-thumbnail","hentry","category-pozitivne-price","tag-announcements"],"yoast_head":"<!-- This site is optimized with the Yoast SEO plugin v25.1 - https:\/\/yoast.com\/wordpress\/plugins\/seo\/ -->\n<title>Promocija Mostara u Istanbulu - exploremostar<\/title>\n<meta name=\"robots\" content=\"index, follow, max-snippet:-1, max-image-preview:large, max-video-preview:-1\" \/>\n<link rel=\"canonical\" href=\"https:\/\/exploremostar.ba\/en\/promocija-mostara-u-istanbulu\/\" \/>\n<meta property=\"og:locale\" content=\"en_US\" \/>\n<meta property=\"og:type\" content=\"article\" \/>\n<meta property=\"og:title\" content=\"Promocija Mostara u Istanbulu - exploremostar\" \/>\n<meta property=\"og:description\" content=\"Turisti\u010dka zajednica Grada Mostara je u saradnji sa Turisti\u010dkom zajednicom Kantona Sarajevo nastupila na ovogodi\u0161njem sajmu EMITT (East Meditarranean International Tourism and Travel Exhibition) u Istanbulu. Sajam se odr\u017eao u periodu od 5. do 7. februara 2026. godine, a okupio je turoperatere iz UK, Njema\u010dke, Italije, Francuske, SAD i drugih zemalja. Sajam je bio prilika [&hellip;]\" \/>\n<meta property=\"og:url\" content=\"https:\/\/exploremostar.ba\/en\/promocija-mostara-u-istanbulu\/\" \/>\n<meta property=\"og:site_name\" content=\"exploremostar\" \/>\n<meta property=\"article:published_time\" content=\"2026-02-09T13:58:21+00:00\" \/>\n<meta property=\"article:modified_time\" content=\"2026-02-09T23:26:39+00:00\" \/>\n<meta property=\"og:image\" content=\"https:\/\/exploremostar.ba\/wp-content\/uploads\/2026\/02\/Sajam-Istanbul1.jpg\" \/>\n\t<meta property=\"og:image:width\" content=\"1200\" \/>\n\t<meta property=\"og:image:height\" content=\"1016\" \/>\n\t<meta property=\"og:image:type\" content=\"image\/jpeg\" \/>\n<meta name=\"author\" content=\"Dino Jekic\" \/>\n<meta name=\"twitter:card\" content=\"summary_large_image\" \/>\n<meta name=\"twitter:label1\" content=\"Written by\" \/>\n\t<meta name=\"twitter:data1\" content=\"Dino Jekic\" \/>\n\t<meta name=\"twitter:label2\" content=\"Est. reading time\" \/>\n\t<meta name=\"twitter:data2\" content=\"2 minutes\" \/>\n<script type=\"application\/ld+json\" class=\"yoast-schema-graph\">{\"@context\":\"https:\/\/schema.org\",\"@graph\":[{\"@type\":\"WebPage\",\"@id\":\"https:\/\/exploremostar.ba\/promocija-mostara-u-istanbulu\/\",\"url\":\"https:\/\/exploremostar.ba\/promocija-mostara-u-istanbulu\/\",\"name\":\"Promocija Mostara u Istanbulu - exploremostar\",\"isPartOf\":{\"@id\":\"https:\/\/exploremostar.ba\/#website\"},\"primaryImageOfPage\":{\"@id\":\"https:\/\/exploremostar.ba\/promocija-mostara-u-istanbulu\/#primaryimage\"},\"image\":{\"@id\":\"https:\/\/exploremostar.ba\/promocija-mostara-u-istanbulu\/#primaryimage\"},\"thumbnailUrl\":\"https:\/\/exploremostar.ba\/wp-content\/uploads\/2026\/02\/Sajam-Istanbul1.jpg\",\"datePublished\":\"2026-02-09T13:58:21+00:00\",\"dateModified\":\"2026-02-09T23:26:39+00:00\",\"author\":{\"@id\":\"https:\/\/exploremostar.ba\/#\/schema\/person\/ba658e145ceeda3815df65d8fb9915c7\"},\"breadcrumb\":{\"@id\":\"https:\/\/exploremostar.ba\/promocija-mostara-u-istanbulu\/#breadcrumb\"},\"inLanguage\":\"en-US\",\"potentialAction\":[{\"@type\":\"ReadAction\",\"target\":[\"https:\/\/exploremostar.ba\/promocija-mostara-u-istanbulu\/\"]}]},{\"@type\":\"ImageObject\",\"inLanguage\":\"en-US\",\"@id\":\"https:\/\/exploremostar.ba\/promocija-mostara-u-istanbulu\/#primaryimage\",\"url\":\"https:\/\/exploremostar.ba\/wp-content\/uploads\/2026\/02\/Sajam-Istanbul1.jpg\",\"contentUrl\":\"https:\/\/exploremostar.ba\/wp-content\/uploads\/2026\/02\/Sajam-Istanbul1.jpg\",\"width\":1200,\"height\":1016},{\"@type\":\"BreadcrumbList\",\"@id\":\"https:\/\/exploremostar.ba\/promocija-mostara-u-istanbulu\/#breadcrumb\",\"itemListElement\":[{\"@type\":\"ListItem\",\"position\":1,\"name\":\"Home\",\"item\":\"https:\/\/exploremostar.ba\/\"},{\"@type\":\"ListItem\",\"position\":2,\"name\":\"Promocija Mostara u Istanbulu\"}]},{\"@type\":\"WebSite\",\"@id\":\"https:\/\/exploremostar.ba\/#website\",\"url\":\"https:\/\/exploremostar.ba\/\",\"name\":\"exploremostar\",\"description\":\"Where bridges tell stories\",\"potentialAction\":[{\"@type\":\"SearchAction\",\"target\":{\"@type\":\"EntryPoint\",\"urlTemplate\":\"https:\/\/exploremostar.ba\/?s={search_term_string}\"},\"query-input\":{\"@type\":\"PropertyValueSpecification\",\"valueRequired\":true,\"valueName\":\"search_term_string\"}}],\"inLanguage\":\"en-US\"},{\"@type\":\"Person\",\"@id\":\"https:\/\/exploremostar.ba\/#\/schema\/person\/ba658e145ceeda3815df65d8fb9915c7\",\"name\":\"Dino Jekic\",\"image\":{\"@type\":\"ImageObject\",\"inLanguage\":\"en-US\",\"@id\":\"https:\/\/exploremostar.ba\/#\/schema\/person\/image\/\",\"url\":\"https:\/\/secure.gravatar.com\/avatar\/069d3f51f3e6bcef26bc4581da3ae12333ce97dcefaf5b817593df50933bfefb?s=96&d=https%3A%2F%2Fui-avatars.com%2Fapi%2FDino%20JekicDino%2F96%2F546de5%2Ffff%2F1%2F0.4%2F%2F1%2F1&r=g\",\"contentUrl\":\"https:\/\/secure.gravatar.com\/avatar\/069d3f51f3e6bcef26bc4581da3ae12333ce97dcefaf5b817593df50933bfefb?s=96&d=https%3A%2F%2Fui-avatars.com%2Fapi%2FDino%20JekicDino%2F96%2F546de5%2Ffff%2F1%2F0.4%2F%2F1%2F1&r=g\",\"caption\":\"Dino Jekic\"},\"url\":\"https:\/\/exploremostar.ba\/en\/author\/dino\/\"}]}<\/script>\n<!-- \/ Yoast SEO plugin. -->","yoast_head_json":{"title":"Promocija Mostara u Istanbulu - exploremostar","robots":{"index":"index","follow":"follow","max-snippet":"max-snippet:-1","max-image-preview":"max-image-preview:large","max-video-preview":"max-video-preview:-1"},"canonical":"https:\/\/exploremostar.ba\/en\/promocija-mostara-u-istanbulu\/","og_locale":"en_US","og_type":"article","og_title":"Promocija Mostara u Istanbulu - exploremostar","og_description":"Turisti\u010dka zajednica Grada Mostara je u saradnji sa Turisti\u010dkom zajednicom Kantona Sarajevo nastupila na ovogodi\u0161njem sajmu EMITT (East Meditarranean International Tourism and Travel Exhibition) u Istanbulu. Sajam se odr\u017eao u periodu od 5. do 7. februara 2026. godine, a okupio je turoperatere iz UK, Njema\u010dke, Italije, Francuske, SAD i drugih zemalja. Sajam je bio prilika [&hellip;]","og_url":"https:\/\/exploremostar.ba\/en\/promocija-mostara-u-istanbulu\/","og_site_name":"exploremostar","article_published_time":"2026-02-09T13:58:21+00:00","article_modified_time":"2026-02-09T23:26:39+00:00","og_image":[{"width":1200,"height":1016,"url":"https:\/\/exploremostar.ba\/wp-content\/uploads\/2026\/02\/Sajam-Istanbul1.jpg","type":"image\/jpeg"}],"author":"Dino Jekic","twitter_card":"summary_large_image","twitter_misc":{"Written by":"Dino Jekic","Est. reading time":"2 minutes"},"schema":{"@context":"https:\/\/schema.org","@graph":[{"@type":"WebPage","@id":"https:\/\/exploremostar.ba\/promocija-mostara-u-istanbulu\/","url":"https:\/\/exploremostar.ba\/promocija-mostara-u-istanbulu\/","name":"Promocija Mostara u Istanbulu - exploremostar","isPartOf":{"@id":"https:\/\/exploremostar.ba\/#website"},"primaryImageOfPage":{"@id":"https:\/\/exploremostar.ba\/promocija-mostara-u-istanbulu\/#primaryimage"},"image":{"@id":"https:\/\/exploremostar.ba\/promocija-mostara-u-istanbulu\/#primaryimage"},"thumbnailUrl":"https:\/\/exploremostar.ba\/wp-content\/uploads\/2026\/02\/Sajam-Istanbul1.jpg","datePublished":"2026-02-09T13:58:21+00:00","dateModified":"2026-02-09T23:26:39+00:00","author":{"@id":"https:\/\/exploremostar.ba\/#\/schema\/person\/ba658e145ceeda3815df65d8fb9915c7"},"breadcrumb":{"@id":"https:\/\/exploremostar.ba\/promocija-mostara-u-istanbulu\/#breadcrumb"},"inLanguage":"en-US","potentialAction":[{"@type":"ReadAction","target":["https:\/\/exploremostar.ba\/promocija-mostara-u-istanbulu\/"]}]},{"@type":"ImageObject","inLanguage":"en-US","@id":"https:\/\/exploremostar.ba\/promocija-mostara-u-istanbulu\/#primaryimage","url":"https:\/\/exploremostar.ba\/wp-content\/uploads\/2026\/02\/Sajam-Istanbul1.jpg","contentUrl":"https:\/\/exploremostar.ba\/wp-content\/uploads\/2026\/02\/Sajam-Istanbul1.jpg","width":1200,"height":1016},{"@type":"BreadcrumbList","@id":"https:\/\/exploremostar.ba\/promocija-mostara-u-istanbulu\/#breadcrumb","itemListElement":[{"@type":"ListItem","position":1,"name":"Home","item":"https:\/\/exploremostar.ba\/"},{"@type":"ListItem","position":2,"name":"Promocija Mostara u Istanbulu"}]},{"@type":"WebSite","@id":"https:\/\/exploremostar.ba\/#website","url":"https:\/\/exploremostar.ba\/","name":"exploremostar","description":"Where bridges tell stories","potentialAction":[{"@type":"SearchAction","target":{"@type":"EntryPoint","urlTemplate":"https:\/\/exploremostar.ba\/?s={search_term_string}"},"query-input":{"@type":"PropertyValueSpecification","valueRequired":true,"valueName":"search_term_string"}}],"inLanguage":"en-US"},{"@type":"Person","@id":"https:\/\/exploremostar.ba\/#\/schema\/person\/ba658e145ceeda3815df65d8fb9915c7","name":"Dino Jekic","image":{"@type":"ImageObject","inLanguage":"en-US","@id":"https:\/\/exploremostar.ba\/#\/schema\/person\/image\/","url":"https:\/\/secure.gravatar.com\/avatar\/069d3f51f3e6bcef26bc4581da3ae12333ce97dcefaf5b817593df50933bfefb?s=96&d=https%3A%2F%2Fui-avatars.com%2Fapi%2FDino%20JekicDino%2F96%2F546de5%2Ffff%2F1%2F0.4%2F%2F1%2F1&r=g","contentUrl":"https:\/\/secure.gravatar.com\/avatar\/069d3f51f3e6bcef26bc4581da3ae12333ce97dcefaf5b817593df50933bfefb?s=96&d=https%3A%2F%2Fui-avatars.com%2Fapi%2FDino%20JekicDino%2F96%2F546de5%2Ffff%2F1%2F0.4%2F%2F1%2F1&r=g","caption":"Dino Jekic"},"url":"https:\/\/exploremostar.ba\/en\/author\/dino\/"}]}},"rttpg_featured_image_url":{"full":["https:\/\/exploremostar.ba\/wp-content\/uploads\/2026\/02\/Sajam-Istanbul1.jpg",1200,1016,false],"landscape":["https:\/\/exploremostar.ba\/wp-content\/uploads\/2026\/02\/Sajam-Istanbul1.jpg",1200,1016,false],"portraits":["https:\/\/exploremostar.ba\/wp-content\/uploads\/2026\/02\/Sajam-Istanbul1.jpg",1200,1016,false],"thumbnail":["https:\/\/exploremostar.ba\/wp-content\/uploads\/2026\/02\/Sajam-Istanbul1-150x150.jpg",150,150,true],"medium":["https:\/\/exploremostar.ba\/wp-content\/uploads\/2026\/02\/Sajam-Istanbul1-300x254.jpg",300,254,true],"large":["https:\/\/exploremostar.ba\/wp-content\/uploads\/2026\/02\/Sajam-Istanbul1-1024x867.jpg",1024,867,true],"1536x1536":["https:\/\/exploremostar.ba\/wp-content\/uploads\/2026\/02\/Sajam-Istanbul1.jpg",1200,1016,false],"2048x2048":["https:\/\/exploremostar.ba\/wp-content\/uploads\/2026\/02\/Sajam-Istanbul1.jpg",1200,1016,false],"trp-custom-language-flag":["https:\/\/exploremostar.ba\/wp-content\/uploads\/2026\/02\/Sajam-Istanbul1-14x12.jpg",14,12,true],"woocommerce_thumbnail":["https:\/\/exploremostar.ba\/wp-content\/uploads\/2026\/02\/Sajam-Istanbul1-300x300.jpg",300,300,true],"woocommerce_single":["https:\/\/exploremostar.ba\/wp-content\/uploads\/2026\/02\/Sajam-Istanbul1-600x508.jpg",600,508,true],"woocommerce_gallery_thumbnail":["https:\/\/exploremostar.ba\/wp-content\/uploads\/2026\/02\/Sajam-Istanbul1-100x100.jpg",100,100,true],"rt_custom":["https:\/\/exploremostar.ba\/wp-content\/uploads\/2026\/02\/Sajam-Istanbul1.jpg",1200,1016,false]},"rttpg_author":{"display_name":"Dino Jekic","author_link":"https:\/\/exploremostar.ba\/en\/author\/dino\/"},"rttpg_comment":0,"rttpg_category":"<a href=\"https:\/\/exploremostar.ba\/en\/post-category\/pozitivne-price\/\" rel=\"category tag\">Pozitivne pri\u010de<\/a>","rttpg_excerpt":"Turisti\u010dka zajednica Grada Mostara je u saradnji sa Turisti\u010dkom zajednicom Kantona Sarajevo nastupila na ovogodi\u0161njem sajmu EMITT (East Meditarranean International Tourism and Travel Exhibition) u Istanbulu. Sajam se odr\u017eao u periodu od 5. do 7. februara 2026. godine, a okupio je turoperatere iz UK, Njema\u010dke, Italije, Francuske, SAD i drugih zemalja. Sajam je bio prilika&hellip;","acf":[],"_links":{"self":[{"href":"https:\/\/exploremostar.ba\/en\/wp-json\/wp\/v2\/posts\/5521","targetHints":{"allow":["GET"]}}],"collection":[{"href":"https:\/\/exploremostar.ba\/en\/wp-json\/wp\/v2\/posts"}],"about":[{"href":"https:\/\/exploremostar.ba\/en\/wp-json\/wp\/v2\/types\/post"}],"author":[{"embeddable":true,"href":"https:\/\/exploremostar.ba\/en\/wp-json\/wp\/v2\/users\/11"}],"replies":[{"embeddable":true,"href":"https:\/\/exploremostar.ba\/en\/wp-json\/wp\/v2\/comments?post=5521"}],"version-history":[{"count":1,"href":"https:\/\/exploremostar.ba\/en\/wp-json\/wp\/v2\/posts\/5521\/revisions"}],"predecessor-version":[{"id":5526,"href":"https:\/\/exploremostar.ba\/en\/wp-json\/wp\/v2\/posts\/5521\/revisions\/5526"}],"wp:featuredmedia":[{"embeddable":true,"href":"https:\/\/exploremostar.ba\/en\/wp-json\/wp\/v2\/media\/5522"}],"wp:attachment":[{"href":"https:\/\/exploremostar.ba\/en\/wp-json\/wp\/v2\/media?parent=5521"}],"wp:term":[{"taxonomy":"category","embeddable":true,"href":"https:\/\/exploremostar.ba\/en\/wp-json\/wp\/v2\/categories?post=5521"},{"taxonomy":"post_tag","embeddable":true,"href":"https:\/\/exploremostar.ba\/en\/wp-json\/wp\/v2\/tags?post=5521"}],"curies":[{"name":"wp","href":"https:\/\/api.w.org\/{rel}","templated":true}]}}