{"id":5504,"date":"2026-01-16T09:47:41","date_gmt":"2026-01-16T08:47:41","guid":{"rendered":"https:\/\/exploremostar.ba\/?p=5504"},"modified":"2026-01-16T09:47:41","modified_gmt":"2026-01-16T08:47:41","slug":"turisticka-zajednica-grada-mostara-i-hnz-na-najvecem-austrijskom-sajmu-turizma","status":"publish","type":"post","link":"https:\/\/exploremostar.ba\/en\/turisticka-zajednica-grada-mostara-i-hnz-na-najvecem-austrijskom-sajmu-turizma\/","title":{"rendered":"The Tourist Board of the City of Mostar and HN\u017d at the largest Austrian tourism fair"},"content":{"rendered":"<p data-start=\"42\" data-end=\"468\">The Tourist Board of the City of Mostar presents itself at the largest Austrian tourism fair - <span class=\"hover:entity-accent entity-underline inline cursor-pointer align-baseline\"><span class=\"whitespace-normal\">Holiday Fair Vienna 2026<\/span><\/span>, which takes place from January 15 to 18, 2026 in the exhibition center <span class=\"hover:entity-accent entity-underline inline cursor-pointer align-baseline\"><span class=\"whitespace-normal\">Vienna Fair<\/span><\/span>. At the Mostar Fair, he is participating together with the Tourist Board of the Herzegovina-Neretva County\/Canton, with the aim of stronger promotion of the city and the region on one of the most important broadcast markets.<\/p>\n<p data-start=\"470\" data-end=\"709\">For years, the Austrian market has played a key role in the overall tourist traffic of Mostar, and participation in Ferien-Messe Wien 2026 is an additional opportunity to strengthen the recognition of the city as an attractive, authentic and easily accessible destination.<\/p>\n<p data-start=\"711\" data-end=\"1080\">This year&#039;s focus of the fair is on sustainable travel and personalized tourist tours, which stand out as leading trends in 2026. It is Mostar, with its unique cultural and historical heritage, natural environment and strong local identity, that responds to these trends and increasingly attracts guests who are looking for authentic and sustainable tourist experiences.<\/p>\n<p data-start=\"1082\" data-end=\"1313\">The appearance of the Tourist Board of the City of Mostar at this fair confirms its continuous investment in international promotion, development of quality tourist offer and positioning of Mostar as an unavoidable destination on the tourist map of Europe.<\/p>","protected":false},"excerpt":{"rendered":"<p>The Tourist Board of the City of Mostar is presenting itself at the largest Austrian tourism fair - Ferien-Messe Wien 2026, which will be held from January 15 to 18, 2026 in the Messe Wien exhibition center. At the Mostar Fair, he is participating together with the Tourist Board of the Herzegovina-Neretva County\/Canton, with the aim of stronger promotion of the city and the region on one of the most important broadcast markets. The Austrian market [...]<\/p>","protected":false},"author":11,"featured_media":5505,"comment_status":"closed","ping_status":"open","sticky":false,"template":"","format":"standard","meta":{"footnotes":""},"categories":[100],"tags":[],"class_list":["post-5504","post","type-post","status-publish","format-standard","has-post-thumbnail","hentry","category-pozitivne-price"],"yoast_head":"<!-- This site is optimized with the Yoast SEO plugin v25.1 - https:\/\/yoast.com\/wordpress\/plugins\/seo\/ -->\n<title>Turisti\u010dka zajednica Grada Mostara i HN\u017d na najve\u0107em austrijskom sajmu turizma - exploremostar<\/title>\n<meta name=\"robots\" content=\"index, follow, max-snippet:-1, max-image-preview:large, max-video-preview:-1\" \/>\n<link rel=\"canonical\" href=\"https:\/\/exploremostar.ba\/en\/turisticka-zajednica-grada-mostara-i-hnz-na-najvecem-austrijskom-sajmu-turizma\/\" \/>\n<meta property=\"og:locale\" content=\"en_US\" \/>\n<meta property=\"og:type\" content=\"article\" \/>\n<meta property=\"og:title\" content=\"Turisti\u010dka zajednica Grada Mostara i HN\u017d na najve\u0107em austrijskom sajmu turizma - exploremostar\" \/>\n<meta property=\"og:description\" content=\"Turisti\u010dka zajednica Grada Mostara predstavlja se na najve\u0107em austrijskom sajmu turizma \u2013 Ferien-Messe Wien 2026, koji se odr\u017eava od 15. do 18. sije\u010dnja 2026. godine u izlo\u017ebenom centru Messe Wien. Na sajmu Mostar nastupa zajedno s Turisti\u010dkom zajednicom Hercegova\u010dko-neretvanske \u017eupanije\/kantona, s ciljem sna\u017enije promocije grada i regije na jednom od najva\u017enijih emitivnih tr\u017ei\u0161ta. Austrijsko tr\u017ei\u0161te [&hellip;]\" \/>\n<meta property=\"og:url\" content=\"https:\/\/exploremostar.ba\/en\/turisticka-zajednica-grada-mostara-i-hnz-na-najvecem-austrijskom-sajmu-turizma\/\" \/>\n<meta property=\"og:site_name\" content=\"exploremostar\" \/>\n<meta property=\"article:published_time\" content=\"2026-01-16T08:47:41+00:00\" \/>\n<meta property=\"og:image\" content=\"https:\/\/exploremostar.ba\/wp-content\/uploads\/2026\/01\/616355641_1326344119540212_376297633671255367_n.jpeg\" \/>\n\t<meta property=\"og:image:width\" content=\"1024\" \/>\n\t<meta property=\"og:image:height\" content=\"683\" \/>\n\t<meta property=\"og:image:type\" content=\"image\/jpeg\" \/>\n<meta name=\"author\" content=\"Dino Jekic\" \/>\n<meta name=\"twitter:card\" content=\"summary_large_image\" \/>\n<meta name=\"twitter:label1\" content=\"Written by\" \/>\n\t<meta name=\"twitter:data1\" content=\"Dino Jekic\" \/>\n\t<meta name=\"twitter:label2\" content=\"Est. reading time\" \/>\n\t<meta name=\"twitter:data2\" content=\"1 minute\" \/>\n<script type=\"application\/ld+json\" class=\"yoast-schema-graph\">{\"@context\":\"https:\/\/schema.org\",\"@graph\":[{\"@type\":\"WebPage\",\"@id\":\"https:\/\/exploremostar.ba\/turisticka-zajednica-grada-mostara-i-hnz-na-najvecem-austrijskom-sajmu-turizma\/\",\"url\":\"https:\/\/exploremostar.ba\/turisticka-zajednica-grada-mostara-i-hnz-na-najvecem-austrijskom-sajmu-turizma\/\",\"name\":\"Turisti\u010dka zajednica Grada Mostara i HN\u017d na najve\u0107em austrijskom sajmu turizma - exploremostar\",\"isPartOf\":{\"@id\":\"https:\/\/exploremostar.ba\/#website\"},\"primaryImageOfPage\":{\"@id\":\"https:\/\/exploremostar.ba\/turisticka-zajednica-grada-mostara-i-hnz-na-najvecem-austrijskom-sajmu-turizma\/#primaryimage\"},\"image\":{\"@id\":\"https:\/\/exploremostar.ba\/turisticka-zajednica-grada-mostara-i-hnz-na-najvecem-austrijskom-sajmu-turizma\/#primaryimage\"},\"thumbnailUrl\":\"https:\/\/exploremostar.ba\/wp-content\/uploads\/2026\/01\/616355641_1326344119540212_376297633671255367_n.jpeg\",\"datePublished\":\"2026-01-16T08:47:41+00:00\",\"author\":{\"@id\":\"https:\/\/exploremostar.ba\/#\/schema\/person\/ba658e145ceeda3815df65d8fb9915c7\"},\"breadcrumb\":{\"@id\":\"https:\/\/exploremostar.ba\/turisticka-zajednica-grada-mostara-i-hnz-na-najvecem-austrijskom-sajmu-turizma\/#breadcrumb\"},\"inLanguage\":\"en-US\",\"potentialAction\":[{\"@type\":\"ReadAction\",\"target\":[\"https:\/\/exploremostar.ba\/turisticka-zajednica-grada-mostara-i-hnz-na-najvecem-austrijskom-sajmu-turizma\/\"]}]},{\"@type\":\"ImageObject\",\"inLanguage\":\"en-US\",\"@id\":\"https:\/\/exploremostar.ba\/turisticka-zajednica-grada-mostara-i-hnz-na-najvecem-austrijskom-sajmu-turizma\/#primaryimage\",\"url\":\"https:\/\/exploremostar.ba\/wp-content\/uploads\/2026\/01\/616355641_1326344119540212_376297633671255367_n.jpeg\",\"contentUrl\":\"https:\/\/exploremostar.ba\/wp-content\/uploads\/2026\/01\/616355641_1326344119540212_376297633671255367_n.jpeg\",\"width\":1024,\"height\":683},{\"@type\":\"BreadcrumbList\",\"@id\":\"https:\/\/exploremostar.ba\/turisticka-zajednica-grada-mostara-i-hnz-na-najvecem-austrijskom-sajmu-turizma\/#breadcrumb\",\"itemListElement\":[{\"@type\":\"ListItem\",\"position\":1,\"name\":\"Home\",\"item\":\"https:\/\/exploremostar.ba\/\"},{\"@type\":\"ListItem\",\"position\":2,\"name\":\"Turisti\u010dka zajednica Grada Mostara i HN\u017d na najve\u0107em austrijskom sajmu turizma\"}]},{\"@type\":\"WebSite\",\"@id\":\"https:\/\/exploremostar.ba\/#website\",\"url\":\"https:\/\/exploremostar.ba\/\",\"name\":\"exploremostar\",\"description\":\"Where bridges tell stories\",\"potentialAction\":[{\"@type\":\"SearchAction\",\"target\":{\"@type\":\"EntryPoint\",\"urlTemplate\":\"https:\/\/exploremostar.ba\/?s={search_term_string}\"},\"query-input\":{\"@type\":\"PropertyValueSpecification\",\"valueRequired\":true,\"valueName\":\"search_term_string\"}}],\"inLanguage\":\"en-US\"},{\"@type\":\"Person\",\"@id\":\"https:\/\/exploremostar.ba\/#\/schema\/person\/ba658e145ceeda3815df65d8fb9915c7\",\"name\":\"Dino Jekic\",\"image\":{\"@type\":\"ImageObject\",\"inLanguage\":\"en-US\",\"@id\":\"https:\/\/exploremostar.ba\/#\/schema\/person\/image\/\",\"url\":\"https:\/\/secure.gravatar.com\/avatar\/069d3f51f3e6bcef26bc4581da3ae12333ce97dcefaf5b817593df50933bfefb?s=96&d=https%3A%2F%2Fui-avatars.com%2Fapi%2FDino%20JekicDino%2F96%2F546de5%2Ffff%2F1%2F0.4%2F%2F1%2F1&r=g\",\"contentUrl\":\"https:\/\/secure.gravatar.com\/avatar\/069d3f51f3e6bcef26bc4581da3ae12333ce97dcefaf5b817593df50933bfefb?s=96&d=https%3A%2F%2Fui-avatars.com%2Fapi%2FDino%20JekicDino%2F96%2F546de5%2Ffff%2F1%2F0.4%2F%2F1%2F1&r=g\",\"caption\":\"Dino Jekic\"},\"url\":\"https:\/\/exploremostar.ba\/en\/author\/dino\/\"}]}<\/script>\n<!-- \/ Yoast SEO plugin. -->","yoast_head_json":{"title":"Turisti\u010dka zajednica Grada Mostara i HN\u017d na najve\u0107em austrijskom sajmu turizma - exploremostar","robots":{"index":"index","follow":"follow","max-snippet":"max-snippet:-1","max-image-preview":"max-image-preview:large","max-video-preview":"max-video-preview:-1"},"canonical":"https:\/\/exploremostar.ba\/en\/turisticka-zajednica-grada-mostara-i-hnz-na-najvecem-austrijskom-sajmu-turizma\/","og_locale":"en_US","og_type":"article","og_title":"Turisti\u010dka zajednica Grada Mostara i HN\u017d na najve\u0107em austrijskom sajmu turizma - exploremostar","og_description":"Turisti\u010dka zajednica Grada Mostara predstavlja se na najve\u0107em austrijskom sajmu turizma \u2013 Ferien-Messe Wien 2026, koji se odr\u017eava od 15. do 18. sije\u010dnja 2026. godine u izlo\u017ebenom centru Messe Wien. Na sajmu Mostar nastupa zajedno s Turisti\u010dkom zajednicom Hercegova\u010dko-neretvanske \u017eupanije\/kantona, s ciljem sna\u017enije promocije grada i regije na jednom od najva\u017enijih emitivnih tr\u017ei\u0161ta. Austrijsko tr\u017ei\u0161te [&hellip;]","og_url":"https:\/\/exploremostar.ba\/en\/turisticka-zajednica-grada-mostara-i-hnz-na-najvecem-austrijskom-sajmu-turizma\/","og_site_name":"exploremostar","article_published_time":"2026-01-16T08:47:41+00:00","og_image":[{"width":1024,"height":683,"url":"https:\/\/exploremostar.ba\/wp-content\/uploads\/2026\/01\/616355641_1326344119540212_376297633671255367_n.jpeg","type":"image\/jpeg"}],"author":"Dino Jekic","twitter_card":"summary_large_image","twitter_misc":{"Written by":"Dino Jekic","Est. reading time":"1 minute"},"schema":{"@context":"https:\/\/schema.org","@graph":[{"@type":"WebPage","@id":"https:\/\/exploremostar.ba\/turisticka-zajednica-grada-mostara-i-hnz-na-najvecem-austrijskom-sajmu-turizma\/","url":"https:\/\/exploremostar.ba\/turisticka-zajednica-grada-mostara-i-hnz-na-najvecem-austrijskom-sajmu-turizma\/","name":"Turisti\u010dka zajednica Grada Mostara i HN\u017d na najve\u0107em austrijskom sajmu turizma - exploremostar","isPartOf":{"@id":"https:\/\/exploremostar.ba\/#website"},"primaryImageOfPage":{"@id":"https:\/\/exploremostar.ba\/turisticka-zajednica-grada-mostara-i-hnz-na-najvecem-austrijskom-sajmu-turizma\/#primaryimage"},"image":{"@id":"https:\/\/exploremostar.ba\/turisticka-zajednica-grada-mostara-i-hnz-na-najvecem-austrijskom-sajmu-turizma\/#primaryimage"},"thumbnailUrl":"https:\/\/exploremostar.ba\/wp-content\/uploads\/2026\/01\/616355641_1326344119540212_376297633671255367_n.jpeg","datePublished":"2026-01-16T08:47:41+00:00","author":{"@id":"https:\/\/exploremostar.ba\/#\/schema\/person\/ba658e145ceeda3815df65d8fb9915c7"},"breadcrumb":{"@id":"https:\/\/exploremostar.ba\/turisticka-zajednica-grada-mostara-i-hnz-na-najvecem-austrijskom-sajmu-turizma\/#breadcrumb"},"inLanguage":"en-US","potentialAction":[{"@type":"ReadAction","target":["https:\/\/exploremostar.ba\/turisticka-zajednica-grada-mostara-i-hnz-na-najvecem-austrijskom-sajmu-turizma\/"]}]},{"@type":"ImageObject","inLanguage":"en-US","@id":"https:\/\/exploremostar.ba\/turisticka-zajednica-grada-mostara-i-hnz-na-najvecem-austrijskom-sajmu-turizma\/#primaryimage","url":"https:\/\/exploremostar.ba\/wp-content\/uploads\/2026\/01\/616355641_1326344119540212_376297633671255367_n.jpeg","contentUrl":"https:\/\/exploremostar.ba\/wp-content\/uploads\/2026\/01\/616355641_1326344119540212_376297633671255367_n.jpeg","width":1024,"height":683},{"@type":"BreadcrumbList","@id":"https:\/\/exploremostar.ba\/turisticka-zajednica-grada-mostara-i-hnz-na-najvecem-austrijskom-sajmu-turizma\/#breadcrumb","itemListElement":[{"@type":"ListItem","position":1,"name":"Home","item":"https:\/\/exploremostar.ba\/"},{"@type":"ListItem","position":2,"name":"Turisti\u010dka zajednica Grada Mostara i HN\u017d na najve\u0107em austrijskom sajmu turizma"}]},{"@type":"WebSite","@id":"https:\/\/exploremostar.ba\/#website","url":"https:\/\/exploremostar.ba\/","name":"exploremostar","description":"Where bridges tell stories","potentialAction":[{"@type":"SearchAction","target":{"@type":"EntryPoint","urlTemplate":"https:\/\/exploremostar.ba\/?s={search_term_string}"},"query-input":{"@type":"PropertyValueSpecification","valueRequired":true,"valueName":"search_term_string"}}],"inLanguage":"en-US"},{"@type":"Person","@id":"https:\/\/exploremostar.ba\/#\/schema\/person\/ba658e145ceeda3815df65d8fb9915c7","name":"Dino Jekic","image":{"@type":"ImageObject","inLanguage":"en-US","@id":"https:\/\/exploremostar.ba\/#\/schema\/person\/image\/","url":"https:\/\/secure.gravatar.com\/avatar\/069d3f51f3e6bcef26bc4581da3ae12333ce97dcefaf5b817593df50933bfefb?s=96&d=https%3A%2F%2Fui-avatars.com%2Fapi%2FDino%20JekicDino%2F96%2F546de5%2Ffff%2F1%2F0.4%2F%2F1%2F1&r=g","contentUrl":"https:\/\/secure.gravatar.com\/avatar\/069d3f51f3e6bcef26bc4581da3ae12333ce97dcefaf5b817593df50933bfefb?s=96&d=https%3A%2F%2Fui-avatars.com%2Fapi%2FDino%20JekicDino%2F96%2F546de5%2Ffff%2F1%2F0.4%2F%2F1%2F1&r=g","caption":"Dino Jekic"},"url":"https:\/\/exploremostar.ba\/en\/author\/dino\/"}]}},"rttpg_featured_image_url":{"full":["https:\/\/exploremostar.ba\/wp-content\/uploads\/2026\/01\/616355641_1326344119540212_376297633671255367_n.jpeg",1024,683,false],"landscape":["https:\/\/exploremostar.ba\/wp-content\/uploads\/2026\/01\/616355641_1326344119540212_376297633671255367_n.jpeg",1024,683,false],"portraits":["https:\/\/exploremostar.ba\/wp-content\/uploads\/2026\/01\/616355641_1326344119540212_376297633671255367_n.jpeg",1024,683,false],"thumbnail":["https:\/\/exploremostar.ba\/wp-content\/uploads\/2026\/01\/616355641_1326344119540212_376297633671255367_n-150x150.jpeg",150,150,true],"medium":["https:\/\/exploremostar.ba\/wp-content\/uploads\/2026\/01\/616355641_1326344119540212_376297633671255367_n-300x200.jpeg",300,200,true],"large":["https:\/\/exploremostar.ba\/wp-content\/uploads\/2026\/01\/616355641_1326344119540212_376297633671255367_n.jpeg",1024,683,false],"1536x1536":["https:\/\/exploremostar.ba\/wp-content\/uploads\/2026\/01\/616355641_1326344119540212_376297633671255367_n.jpeg",1024,683,false],"2048x2048":["https:\/\/exploremostar.ba\/wp-content\/uploads\/2026\/01\/616355641_1326344119540212_376297633671255367_n.jpeg",1024,683,false],"trp-custom-language-flag":["https:\/\/exploremostar.ba\/wp-content\/uploads\/2026\/01\/616355641_1326344119540212_376297633671255367_n-18x12.jpeg",18,12,true],"woocommerce_thumbnail":["https:\/\/exploremostar.ba\/wp-content\/uploads\/2026\/01\/616355641_1326344119540212_376297633671255367_n-300x300.jpeg",300,300,true],"woocommerce_single":["https:\/\/exploremostar.ba\/wp-content\/uploads\/2026\/01\/616355641_1326344119540212_376297633671255367_n-600x400.jpeg",600,400,true],"woocommerce_gallery_thumbnail":["https:\/\/exploremostar.ba\/wp-content\/uploads\/2026\/01\/616355641_1326344119540212_376297633671255367_n-100x100.jpeg",100,100,true],"rt_custom":["https:\/\/exploremostar.ba\/wp-content\/uploads\/2026\/01\/616355641_1326344119540212_376297633671255367_n.jpeg",1024,683,false]},"rttpg_author":{"display_name":"Dino Jekic","author_link":"https:\/\/exploremostar.ba\/en\/author\/dino\/"},"rttpg_comment":0,"rttpg_category":"<a href=\"https:\/\/exploremostar.ba\/en\/post-category\/pozitivne-price\/\" rel=\"category tag\">Pozitivne pri\u010de<\/a>","rttpg_excerpt":"Turisti\u010dka zajednica Grada Mostara predstavlja se na najve\u0107em austrijskom sajmu turizma \u2013 Ferien-Messe Wien 2026, koji se odr\u017eava od 15. do 18. sije\u010dnja 2026. godine u izlo\u017ebenom centru Messe Wien. Na sajmu Mostar nastupa zajedno s Turisti\u010dkom zajednicom Hercegova\u010dko-neretvanske \u017eupanije\/kantona, s ciljem sna\u017enije promocije grada i regije na jednom od najva\u017enijih emitivnih tr\u017ei\u0161ta. Austrijsko tr\u017ei\u0161te&hellip;","acf":[],"_links":{"self":[{"href":"https:\/\/exploremostar.ba\/en\/wp-json\/wp\/v2\/posts\/5504","targetHints":{"allow":["GET"]}}],"collection":[{"href":"https:\/\/exploremostar.ba\/en\/wp-json\/wp\/v2\/posts"}],"about":[{"href":"https:\/\/exploremostar.ba\/en\/wp-json\/wp\/v2\/types\/post"}],"author":[{"embeddable":true,"href":"https:\/\/exploremostar.ba\/en\/wp-json\/wp\/v2\/users\/11"}],"replies":[{"embeddable":true,"href":"https:\/\/exploremostar.ba\/en\/wp-json\/wp\/v2\/comments?post=5504"}],"version-history":[{"count":1,"href":"https:\/\/exploremostar.ba\/en\/wp-json\/wp\/v2\/posts\/5504\/revisions"}],"predecessor-version":[{"id":5506,"href":"https:\/\/exploremostar.ba\/en\/wp-json\/wp\/v2\/posts\/5504\/revisions\/5506"}],"wp:featuredmedia":[{"embeddable":true,"href":"https:\/\/exploremostar.ba\/en\/wp-json\/wp\/v2\/media\/5505"}],"wp:attachment":[{"href":"https:\/\/exploremostar.ba\/en\/wp-json\/wp\/v2\/media?parent=5504"}],"wp:term":[{"taxonomy":"category","embeddable":true,"href":"https:\/\/exploremostar.ba\/en\/wp-json\/wp\/v2\/categories?post=5504"},{"taxonomy":"post_tag","embeddable":true,"href":"https:\/\/exploremostar.ba\/en\/wp-json\/wp\/v2\/tags?post=5504"}],"curies":[{"name":"wp","href":"https:\/\/api.w.org\/{rel}","templated":true}]}}