{"id":5489,"date":"2025-12-16T14:05:45","date_gmt":"2025-12-16T13:05:45","guid":{"rendered":"https:\/\/exploremostar.ba\/?p=5489"},"modified":"2025-12-16T14:05:45","modified_gmt":"2025-12-16T13:05:45","slug":"direktorica-turisticke-zajednice-grada-mostara-u-posjeti-ambasadi-kraljevine-spanjolske","status":"publish","type":"post","link":"https:\/\/exploremostar.ba\/en\/direktorica-turisticke-zajednice-grada-mostara-u-posjeti-ambasadi-kraljevine-spanjolske\/","title":{"rendered":"Director of the Tourist Board of the City of Mostar visiting the Embassy of the Kingdom of Spain"},"content":{"rendered":"<p>The Director of the Tourist Board of the City of Mostar, Elvira \u0106emalovi\u0107, visited Sarajevo, where she met with Ambassador Mar\u00eda Molina \u00c1lvarez de Toledo at the Embassy of the Kingdom of Spain. On that occasion, she discussed the importance of strengthening cooperation between Bosnia and Herzegovina and the Kingdom of Spain.<\/p>\n<p>During the meeting, the importance of connecting the two countries through the development of cultural bridges, the exchange of experiences and the improvement of tourist connections was highlighted. Special emphasis was placed on the role of culture and tourism as powerful tools in the promotion of mutual understanding and long-term partnership.<\/p>\n<p>Ambassador Molina \u00c1lvarez de Toledo introduced the attendees to the activities of the Embassy of the Kingdom of Spain in Bosnia and Herzegovina, emphasizing the Embassy&#039;s intensive involvement in projects of particular importance for Bosnian and Herzegovina society, including those in the fields of culture, education and tourism.<\/p>\n<p>Director \u0106emalovi\u0107 emphasized the openness of the Tourist Board of the City of Mostar for future forms of cooperation that would contribute to the promotion of Mostar as a recognizable tourist and cultural destination on the Spanish and international markets.<\/p>","protected":false},"excerpt":{"rendered":"<p>The director of the Tourist Board of the City of Mostar, Elvira \u0106emalovi\u0107, was in Sarajevo, where a meeting was held at the Embassy of the Kingdom of Spain. On that occasion, there was a conversation with Ambassador Mar\u00eda Molina \u00c1lvarez de Toledo about the importance of strengthening cooperation between Bosnia and Herzegovina and the Kingdom of Spain. During the meeting, the importance of connecting the two countries through the development of cultural bridges, exchange [...]<\/p>","protected":false},"author":11,"featured_media":5490,"comment_status":"closed","ping_status":"open","sticky":false,"template":"","format":"standard","meta":{"footnotes":""},"categories":[100],"tags":[],"class_list":["post-5489","post","type-post","status-publish","format-standard","has-post-thumbnail","hentry","category-pozitivne-price"],"yoast_head":"<!-- This site is optimized with the Yoast SEO plugin v25.1 - https:\/\/yoast.com\/wordpress\/plugins\/seo\/ -->\n<title>Direktorica Turisti\u010dke zajednice Grada Mostara u posjeti Ambasadi Kraljevine \u0160panjolske - exploremostar<\/title>\n<meta name=\"robots\" content=\"index, follow, max-snippet:-1, max-image-preview:large, max-video-preview:-1\" \/>\n<link rel=\"canonical\" href=\"https:\/\/exploremostar.ba\/en\/direktorica-turisticke-zajednice-grada-mostara-u-posjeti-ambasadi-kraljevine-spanjolske\/\" \/>\n<meta property=\"og:locale\" content=\"en_US\" \/>\n<meta property=\"og:type\" content=\"article\" \/>\n<meta property=\"og:title\" content=\"Direktorica Turisti\u010dke zajednice Grada Mostara u posjeti Ambasadi Kraljevine \u0160panjolske - exploremostar\" \/>\n<meta property=\"og:description\" content=\"Direktorica Turisti\u010dke zajednice Grada Mostara, Elvira \u0106emalovi\u0107, boravila je u Sarajevu gdje je odr\u017ean susret u Ambasadi Kraljevine \u0160panjolske. Tom prilikom uprili\u010den je razgovor s ambasadoricom Mar\u00edom Molinom \u00c1lvarez de Toledo o zna\u010daju ja\u010danja suradnje izme\u0111u Bosne i Hercegovine i Kraljevine \u0160panije. Tijekom sastanka istaknut je zna\u010daj povezivanja dviju dr\u017eava kroz razvoj kulturnih mostova, razmjenu [&hellip;]\" \/>\n<meta property=\"og:url\" content=\"https:\/\/exploremostar.ba\/en\/direktorica-turisticke-zajednice-grada-mostara-u-posjeti-ambasadi-kraljevine-spanjolske\/\" \/>\n<meta property=\"og:site_name\" content=\"exploremostar\" \/>\n<meta property=\"article:published_time\" content=\"2025-12-16T13:05:45+00:00\" \/>\n<meta property=\"og:image\" content=\"https:\/\/exploremostar.ba\/wp-content\/uploads\/2025\/12\/ambasada-spanije.jpg\" \/>\n\t<meta property=\"og:image:width\" content=\"735\" \/>\n\t<meta property=\"og:image:height\" content=\"468\" \/>\n\t<meta property=\"og:image:type\" content=\"image\/jpeg\" \/>\n<meta name=\"author\" content=\"Dino Jekic\" \/>\n<meta name=\"twitter:card\" content=\"summary_large_image\" \/>\n<meta name=\"twitter:label1\" content=\"Written by\" \/>\n\t<meta name=\"twitter:data1\" content=\"Dino Jekic\" \/>\n\t<meta name=\"twitter:label2\" content=\"Est. reading time\" \/>\n\t<meta name=\"twitter:data2\" content=\"1 minute\" \/>\n<script type=\"application\/ld+json\" class=\"yoast-schema-graph\">{\"@context\":\"https:\/\/schema.org\",\"@graph\":[{\"@type\":\"WebPage\",\"@id\":\"https:\/\/exploremostar.ba\/direktorica-turisticke-zajednice-grada-mostara-u-posjeti-ambasadi-kraljevine-spanjolske\/\",\"url\":\"https:\/\/exploremostar.ba\/direktorica-turisticke-zajednice-grada-mostara-u-posjeti-ambasadi-kraljevine-spanjolske\/\",\"name\":\"Direktorica Turisti\u010dke zajednice Grada Mostara u posjeti Ambasadi Kraljevine \u0160panjolske - exploremostar\",\"isPartOf\":{\"@id\":\"https:\/\/exploremostar.ba\/#website\"},\"primaryImageOfPage\":{\"@id\":\"https:\/\/exploremostar.ba\/direktorica-turisticke-zajednice-grada-mostara-u-posjeti-ambasadi-kraljevine-spanjolske\/#primaryimage\"},\"image\":{\"@id\":\"https:\/\/exploremostar.ba\/direktorica-turisticke-zajednice-grada-mostara-u-posjeti-ambasadi-kraljevine-spanjolske\/#primaryimage\"},\"thumbnailUrl\":\"https:\/\/exploremostar.ba\/wp-content\/uploads\/2025\/12\/ambasada-spanije.jpg\",\"datePublished\":\"2025-12-16T13:05:45+00:00\",\"author\":{\"@id\":\"https:\/\/exploremostar.ba\/#\/schema\/person\/ba658e145ceeda3815df65d8fb9915c7\"},\"breadcrumb\":{\"@id\":\"https:\/\/exploremostar.ba\/direktorica-turisticke-zajednice-grada-mostara-u-posjeti-ambasadi-kraljevine-spanjolske\/#breadcrumb\"},\"inLanguage\":\"en-US\",\"potentialAction\":[{\"@type\":\"ReadAction\",\"target\":[\"https:\/\/exploremostar.ba\/direktorica-turisticke-zajednice-grada-mostara-u-posjeti-ambasadi-kraljevine-spanjolske\/\"]}]},{\"@type\":\"ImageObject\",\"inLanguage\":\"en-US\",\"@id\":\"https:\/\/exploremostar.ba\/direktorica-turisticke-zajednice-grada-mostara-u-posjeti-ambasadi-kraljevine-spanjolske\/#primaryimage\",\"url\":\"https:\/\/exploremostar.ba\/wp-content\/uploads\/2025\/12\/ambasada-spanije.jpg\",\"contentUrl\":\"https:\/\/exploremostar.ba\/wp-content\/uploads\/2025\/12\/ambasada-spanije.jpg\",\"width\":735,\"height\":468},{\"@type\":\"BreadcrumbList\",\"@id\":\"https:\/\/exploremostar.ba\/direktorica-turisticke-zajednice-grada-mostara-u-posjeti-ambasadi-kraljevine-spanjolske\/#breadcrumb\",\"itemListElement\":[{\"@type\":\"ListItem\",\"position\":1,\"name\":\"Home\",\"item\":\"https:\/\/exploremostar.ba\/\"},{\"@type\":\"ListItem\",\"position\":2,\"name\":\"Direktorica Turisti\u010dke zajednice Grada Mostara u posjeti Ambasadi Kraljevine \u0160panjolske\"}]},{\"@type\":\"WebSite\",\"@id\":\"https:\/\/exploremostar.ba\/#website\",\"url\":\"https:\/\/exploremostar.ba\/\",\"name\":\"exploremostar\",\"description\":\"Where bridges tell stories\",\"potentialAction\":[{\"@type\":\"SearchAction\",\"target\":{\"@type\":\"EntryPoint\",\"urlTemplate\":\"https:\/\/exploremostar.ba\/?s={search_term_string}\"},\"query-input\":{\"@type\":\"PropertyValueSpecification\",\"valueRequired\":true,\"valueName\":\"search_term_string\"}}],\"inLanguage\":\"en-US\"},{\"@type\":\"Person\",\"@id\":\"https:\/\/exploremostar.ba\/#\/schema\/person\/ba658e145ceeda3815df65d8fb9915c7\",\"name\":\"Dino Jekic\",\"image\":{\"@type\":\"ImageObject\",\"inLanguage\":\"en-US\",\"@id\":\"https:\/\/exploremostar.ba\/#\/schema\/person\/image\/\",\"url\":\"https:\/\/secure.gravatar.com\/avatar\/069d3f51f3e6bcef26bc4581da3ae12333ce97dcefaf5b817593df50933bfefb?s=96&d=https%3A%2F%2Fui-avatars.com%2Fapi%2FDino%20JekicDino%2F96%2F546de5%2Ffff%2F1%2F0.4%2F%2F1%2F1&r=g\",\"contentUrl\":\"https:\/\/secure.gravatar.com\/avatar\/069d3f51f3e6bcef26bc4581da3ae12333ce97dcefaf5b817593df50933bfefb?s=96&d=https%3A%2F%2Fui-avatars.com%2Fapi%2FDino%20JekicDino%2F96%2F546de5%2Ffff%2F1%2F0.4%2F%2F1%2F1&r=g\",\"caption\":\"Dino Jekic\"},\"url\":\"https:\/\/exploremostar.ba\/en\/author\/dino\/\"}]}<\/script>\n<!-- \/ Yoast SEO plugin. -->","yoast_head_json":{"title":"Direktorica Turisti\u010dke zajednice Grada Mostara u posjeti Ambasadi Kraljevine \u0160panjolske - exploremostar","robots":{"index":"index","follow":"follow","max-snippet":"max-snippet:-1","max-image-preview":"max-image-preview:large","max-video-preview":"max-video-preview:-1"},"canonical":"https:\/\/exploremostar.ba\/en\/direktorica-turisticke-zajednice-grada-mostara-u-posjeti-ambasadi-kraljevine-spanjolske\/","og_locale":"en_US","og_type":"article","og_title":"Direktorica Turisti\u010dke zajednice Grada Mostara u posjeti Ambasadi Kraljevine \u0160panjolske - exploremostar","og_description":"Direktorica Turisti\u010dke zajednice Grada Mostara, Elvira \u0106emalovi\u0107, boravila je u Sarajevu gdje je odr\u017ean susret u Ambasadi Kraljevine \u0160panjolske. Tom prilikom uprili\u010den je razgovor s ambasadoricom Mar\u00edom Molinom \u00c1lvarez de Toledo o zna\u010daju ja\u010danja suradnje izme\u0111u Bosne i Hercegovine i Kraljevine \u0160panije. Tijekom sastanka istaknut je zna\u010daj povezivanja dviju dr\u017eava kroz razvoj kulturnih mostova, razmjenu [&hellip;]","og_url":"https:\/\/exploremostar.ba\/en\/direktorica-turisticke-zajednice-grada-mostara-u-posjeti-ambasadi-kraljevine-spanjolske\/","og_site_name":"exploremostar","article_published_time":"2025-12-16T13:05:45+00:00","og_image":[{"width":735,"height":468,"url":"https:\/\/exploremostar.ba\/wp-content\/uploads\/2025\/12\/ambasada-spanije.jpg","type":"image\/jpeg"}],"author":"Dino Jekic","twitter_card":"summary_large_image","twitter_misc":{"Written by":"Dino Jekic","Est. reading time":"1 minute"},"schema":{"@context":"https:\/\/schema.org","@graph":[{"@type":"WebPage","@id":"https:\/\/exploremostar.ba\/direktorica-turisticke-zajednice-grada-mostara-u-posjeti-ambasadi-kraljevine-spanjolske\/","url":"https:\/\/exploremostar.ba\/direktorica-turisticke-zajednice-grada-mostara-u-posjeti-ambasadi-kraljevine-spanjolske\/","name":"Direktorica Turisti\u010dke zajednice Grada Mostara u posjeti Ambasadi Kraljevine \u0160panjolske - exploremostar","isPartOf":{"@id":"https:\/\/exploremostar.ba\/#website"},"primaryImageOfPage":{"@id":"https:\/\/exploremostar.ba\/direktorica-turisticke-zajednice-grada-mostara-u-posjeti-ambasadi-kraljevine-spanjolske\/#primaryimage"},"image":{"@id":"https:\/\/exploremostar.ba\/direktorica-turisticke-zajednice-grada-mostara-u-posjeti-ambasadi-kraljevine-spanjolske\/#primaryimage"},"thumbnailUrl":"https:\/\/exploremostar.ba\/wp-content\/uploads\/2025\/12\/ambasada-spanije.jpg","datePublished":"2025-12-16T13:05:45+00:00","author":{"@id":"https:\/\/exploremostar.ba\/#\/schema\/person\/ba658e145ceeda3815df65d8fb9915c7"},"breadcrumb":{"@id":"https:\/\/exploremostar.ba\/direktorica-turisticke-zajednice-grada-mostara-u-posjeti-ambasadi-kraljevine-spanjolske\/#breadcrumb"},"inLanguage":"en-US","potentialAction":[{"@type":"ReadAction","target":["https:\/\/exploremostar.ba\/direktorica-turisticke-zajednice-grada-mostara-u-posjeti-ambasadi-kraljevine-spanjolske\/"]}]},{"@type":"ImageObject","inLanguage":"en-US","@id":"https:\/\/exploremostar.ba\/direktorica-turisticke-zajednice-grada-mostara-u-posjeti-ambasadi-kraljevine-spanjolske\/#primaryimage","url":"https:\/\/exploremostar.ba\/wp-content\/uploads\/2025\/12\/ambasada-spanije.jpg","contentUrl":"https:\/\/exploremostar.ba\/wp-content\/uploads\/2025\/12\/ambasada-spanije.jpg","width":735,"height":468},{"@type":"BreadcrumbList","@id":"https:\/\/exploremostar.ba\/direktorica-turisticke-zajednice-grada-mostara-u-posjeti-ambasadi-kraljevine-spanjolske\/#breadcrumb","itemListElement":[{"@type":"ListItem","position":1,"name":"Home","item":"https:\/\/exploremostar.ba\/"},{"@type":"ListItem","position":2,"name":"Direktorica Turisti\u010dke zajednice Grada Mostara u posjeti Ambasadi Kraljevine \u0160panjolske"}]},{"@type":"WebSite","@id":"https:\/\/exploremostar.ba\/#website","url":"https:\/\/exploremostar.ba\/","name":"exploremostar","description":"Where bridges tell stories","potentialAction":[{"@type":"SearchAction","target":{"@type":"EntryPoint","urlTemplate":"https:\/\/exploremostar.ba\/?s={search_term_string}"},"query-input":{"@type":"PropertyValueSpecification","valueRequired":true,"valueName":"search_term_string"}}],"inLanguage":"en-US"},{"@type":"Person","@id":"https:\/\/exploremostar.ba\/#\/schema\/person\/ba658e145ceeda3815df65d8fb9915c7","name":"Dino Jekic","image":{"@type":"ImageObject","inLanguage":"en-US","@id":"https:\/\/exploremostar.ba\/#\/schema\/person\/image\/","url":"https:\/\/secure.gravatar.com\/avatar\/069d3f51f3e6bcef26bc4581da3ae12333ce97dcefaf5b817593df50933bfefb?s=96&d=https%3A%2F%2Fui-avatars.com%2Fapi%2FDino%20JekicDino%2F96%2F546de5%2Ffff%2F1%2F0.4%2F%2F1%2F1&r=g","contentUrl":"https:\/\/secure.gravatar.com\/avatar\/069d3f51f3e6bcef26bc4581da3ae12333ce97dcefaf5b817593df50933bfefb?s=96&d=https%3A%2F%2Fui-avatars.com%2Fapi%2FDino%20JekicDino%2F96%2F546de5%2Ffff%2F1%2F0.4%2F%2F1%2F1&r=g","caption":"Dino Jekic"},"url":"https:\/\/exploremostar.ba\/en\/author\/dino\/"}]}},"rttpg_featured_image_url":{"full":["https:\/\/exploremostar.ba\/wp-content\/uploads\/2025\/12\/ambasada-spanije.jpg",735,468,false],"landscape":["https:\/\/exploremostar.ba\/wp-content\/uploads\/2025\/12\/ambasada-spanije.jpg",735,468,false],"portraits":["https:\/\/exploremostar.ba\/wp-content\/uploads\/2025\/12\/ambasada-spanije.jpg",735,468,false],"thumbnail":["https:\/\/exploremostar.ba\/wp-content\/uploads\/2025\/12\/ambasada-spanije-150x150.jpg",150,150,true],"medium":["https:\/\/exploremostar.ba\/wp-content\/uploads\/2025\/12\/ambasada-spanije-300x191.jpg",300,191,true],"large":["https:\/\/exploremostar.ba\/wp-content\/uploads\/2025\/12\/ambasada-spanije.jpg",735,468,false],"1536x1536":["https:\/\/exploremostar.ba\/wp-content\/uploads\/2025\/12\/ambasada-spanije.jpg",735,468,false],"2048x2048":["https:\/\/exploremostar.ba\/wp-content\/uploads\/2025\/12\/ambasada-spanije.jpg",735,468,false],"trp-custom-language-flag":["https:\/\/exploremostar.ba\/wp-content\/uploads\/2025\/12\/ambasada-spanije-18x12.jpg",18,12,true],"woocommerce_thumbnail":["https:\/\/exploremostar.ba\/wp-content\/uploads\/2025\/12\/ambasada-spanije-300x300.jpg",300,300,true],"woocommerce_single":["https:\/\/exploremostar.ba\/wp-content\/uploads\/2025\/12\/ambasada-spanije-600x382.jpg",600,382,true],"woocommerce_gallery_thumbnail":["https:\/\/exploremostar.ba\/wp-content\/uploads\/2025\/12\/ambasada-spanije-100x100.jpg",100,100,true],"rt_custom":["https:\/\/exploremostar.ba\/wp-content\/uploads\/2025\/12\/ambasada-spanije.jpg",735,468,false]},"rttpg_author":{"display_name":"Dino Jekic","author_link":"https:\/\/exploremostar.ba\/en\/author\/dino\/"},"rttpg_comment":0,"rttpg_category":"<a href=\"https:\/\/exploremostar.ba\/en\/post-category\/pozitivne-price\/\" rel=\"category tag\">Pozitivne pri\u010de<\/a>","rttpg_excerpt":"Direktorica Turisti\u010dke zajednice Grada Mostara, Elvira \u0106emalovi\u0107, boravila je u Sarajevu gdje je odr\u017ean susret u Ambasadi Kraljevine \u0160panjolske. Tom prilikom uprili\u010den je razgovor s ambasadoricom Mar\u00edom Molinom \u00c1lvarez de Toledo o zna\u010daju ja\u010danja suradnje izme\u0111u Bosne i Hercegovine i Kraljevine \u0160panije. Tijekom sastanka istaknut je zna\u010daj povezivanja dviju dr\u017eava kroz razvoj kulturnih mostova, razmjenu&hellip;","acf":[],"_links":{"self":[{"href":"https:\/\/exploremostar.ba\/en\/wp-json\/wp\/v2\/posts\/5489","targetHints":{"allow":["GET"]}}],"collection":[{"href":"https:\/\/exploremostar.ba\/en\/wp-json\/wp\/v2\/posts"}],"about":[{"href":"https:\/\/exploremostar.ba\/en\/wp-json\/wp\/v2\/types\/post"}],"author":[{"embeddable":true,"href":"https:\/\/exploremostar.ba\/en\/wp-json\/wp\/v2\/users\/11"}],"replies":[{"embeddable":true,"href":"https:\/\/exploremostar.ba\/en\/wp-json\/wp\/v2\/comments?post=5489"}],"version-history":[{"count":1,"href":"https:\/\/exploremostar.ba\/en\/wp-json\/wp\/v2\/posts\/5489\/revisions"}],"predecessor-version":[{"id":5491,"href":"https:\/\/exploremostar.ba\/en\/wp-json\/wp\/v2\/posts\/5489\/revisions\/5491"}],"wp:featuredmedia":[{"embeddable":true,"href":"https:\/\/exploremostar.ba\/en\/wp-json\/wp\/v2\/media\/5490"}],"wp:attachment":[{"href":"https:\/\/exploremostar.ba\/en\/wp-json\/wp\/v2\/media?parent=5489"}],"wp:term":[{"taxonomy":"category","embeddable":true,"href":"https:\/\/exploremostar.ba\/en\/wp-json\/wp\/v2\/categories?post=5489"},{"taxonomy":"post_tag","embeddable":true,"href":"https:\/\/exploremostar.ba\/en\/wp-json\/wp\/v2\/tags?post=5489"}],"curies":[{"name":"wp","href":"https:\/\/api.w.org\/{rel}","templated":true}]}}