{"id":5481,"date":"2025-12-15T14:23:09","date_gmt":"2025-12-15T13:23:09","guid":{"rendered":"https:\/\/exploremostar.ba\/?p=5481"},"modified":"2025-12-15T14:23:09","modified_gmt":"2025-12-15T13:23:09","slug":"turisticka-zajednica-grada-mostara-na-radnom-sastanku-federalnog-ministarstva-okolisa-i-turizma-i-undp-a","status":"publish","type":"post","link":"https:\/\/exploremostar.ba\/en\/turisticka-zajednica-grada-mostara-na-radnom-sastanku-federalnog-ministarstva-okolisa-i-turizma-i-undp-a\/","title":{"rendered":"The Tourist Board of the City of Mostar at the working meeting of the Federal Ministry of Environment and Tourism and UNDP"},"content":{"rendered":"<p>The Tourist Board of the City of Mostar, headed by director Elvira \u0106emalovi\u0107, participated in a working meeting held on December 15 in Sarajevo, organized by the Federal Ministry of Environment and Tourism, headed by Federal Minister Nasiha Pozder, in cooperation with the United Nations Development Program (UNDP) in Bosnia and Herzegovina.<\/p>\n<p>The working meeting brought together managers of relevant institutions and organizations with the aim of strengthening inter-institutional cooperation and improving the planning of development programs in the field of tourism at the level of the Federation of Bosnia and Herzegovina. The agenda of the meeting presented the activities of the Federal Ministry of Environment and Tourism, with a review of past work, achieved results and current challenges, as well as thematic presentations of projects and initiatives of international partners.<\/p>\n<p>The discussion focused on the problems faced by private landlords, which are common to all cantons in the Federation of Bosnia and Herzegovina. An appeal was made to the Federal Ministry of Environment and Tourism to clearly define the method and procedure for registering private landlords, in cooperation with the Federal Tax Administration.<\/p>\n<p>Federal Minister of Environment and Tourism Nasiha Pozder pointed out that until the adoption of the draft Law on Tourism in the Federation of BiH, the previous opinion from 2018, which defines the method and guidelines for registering private landlords, remains in force.<\/p>\n<p>The director of the Tourist Board of the City of Mostar, Elvira \u0106emalovi\u0107, initiated the initiative to continue discussions with the Ministry of Tourism of the Republic of Srpska, with the aim of establishing a unique e-platform at the state level as the only long-term sustainable solution. Such a platform would enable the collection of all relevant data on the number of guests, length of stay and other statistical indicators, which are of key importance for the development of quality development strategies in tourism.<\/p>\n<p>Director \u0106emalovi\u0107 also suggested that the Public Call of the Federal Ministry of Environment and Tourism for 2026 should be developmentally focused on the specific needs of individual cantons, pointing out that dividing financial resources among a larger number of users does not contribute to the real and sustainable strengthening of tourist destinations.<\/p>\n<p>By participating in this meeting, the Tourist Board of the City of Mostar confirmed its active role in the creation of development policies and initiatives in tourism, as well as its readiness to cooperate with federal institutions and international partners in order to further improve the tourist offer of the City of Mostar.<br \/>\n<img fetchpriority=\"high\" decoding=\"async\" class=\"alignnone size-medium wp-image-5483\" src=\"https:\/\/exploremostar.ba\/wp-content\/uploads\/2025\/12\/Radni-sastanak2-300x278.jpg\" alt=\"\" width=\"300\" height=\"278\" srcset=\"https:\/\/exploremostar.ba\/wp-content\/uploads\/2025\/12\/Radni-sastanak2-300x278.jpg 300w, https:\/\/exploremostar.ba\/wp-content\/uploads\/2025\/12\/Radni-sastanak2-13x12.jpg 13w, https:\/\/exploremostar.ba\/wp-content\/uploads\/2025\/12\/Radni-sastanak2-600x555.jpg 600w, https:\/\/exploremostar.ba\/wp-content\/uploads\/2025\/12\/Radni-sastanak2.jpg 739w\" sizes=\"(max-width: 300px) 100vw, 300px\" \/> <img decoding=\"async\" class=\"alignnone size-medium wp-image-5482\" src=\"https:\/\/exploremostar.ba\/wp-content\/uploads\/2025\/12\/Radni-sastanak1-300x158.jpg\" alt=\"\" width=\"300\" height=\"158\" srcset=\"https:\/\/exploremostar.ba\/wp-content\/uploads\/2025\/12\/Radni-sastanak1-300x158.jpg 300w, https:\/\/exploremostar.ba\/wp-content\/uploads\/2025\/12\/Radni-sastanak1-1024x540.jpg 1024w, https:\/\/exploremostar.ba\/wp-content\/uploads\/2025\/12\/Radni-sastanak1-768x405.jpg 768w, https:\/\/exploremostar.ba\/wp-content\/uploads\/2025\/12\/Radni-sastanak1-18x9.jpg 18w, https:\/\/exploremostar.ba\/wp-content\/uploads\/2025\/12\/Radni-sastanak1-600x316.jpg 600w, https:\/\/exploremostar.ba\/wp-content\/uploads\/2025\/12\/Radni-sastanak1.jpg 1280w\" sizes=\"(max-width: 300px) 100vw, 300px\" \/><\/p>\n<p>&nbsp;<\/p>","protected":false},"excerpt":{"rendered":"<p>The Tourist Board of the City of Mostar, headed by director Elvira \u0106emalovi\u0107, participated in a working meeting held on December 15 in Sarajevo, organized by the Federal Ministry of Environment and Tourism, headed by Federal Minister Nasiha Pozder, in cooperation with the United Nations Development Program (UNDP) in Bosnia and Herzegovina. The working meeting brought together managers of relevant institutions [...]<\/p>","protected":false},"author":11,"featured_media":5486,"comment_status":"closed","ping_status":"open","sticky":false,"template":"","format":"standard","meta":{"footnotes":""},"categories":[100],"tags":[],"class_list":["post-5481","post","type-post","status-publish","format-standard","has-post-thumbnail","hentry","category-pozitivne-price"],"yoast_head":"<!-- This site is optimized with the Yoast SEO plugin v25.1 - https:\/\/yoast.com\/wordpress\/plugins\/seo\/ -->\n<title>Turisti\u010dka zajednica Grada Mostara na radnom sastanku Federalnog ministarstva okoli\u0161a i turizma i UNDP-a - exploremostar<\/title>\n<meta name=\"robots\" content=\"index, follow, max-snippet:-1, max-image-preview:large, max-video-preview:-1\" \/>\n<link rel=\"canonical\" href=\"https:\/\/exploremostar.ba\/en\/turisticka-zajednica-grada-mostara-na-radnom-sastanku-federalnog-ministarstva-okolisa-i-turizma-i-undp-a\/\" \/>\n<meta property=\"og:locale\" content=\"en_US\" \/>\n<meta property=\"og:type\" content=\"article\" \/>\n<meta property=\"og:title\" content=\"Turisti\u010dka zajednica Grada Mostara na radnom sastanku Federalnog ministarstva okoli\u0161a i turizma i UNDP-a - exploremostar\" \/>\n<meta property=\"og:description\" content=\"Turisti\u010dka zajednica Grada Mostara, na \u010delu s direktoricom Elvirom \u0106emalovi\u0107, sudjelovala je na radnom sastanku koji je 15. prosinca odr\u017ean u Sarajevu u organizaciji Federalnog ministarstva okoli\u0161a i turizma, na \u010delu s federalnom ministricom Nasihom Pozder, u suradnji s Razvojnim programom Ujedinjenih naroda (UNDP) u Bosni i Hercegovini. Radni sastanak okupio je rukovoditelje relevantnih institucija [&hellip;]\" \/>\n<meta property=\"og:url\" content=\"https:\/\/exploremostar.ba\/en\/turisticka-zajednica-grada-mostara-na-radnom-sastanku-federalnog-ministarstva-okolisa-i-turizma-i-undp-a\/\" \/>\n<meta property=\"og:site_name\" content=\"exploremostar\" \/>\n<meta property=\"article:published_time\" content=\"2025-12-15T13:23:09+00:00\" \/>\n<meta property=\"og:image\" content=\"https:\/\/exploremostar.ba\/wp-content\/uploads\/2025\/12\/radni-sastanak3.jpg\" \/>\n\t<meta property=\"og:image:width\" content=\"739\" \/>\n\t<meta property=\"og:image:height\" content=\"442\" \/>\n\t<meta property=\"og:image:type\" content=\"image\/jpeg\" \/>\n<meta name=\"author\" content=\"Dino Jekic\" \/>\n<meta name=\"twitter:card\" content=\"summary_large_image\" \/>\n<meta name=\"twitter:label1\" content=\"Written by\" \/>\n\t<meta name=\"twitter:data1\" content=\"Dino Jekic\" \/>\n\t<meta name=\"twitter:label2\" content=\"Est. reading time\" \/>\n\t<meta name=\"twitter:data2\" content=\"3 minutes\" \/>\n<script type=\"application\/ld+json\" class=\"yoast-schema-graph\">{\"@context\":\"https:\/\/schema.org\",\"@graph\":[{\"@type\":\"WebPage\",\"@id\":\"https:\/\/exploremostar.ba\/turisticka-zajednica-grada-mostara-na-radnom-sastanku-federalnog-ministarstva-okolisa-i-turizma-i-undp-a\/\",\"url\":\"https:\/\/exploremostar.ba\/turisticka-zajednica-grada-mostara-na-radnom-sastanku-federalnog-ministarstva-okolisa-i-turizma-i-undp-a\/\",\"name\":\"Turisti\u010dka zajednica Grada Mostara na radnom sastanku Federalnog ministarstva okoli\u0161a i turizma i UNDP-a - exploremostar\",\"isPartOf\":{\"@id\":\"https:\/\/exploremostar.ba\/#website\"},\"primaryImageOfPage\":{\"@id\":\"https:\/\/exploremostar.ba\/turisticka-zajednica-grada-mostara-na-radnom-sastanku-federalnog-ministarstva-okolisa-i-turizma-i-undp-a\/#primaryimage\"},\"image\":{\"@id\":\"https:\/\/exploremostar.ba\/turisticka-zajednica-grada-mostara-na-radnom-sastanku-federalnog-ministarstva-okolisa-i-turizma-i-undp-a\/#primaryimage\"},\"thumbnailUrl\":\"https:\/\/exploremostar.ba\/wp-content\/uploads\/2025\/12\/radni-sastanak3.jpg\",\"datePublished\":\"2025-12-15T13:23:09+00:00\",\"author\":{\"@id\":\"https:\/\/exploremostar.ba\/#\/schema\/person\/ba658e145ceeda3815df65d8fb9915c7\"},\"breadcrumb\":{\"@id\":\"https:\/\/exploremostar.ba\/turisticka-zajednica-grada-mostara-na-radnom-sastanku-federalnog-ministarstva-okolisa-i-turizma-i-undp-a\/#breadcrumb\"},\"inLanguage\":\"en-US\",\"potentialAction\":[{\"@type\":\"ReadAction\",\"target\":[\"https:\/\/exploremostar.ba\/turisticka-zajednica-grada-mostara-na-radnom-sastanku-federalnog-ministarstva-okolisa-i-turizma-i-undp-a\/\"]}]},{\"@type\":\"ImageObject\",\"inLanguage\":\"en-US\",\"@id\":\"https:\/\/exploremostar.ba\/turisticka-zajednica-grada-mostara-na-radnom-sastanku-federalnog-ministarstva-okolisa-i-turizma-i-undp-a\/#primaryimage\",\"url\":\"https:\/\/exploremostar.ba\/wp-content\/uploads\/2025\/12\/radni-sastanak3.jpg\",\"contentUrl\":\"https:\/\/exploremostar.ba\/wp-content\/uploads\/2025\/12\/radni-sastanak3.jpg\",\"width\":739,\"height\":442},{\"@type\":\"BreadcrumbList\",\"@id\":\"https:\/\/exploremostar.ba\/turisticka-zajednica-grada-mostara-na-radnom-sastanku-federalnog-ministarstva-okolisa-i-turizma-i-undp-a\/#breadcrumb\",\"itemListElement\":[{\"@type\":\"ListItem\",\"position\":1,\"name\":\"Home\",\"item\":\"https:\/\/exploremostar.ba\/\"},{\"@type\":\"ListItem\",\"position\":2,\"name\":\"Turisti\u010dka zajednica Grada Mostara na radnom sastanku Federalnog ministarstva okoli\u0161a i turizma i UNDP-a\"}]},{\"@type\":\"WebSite\",\"@id\":\"https:\/\/exploremostar.ba\/#website\",\"url\":\"https:\/\/exploremostar.ba\/\",\"name\":\"exploremostar\",\"description\":\"Where bridges tell stories\",\"potentialAction\":[{\"@type\":\"SearchAction\",\"target\":{\"@type\":\"EntryPoint\",\"urlTemplate\":\"https:\/\/exploremostar.ba\/?s={search_term_string}\"},\"query-input\":{\"@type\":\"PropertyValueSpecification\",\"valueRequired\":true,\"valueName\":\"search_term_string\"}}],\"inLanguage\":\"en-US\"},{\"@type\":\"Person\",\"@id\":\"https:\/\/exploremostar.ba\/#\/schema\/person\/ba658e145ceeda3815df65d8fb9915c7\",\"name\":\"Dino Jekic\",\"image\":{\"@type\":\"ImageObject\",\"inLanguage\":\"en-US\",\"@id\":\"https:\/\/exploremostar.ba\/#\/schema\/person\/image\/\",\"url\":\"https:\/\/secure.gravatar.com\/avatar\/069d3f51f3e6bcef26bc4581da3ae12333ce97dcefaf5b817593df50933bfefb?s=96&d=https%3A%2F%2Fui-avatars.com%2Fapi%2FDino%20JekicDino%2F96%2F546de5%2Ffff%2F1%2F0.4%2F%2F1%2F1&r=g\",\"contentUrl\":\"https:\/\/secure.gravatar.com\/avatar\/069d3f51f3e6bcef26bc4581da3ae12333ce97dcefaf5b817593df50933bfefb?s=96&d=https%3A%2F%2Fui-avatars.com%2Fapi%2FDino%20JekicDino%2F96%2F546de5%2Ffff%2F1%2F0.4%2F%2F1%2F1&r=g\",\"caption\":\"Dino Jekic\"},\"url\":\"https:\/\/exploremostar.ba\/en\/author\/dino\/\"}]}<\/script>\n<!-- \/ Yoast SEO plugin. -->","yoast_head_json":{"title":"Turisti\u010dka zajednica Grada Mostara na radnom sastanku Federalnog ministarstva okoli\u0161a i turizma i UNDP-a - exploremostar","robots":{"index":"index","follow":"follow","max-snippet":"max-snippet:-1","max-image-preview":"max-image-preview:large","max-video-preview":"max-video-preview:-1"},"canonical":"https:\/\/exploremostar.ba\/en\/turisticka-zajednica-grada-mostara-na-radnom-sastanku-federalnog-ministarstva-okolisa-i-turizma-i-undp-a\/","og_locale":"en_US","og_type":"article","og_title":"Turisti\u010dka zajednica Grada Mostara na radnom sastanku Federalnog ministarstva okoli\u0161a i turizma i UNDP-a - exploremostar","og_description":"Turisti\u010dka zajednica Grada Mostara, na \u010delu s direktoricom Elvirom \u0106emalovi\u0107, sudjelovala je na radnom sastanku koji je 15. prosinca odr\u017ean u Sarajevu u organizaciji Federalnog ministarstva okoli\u0161a i turizma, na \u010delu s federalnom ministricom Nasihom Pozder, u suradnji s Razvojnim programom Ujedinjenih naroda (UNDP) u Bosni i Hercegovini. Radni sastanak okupio je rukovoditelje relevantnih institucija [&hellip;]","og_url":"https:\/\/exploremostar.ba\/en\/turisticka-zajednica-grada-mostara-na-radnom-sastanku-federalnog-ministarstva-okolisa-i-turizma-i-undp-a\/","og_site_name":"exploremostar","article_published_time":"2025-12-15T13:23:09+00:00","og_image":[{"width":739,"height":442,"url":"https:\/\/exploremostar.ba\/wp-content\/uploads\/2025\/12\/radni-sastanak3.jpg","type":"image\/jpeg"}],"author":"Dino Jekic","twitter_card":"summary_large_image","twitter_misc":{"Written by":"Dino Jekic","Est. reading time":"3 minutes"},"schema":{"@context":"https:\/\/schema.org","@graph":[{"@type":"WebPage","@id":"https:\/\/exploremostar.ba\/turisticka-zajednica-grada-mostara-na-radnom-sastanku-federalnog-ministarstva-okolisa-i-turizma-i-undp-a\/","url":"https:\/\/exploremostar.ba\/turisticka-zajednica-grada-mostara-na-radnom-sastanku-federalnog-ministarstva-okolisa-i-turizma-i-undp-a\/","name":"Turisti\u010dka zajednica Grada Mostara na radnom sastanku Federalnog ministarstva okoli\u0161a i turizma i UNDP-a - exploremostar","isPartOf":{"@id":"https:\/\/exploremostar.ba\/#website"},"primaryImageOfPage":{"@id":"https:\/\/exploremostar.ba\/turisticka-zajednica-grada-mostara-na-radnom-sastanku-federalnog-ministarstva-okolisa-i-turizma-i-undp-a\/#primaryimage"},"image":{"@id":"https:\/\/exploremostar.ba\/turisticka-zajednica-grada-mostara-na-radnom-sastanku-federalnog-ministarstva-okolisa-i-turizma-i-undp-a\/#primaryimage"},"thumbnailUrl":"https:\/\/exploremostar.ba\/wp-content\/uploads\/2025\/12\/radni-sastanak3.jpg","datePublished":"2025-12-15T13:23:09+00:00","author":{"@id":"https:\/\/exploremostar.ba\/#\/schema\/person\/ba658e145ceeda3815df65d8fb9915c7"},"breadcrumb":{"@id":"https:\/\/exploremostar.ba\/turisticka-zajednica-grada-mostara-na-radnom-sastanku-federalnog-ministarstva-okolisa-i-turizma-i-undp-a\/#breadcrumb"},"inLanguage":"en-US","potentialAction":[{"@type":"ReadAction","target":["https:\/\/exploremostar.ba\/turisticka-zajednica-grada-mostara-na-radnom-sastanku-federalnog-ministarstva-okolisa-i-turizma-i-undp-a\/"]}]},{"@type":"ImageObject","inLanguage":"en-US","@id":"https:\/\/exploremostar.ba\/turisticka-zajednica-grada-mostara-na-radnom-sastanku-federalnog-ministarstva-okolisa-i-turizma-i-undp-a\/#primaryimage","url":"https:\/\/exploremostar.ba\/wp-content\/uploads\/2025\/12\/radni-sastanak3.jpg","contentUrl":"https:\/\/exploremostar.ba\/wp-content\/uploads\/2025\/12\/radni-sastanak3.jpg","width":739,"height":442},{"@type":"BreadcrumbList","@id":"https:\/\/exploremostar.ba\/turisticka-zajednica-grada-mostara-na-radnom-sastanku-federalnog-ministarstva-okolisa-i-turizma-i-undp-a\/#breadcrumb","itemListElement":[{"@type":"ListItem","position":1,"name":"Home","item":"https:\/\/exploremostar.ba\/"},{"@type":"ListItem","position":2,"name":"Turisti\u010dka zajednica Grada Mostara na radnom sastanku Federalnog ministarstva okoli\u0161a i turizma i UNDP-a"}]},{"@type":"WebSite","@id":"https:\/\/exploremostar.ba\/#website","url":"https:\/\/exploremostar.ba\/","name":"exploremostar","description":"Where bridges tell stories","potentialAction":[{"@type":"SearchAction","target":{"@type":"EntryPoint","urlTemplate":"https:\/\/exploremostar.ba\/?s={search_term_string}"},"query-input":{"@type":"PropertyValueSpecification","valueRequired":true,"valueName":"search_term_string"}}],"inLanguage":"en-US"},{"@type":"Person","@id":"https:\/\/exploremostar.ba\/#\/schema\/person\/ba658e145ceeda3815df65d8fb9915c7","name":"Dino Jekic","image":{"@type":"ImageObject","inLanguage":"en-US","@id":"https:\/\/exploremostar.ba\/#\/schema\/person\/image\/","url":"https:\/\/secure.gravatar.com\/avatar\/069d3f51f3e6bcef26bc4581da3ae12333ce97dcefaf5b817593df50933bfefb?s=96&d=https%3A%2F%2Fui-avatars.com%2Fapi%2FDino%20JekicDino%2F96%2F546de5%2Ffff%2F1%2F0.4%2F%2F1%2F1&r=g","contentUrl":"https:\/\/secure.gravatar.com\/avatar\/069d3f51f3e6bcef26bc4581da3ae12333ce97dcefaf5b817593df50933bfefb?s=96&d=https%3A%2F%2Fui-avatars.com%2Fapi%2FDino%20JekicDino%2F96%2F546de5%2Ffff%2F1%2F0.4%2F%2F1%2F1&r=g","caption":"Dino Jekic"},"url":"https:\/\/exploremostar.ba\/en\/author\/dino\/"}]}},"rttpg_featured_image_url":{"full":["https:\/\/exploremostar.ba\/wp-content\/uploads\/2025\/12\/radni-sastanak3.jpg",739,442,false],"landscape":["https:\/\/exploremostar.ba\/wp-content\/uploads\/2025\/12\/radni-sastanak3.jpg",739,442,false],"portraits":["https:\/\/exploremostar.ba\/wp-content\/uploads\/2025\/12\/radni-sastanak3.jpg",739,442,false],"thumbnail":["https:\/\/exploremostar.ba\/wp-content\/uploads\/2025\/12\/radni-sastanak3-150x150.jpg",150,150,true],"medium":["https:\/\/exploremostar.ba\/wp-content\/uploads\/2025\/12\/radni-sastanak3-300x179.jpg",300,179,true],"large":["https:\/\/exploremostar.ba\/wp-content\/uploads\/2025\/12\/radni-sastanak3.jpg",739,442,false],"1536x1536":["https:\/\/exploremostar.ba\/wp-content\/uploads\/2025\/12\/radni-sastanak3.jpg",739,442,false],"2048x2048":["https:\/\/exploremostar.ba\/wp-content\/uploads\/2025\/12\/radni-sastanak3.jpg",739,442,false],"trp-custom-language-flag":["https:\/\/exploremostar.ba\/wp-content\/uploads\/2025\/12\/radni-sastanak3-18x12.jpg",18,12,true],"woocommerce_thumbnail":["https:\/\/exploremostar.ba\/wp-content\/uploads\/2025\/12\/radni-sastanak3-300x300.jpg",300,300,true],"woocommerce_single":["https:\/\/exploremostar.ba\/wp-content\/uploads\/2025\/12\/radni-sastanak3-600x359.jpg",600,359,true],"woocommerce_gallery_thumbnail":["https:\/\/exploremostar.ba\/wp-content\/uploads\/2025\/12\/radni-sastanak3-100x100.jpg",100,100,true],"rt_custom":["https:\/\/exploremostar.ba\/wp-content\/uploads\/2025\/12\/radni-sastanak3.jpg",739,442,false]},"rttpg_author":{"display_name":"Dino Jekic","author_link":"https:\/\/exploremostar.ba\/en\/author\/dino\/"},"rttpg_comment":0,"rttpg_category":"<a href=\"https:\/\/exploremostar.ba\/en\/post-category\/pozitivne-price\/\" rel=\"category tag\">Pozitivne pri\u010de<\/a>","rttpg_excerpt":"Turisti\u010dka zajednica Grada Mostara, na \u010delu s direktoricom Elvirom \u0106emalovi\u0107, sudjelovala je na radnom sastanku koji je 15. prosinca odr\u017ean u Sarajevu u organizaciji Federalnog ministarstva okoli\u0161a i turizma, na \u010delu s federalnom ministricom Nasihom Pozder, u suradnji s Razvojnim programom Ujedinjenih naroda (UNDP) u Bosni i Hercegovini. Radni sastanak okupio je rukovoditelje relevantnih institucija&hellip;","acf":[],"_links":{"self":[{"href":"https:\/\/exploremostar.ba\/en\/wp-json\/wp\/v2\/posts\/5481","targetHints":{"allow":["GET"]}}],"collection":[{"href":"https:\/\/exploremostar.ba\/en\/wp-json\/wp\/v2\/posts"}],"about":[{"href":"https:\/\/exploremostar.ba\/en\/wp-json\/wp\/v2\/types\/post"}],"author":[{"embeddable":true,"href":"https:\/\/exploremostar.ba\/en\/wp-json\/wp\/v2\/users\/11"}],"replies":[{"embeddable":true,"href":"https:\/\/exploremostar.ba\/en\/wp-json\/wp\/v2\/comments?post=5481"}],"version-history":[{"count":3,"href":"https:\/\/exploremostar.ba\/en\/wp-json\/wp\/v2\/posts\/5481\/revisions"}],"predecessor-version":[{"id":5487,"href":"https:\/\/exploremostar.ba\/en\/wp-json\/wp\/v2\/posts\/5481\/revisions\/5487"}],"wp:featuredmedia":[{"embeddable":true,"href":"https:\/\/exploremostar.ba\/en\/wp-json\/wp\/v2\/media\/5486"}],"wp:attachment":[{"href":"https:\/\/exploremostar.ba\/en\/wp-json\/wp\/v2\/media?parent=5481"}],"wp:term":[{"taxonomy":"category","embeddable":true,"href":"https:\/\/exploremostar.ba\/en\/wp-json\/wp\/v2\/categories?post=5481"},{"taxonomy":"post_tag","embeddable":true,"href":"https:\/\/exploremostar.ba\/en\/wp-json\/wp\/v2\/tags?post=5481"}],"curies":[{"name":"wp","href":"https:\/\/api.w.org\/{rel}","templated":true}]}}