{"id":5476,"date":"2025-12-11T12:14:29","date_gmt":"2025-12-11T11:14:29","guid":{"rendered":"https:\/\/exploremostar.ba\/?p=5476"},"modified":"2025-12-11T12:14:29","modified_gmt":"2025-12-11T11:14:29","slug":"odrzana-6-redovna-sjednica-skupstine-turisticke-zajednice-grada-mostara","status":"publish","type":"post","link":"https:\/\/exploremostar.ba\/en\/odrzana-6-redovna-sjednica-skupstine-turisticke-zajednice-grada-mostara\/","title":{"rendered":"The 6th regular session of the Assembly of the Tourist Board of the City of Mostar was held"},"content":{"rendered":"<p>On Thursday, December 11, 2025, the 6th regular session of the Assembly of the Tourist Board of the City of Mostar was held in the premises of the City Hall of the City of Mostar.<\/p>\n<p>At the session, the TZ GM work program and financial plan for 2026 were presented, as well as a report on the implementation of activities during 2025. The documents are presented in detail and with arguments, which enables the members of the Assembly to have a clear insight into the long-term goals and achievements of the Community.<\/p>\n<p>During the presentation, the director of the Tourist Board, Elvira \u0106emalovi\u0107, reflected on the past period of work and functioning of the TZ. Special emphasis is placed on participation in domestic and international fairs, the costs of such appearances, and the statutory procedures for presenting TZ at promotional events. It was also emphasized that these performances contributed to strengthening the recognition of Mostar as a destination and opening up new opportunities for cooperation.<\/p>\n<p>The members of the Assembly expressed their satisfaction with the open and transparent presentation, emphasizing the understanding of all the challenges that the Tourist Board faces. At the same time, it was pointed out that in just a year and a half of the existence of the Tourist Board of the City of Mostar, visible progress can be clearly felt in the organization, promotion and overall tourist development of the city. This positive trend was evaluated as an incentive for even better and more intensive work in the coming period.<\/p>","protected":false},"excerpt":{"rendered":"<p>On Thursday, December 11, 2025, the 6th regular session of the Assembly of the Tourist Board of the City of Mostar was held in the premises of the City Hall of the City of Mostar. At the session, the TZ GM work program and financial plan for 2026 were presented, as well as a report on the implementation of activities during 2025. The documents are presented in detail and with arguments, so that the members of the Assembly [...]<\/p>","protected":false},"author":11,"featured_media":5477,"comment_status":"closed","ping_status":"open","sticky":false,"template":"","format":"standard","meta":{"footnotes":""},"categories":[100],"tags":[],"class_list":["post-5476","post","type-post","status-publish","format-standard","has-post-thumbnail","hentry","category-pozitivne-price"],"yoast_head":"<!-- This site is optimized with the Yoast SEO plugin v25.1 - https:\/\/yoast.com\/wordpress\/plugins\/seo\/ -->\n<title>Odr\u017eana 6. redovna sjednica Skup\u0161tine Turisti\u010dke zajednice Grada Mostara - exploremostar<\/title>\n<meta name=\"robots\" content=\"index, follow, max-snippet:-1, max-image-preview:large, max-video-preview:-1\" \/>\n<link rel=\"canonical\" href=\"https:\/\/exploremostar.ba\/en\/odrzana-6-redovna-sjednica-skupstine-turisticke-zajednice-grada-mostara\/\" \/>\n<meta property=\"og:locale\" content=\"en_US\" \/>\n<meta property=\"og:type\" content=\"article\" \/>\n<meta property=\"og:title\" content=\"Odr\u017eana 6. redovna sjednica Skup\u0161tine Turisti\u010dke zajednice Grada Mostara - exploremostar\" \/>\n<meta property=\"og:description\" content=\"U \u010detvrtak, 11. 12. 2025. godine, u prostorijama Gradske vije\u0107nice Grada Mostara odr\u017eana je 6. redovna sjednica Skup\u0161tine Turisti\u010dke zajednice Grada Mostara. Na sjednici je predstavljen program rada TZ GM te financijski plan za 2026. godinu, kao i izvje\u0161\u0107e o realizaciji aktivnosti tijekom 2025. godine. Dokumenti su izlo\u017eeni detaljno i argumentirano, \u010dime je \u010dlanovima Skup\u0161tine [&hellip;]\" \/>\n<meta property=\"og:url\" content=\"https:\/\/exploremostar.ba\/en\/odrzana-6-redovna-sjednica-skupstine-turisticke-zajednice-grada-mostara\/\" \/>\n<meta property=\"og:site_name\" content=\"exploremostar\" \/>\n<meta property=\"article:published_time\" content=\"2025-12-11T11:14:29+00:00\" \/>\n<meta property=\"og:image\" content=\"https:\/\/exploremostar.ba\/wp-content\/uploads\/2025\/12\/Logo-1024x634-1.jpg\" \/>\n\t<meta property=\"og:image:width\" content=\"1024\" \/>\n\t<meta property=\"og:image:height\" content=\"634\" \/>\n\t<meta property=\"og:image:type\" content=\"image\/jpeg\" \/>\n<meta name=\"author\" content=\"Dino Jekic\" \/>\n<meta name=\"twitter:card\" content=\"summary_large_image\" \/>\n<meta name=\"twitter:label1\" content=\"Written by\" \/>\n\t<meta name=\"twitter:data1\" content=\"Dino Jekic\" \/>\n\t<meta name=\"twitter:label2\" content=\"Est. reading time\" \/>\n\t<meta name=\"twitter:data2\" content=\"2 minutes\" \/>\n<script type=\"application\/ld+json\" class=\"yoast-schema-graph\">{\"@context\":\"https:\/\/schema.org\",\"@graph\":[{\"@type\":\"WebPage\",\"@id\":\"https:\/\/exploremostar.ba\/odrzana-6-redovna-sjednica-skupstine-turisticke-zajednice-grada-mostara\/\",\"url\":\"https:\/\/exploremostar.ba\/odrzana-6-redovna-sjednica-skupstine-turisticke-zajednice-grada-mostara\/\",\"name\":\"Odr\u017eana 6. redovna sjednica Skup\u0161tine Turisti\u010dke zajednice Grada Mostara - exploremostar\",\"isPartOf\":{\"@id\":\"https:\/\/exploremostar.ba\/#website\"},\"primaryImageOfPage\":{\"@id\":\"https:\/\/exploremostar.ba\/odrzana-6-redovna-sjednica-skupstine-turisticke-zajednice-grada-mostara\/#primaryimage\"},\"image\":{\"@id\":\"https:\/\/exploremostar.ba\/odrzana-6-redovna-sjednica-skupstine-turisticke-zajednice-grada-mostara\/#primaryimage\"},\"thumbnailUrl\":\"https:\/\/exploremostar.ba\/wp-content\/uploads\/2025\/12\/Logo-1024x634-1.jpg\",\"datePublished\":\"2025-12-11T11:14:29+00:00\",\"author\":{\"@id\":\"https:\/\/exploremostar.ba\/#\/schema\/person\/ba658e145ceeda3815df65d8fb9915c7\"},\"breadcrumb\":{\"@id\":\"https:\/\/exploremostar.ba\/odrzana-6-redovna-sjednica-skupstine-turisticke-zajednice-grada-mostara\/#breadcrumb\"},\"inLanguage\":\"en-US\",\"potentialAction\":[{\"@type\":\"ReadAction\",\"target\":[\"https:\/\/exploremostar.ba\/odrzana-6-redovna-sjednica-skupstine-turisticke-zajednice-grada-mostara\/\"]}]},{\"@type\":\"ImageObject\",\"inLanguage\":\"en-US\",\"@id\":\"https:\/\/exploremostar.ba\/odrzana-6-redovna-sjednica-skupstine-turisticke-zajednice-grada-mostara\/#primaryimage\",\"url\":\"https:\/\/exploremostar.ba\/wp-content\/uploads\/2025\/12\/Logo-1024x634-1.jpg\",\"contentUrl\":\"https:\/\/exploremostar.ba\/wp-content\/uploads\/2025\/12\/Logo-1024x634-1.jpg\",\"width\":1024,\"height\":634},{\"@type\":\"BreadcrumbList\",\"@id\":\"https:\/\/exploremostar.ba\/odrzana-6-redovna-sjednica-skupstine-turisticke-zajednice-grada-mostara\/#breadcrumb\",\"itemListElement\":[{\"@type\":\"ListItem\",\"position\":1,\"name\":\"Home\",\"item\":\"https:\/\/exploremostar.ba\/\"},{\"@type\":\"ListItem\",\"position\":2,\"name\":\"Odr\u017eana 6. redovna sjednica Skup\u0161tine Turisti\u010dke zajednice Grada Mostara\"}]},{\"@type\":\"WebSite\",\"@id\":\"https:\/\/exploremostar.ba\/#website\",\"url\":\"https:\/\/exploremostar.ba\/\",\"name\":\"exploremostar\",\"description\":\"Where bridges tell stories\",\"potentialAction\":[{\"@type\":\"SearchAction\",\"target\":{\"@type\":\"EntryPoint\",\"urlTemplate\":\"https:\/\/exploremostar.ba\/?s={search_term_string}\"},\"query-input\":{\"@type\":\"PropertyValueSpecification\",\"valueRequired\":true,\"valueName\":\"search_term_string\"}}],\"inLanguage\":\"en-US\"},{\"@type\":\"Person\",\"@id\":\"https:\/\/exploremostar.ba\/#\/schema\/person\/ba658e145ceeda3815df65d8fb9915c7\",\"name\":\"Dino Jekic\",\"image\":{\"@type\":\"ImageObject\",\"inLanguage\":\"en-US\",\"@id\":\"https:\/\/exploremostar.ba\/#\/schema\/person\/image\/\",\"url\":\"https:\/\/secure.gravatar.com\/avatar\/069d3f51f3e6bcef26bc4581da3ae12333ce97dcefaf5b817593df50933bfefb?s=96&d=https%3A%2F%2Fui-avatars.com%2Fapi%2FDino%20JekicDino%2F96%2F546de5%2Ffff%2F1%2F0.4%2F%2F1%2F1&r=g\",\"contentUrl\":\"https:\/\/secure.gravatar.com\/avatar\/069d3f51f3e6bcef26bc4581da3ae12333ce97dcefaf5b817593df50933bfefb?s=96&d=https%3A%2F%2Fui-avatars.com%2Fapi%2FDino%20JekicDino%2F96%2F546de5%2Ffff%2F1%2F0.4%2F%2F1%2F1&r=g\",\"caption\":\"Dino Jekic\"},\"url\":\"https:\/\/exploremostar.ba\/en\/author\/dino\/\"}]}<\/script>\n<!-- \/ Yoast SEO plugin. -->","yoast_head_json":{"title":"Odr\u017eana 6. redovna sjednica Skup\u0161tine Turisti\u010dke zajednice Grada Mostara - exploremostar","robots":{"index":"index","follow":"follow","max-snippet":"max-snippet:-1","max-image-preview":"max-image-preview:large","max-video-preview":"max-video-preview:-1"},"canonical":"https:\/\/exploremostar.ba\/en\/odrzana-6-redovna-sjednica-skupstine-turisticke-zajednice-grada-mostara\/","og_locale":"en_US","og_type":"article","og_title":"Odr\u017eana 6. redovna sjednica Skup\u0161tine Turisti\u010dke zajednice Grada Mostara - exploremostar","og_description":"U \u010detvrtak, 11. 12. 2025. godine, u prostorijama Gradske vije\u0107nice Grada Mostara odr\u017eana je 6. redovna sjednica Skup\u0161tine Turisti\u010dke zajednice Grada Mostara. Na sjednici je predstavljen program rada TZ GM te financijski plan za 2026. godinu, kao i izvje\u0161\u0107e o realizaciji aktivnosti tijekom 2025. godine. Dokumenti su izlo\u017eeni detaljno i argumentirano, \u010dime je \u010dlanovima Skup\u0161tine [&hellip;]","og_url":"https:\/\/exploremostar.ba\/en\/odrzana-6-redovna-sjednica-skupstine-turisticke-zajednice-grada-mostara\/","og_site_name":"exploremostar","article_published_time":"2025-12-11T11:14:29+00:00","og_image":[{"width":1024,"height":634,"url":"https:\/\/exploremostar.ba\/wp-content\/uploads\/2025\/12\/Logo-1024x634-1.jpg","type":"image\/jpeg"}],"author":"Dino Jekic","twitter_card":"summary_large_image","twitter_misc":{"Written by":"Dino Jekic","Est. reading time":"2 minutes"},"schema":{"@context":"https:\/\/schema.org","@graph":[{"@type":"WebPage","@id":"https:\/\/exploremostar.ba\/odrzana-6-redovna-sjednica-skupstine-turisticke-zajednice-grada-mostara\/","url":"https:\/\/exploremostar.ba\/odrzana-6-redovna-sjednica-skupstine-turisticke-zajednice-grada-mostara\/","name":"Odr\u017eana 6. redovna sjednica Skup\u0161tine Turisti\u010dke zajednice Grada Mostara - exploremostar","isPartOf":{"@id":"https:\/\/exploremostar.ba\/#website"},"primaryImageOfPage":{"@id":"https:\/\/exploremostar.ba\/odrzana-6-redovna-sjednica-skupstine-turisticke-zajednice-grada-mostara\/#primaryimage"},"image":{"@id":"https:\/\/exploremostar.ba\/odrzana-6-redovna-sjednica-skupstine-turisticke-zajednice-grada-mostara\/#primaryimage"},"thumbnailUrl":"https:\/\/exploremostar.ba\/wp-content\/uploads\/2025\/12\/Logo-1024x634-1.jpg","datePublished":"2025-12-11T11:14:29+00:00","author":{"@id":"https:\/\/exploremostar.ba\/#\/schema\/person\/ba658e145ceeda3815df65d8fb9915c7"},"breadcrumb":{"@id":"https:\/\/exploremostar.ba\/odrzana-6-redovna-sjednica-skupstine-turisticke-zajednice-grada-mostara\/#breadcrumb"},"inLanguage":"en-US","potentialAction":[{"@type":"ReadAction","target":["https:\/\/exploremostar.ba\/odrzana-6-redovna-sjednica-skupstine-turisticke-zajednice-grada-mostara\/"]}]},{"@type":"ImageObject","inLanguage":"en-US","@id":"https:\/\/exploremostar.ba\/odrzana-6-redovna-sjednica-skupstine-turisticke-zajednice-grada-mostara\/#primaryimage","url":"https:\/\/exploremostar.ba\/wp-content\/uploads\/2025\/12\/Logo-1024x634-1.jpg","contentUrl":"https:\/\/exploremostar.ba\/wp-content\/uploads\/2025\/12\/Logo-1024x634-1.jpg","width":1024,"height":634},{"@type":"BreadcrumbList","@id":"https:\/\/exploremostar.ba\/odrzana-6-redovna-sjednica-skupstine-turisticke-zajednice-grada-mostara\/#breadcrumb","itemListElement":[{"@type":"ListItem","position":1,"name":"Home","item":"https:\/\/exploremostar.ba\/"},{"@type":"ListItem","position":2,"name":"Odr\u017eana 6. redovna sjednica Skup\u0161tine Turisti\u010dke zajednice Grada Mostara"}]},{"@type":"WebSite","@id":"https:\/\/exploremostar.ba\/#website","url":"https:\/\/exploremostar.ba\/","name":"exploremostar","description":"Where bridges tell stories","potentialAction":[{"@type":"SearchAction","target":{"@type":"EntryPoint","urlTemplate":"https:\/\/exploremostar.ba\/?s={search_term_string}"},"query-input":{"@type":"PropertyValueSpecification","valueRequired":true,"valueName":"search_term_string"}}],"inLanguage":"en-US"},{"@type":"Person","@id":"https:\/\/exploremostar.ba\/#\/schema\/person\/ba658e145ceeda3815df65d8fb9915c7","name":"Dino Jekic","image":{"@type":"ImageObject","inLanguage":"en-US","@id":"https:\/\/exploremostar.ba\/#\/schema\/person\/image\/","url":"https:\/\/secure.gravatar.com\/avatar\/069d3f51f3e6bcef26bc4581da3ae12333ce97dcefaf5b817593df50933bfefb?s=96&d=https%3A%2F%2Fui-avatars.com%2Fapi%2FDino%20JekicDino%2F96%2F546de5%2Ffff%2F1%2F0.4%2F%2F1%2F1&r=g","contentUrl":"https:\/\/secure.gravatar.com\/avatar\/069d3f51f3e6bcef26bc4581da3ae12333ce97dcefaf5b817593df50933bfefb?s=96&d=https%3A%2F%2Fui-avatars.com%2Fapi%2FDino%20JekicDino%2F96%2F546de5%2Ffff%2F1%2F0.4%2F%2F1%2F1&r=g","caption":"Dino Jekic"},"url":"https:\/\/exploremostar.ba\/en\/author\/dino\/"}]}},"rttpg_featured_image_url":{"full":["https:\/\/exploremostar.ba\/wp-content\/uploads\/2025\/12\/Logo-1024x634-1.jpg",1024,634,false],"landscape":["https:\/\/exploremostar.ba\/wp-content\/uploads\/2025\/12\/Logo-1024x634-1.jpg",1024,634,false],"portraits":["https:\/\/exploremostar.ba\/wp-content\/uploads\/2025\/12\/Logo-1024x634-1.jpg",1024,634,false],"thumbnail":["https:\/\/exploremostar.ba\/wp-content\/uploads\/2025\/12\/Logo-1024x634-1-150x150.jpg",150,150,true],"medium":["https:\/\/exploremostar.ba\/wp-content\/uploads\/2025\/12\/Logo-1024x634-1-300x186.jpg",300,186,true],"large":["https:\/\/exploremostar.ba\/wp-content\/uploads\/2025\/12\/Logo-1024x634-1.jpg",1024,634,false],"1536x1536":["https:\/\/exploremostar.ba\/wp-content\/uploads\/2025\/12\/Logo-1024x634-1.jpg",1024,634,false],"2048x2048":["https:\/\/exploremostar.ba\/wp-content\/uploads\/2025\/12\/Logo-1024x634-1.jpg",1024,634,false],"trp-custom-language-flag":["https:\/\/exploremostar.ba\/wp-content\/uploads\/2025\/12\/Logo-1024x634-1-18x12.jpg",18,12,true],"woocommerce_thumbnail":["https:\/\/exploremostar.ba\/wp-content\/uploads\/2025\/12\/Logo-1024x634-1-300x300.jpg",300,300,true],"woocommerce_single":["https:\/\/exploremostar.ba\/wp-content\/uploads\/2025\/12\/Logo-1024x634-1-600x371.jpg",600,371,true],"woocommerce_gallery_thumbnail":["https:\/\/exploremostar.ba\/wp-content\/uploads\/2025\/12\/Logo-1024x634-1-100x100.jpg",100,100,true],"rt_custom":["https:\/\/exploremostar.ba\/wp-content\/uploads\/2025\/12\/Logo-1024x634-1.jpg",1024,634,false]},"rttpg_author":{"display_name":"Dino Jekic","author_link":"https:\/\/exploremostar.ba\/en\/author\/dino\/"},"rttpg_comment":0,"rttpg_category":"<a href=\"https:\/\/exploremostar.ba\/en\/post-category\/pozitivne-price\/\" rel=\"category tag\">Pozitivne pri\u010de<\/a>","rttpg_excerpt":"U \u010detvrtak, 11. 12. 2025. godine, u prostorijama Gradske vije\u0107nice Grada Mostara odr\u017eana je 6. redovna sjednica Skup\u0161tine Turisti\u010dke zajednice Grada Mostara. Na sjednici je predstavljen program rada TZ GM te financijski plan za 2026. godinu, kao i izvje\u0161\u0107e o realizaciji aktivnosti tijekom 2025. godine. Dokumenti su izlo\u017eeni detaljno i argumentirano, \u010dime je \u010dlanovima Skup\u0161tine&hellip;","acf":[],"_links":{"self":[{"href":"https:\/\/exploremostar.ba\/en\/wp-json\/wp\/v2\/posts\/5476","targetHints":{"allow":["GET"]}}],"collection":[{"href":"https:\/\/exploremostar.ba\/en\/wp-json\/wp\/v2\/posts"}],"about":[{"href":"https:\/\/exploremostar.ba\/en\/wp-json\/wp\/v2\/types\/post"}],"author":[{"embeddable":true,"href":"https:\/\/exploremostar.ba\/en\/wp-json\/wp\/v2\/users\/11"}],"replies":[{"embeddable":true,"href":"https:\/\/exploremostar.ba\/en\/wp-json\/wp\/v2\/comments?post=5476"}],"version-history":[{"count":1,"href":"https:\/\/exploremostar.ba\/en\/wp-json\/wp\/v2\/posts\/5476\/revisions"}],"predecessor-version":[{"id":5478,"href":"https:\/\/exploremostar.ba\/en\/wp-json\/wp\/v2\/posts\/5476\/revisions\/5478"}],"wp:featuredmedia":[{"embeddable":true,"href":"https:\/\/exploremostar.ba\/en\/wp-json\/wp\/v2\/media\/5477"}],"wp:attachment":[{"href":"https:\/\/exploremostar.ba\/en\/wp-json\/wp\/v2\/media?parent=5476"}],"wp:term":[{"taxonomy":"category","embeddable":true,"href":"https:\/\/exploremostar.ba\/en\/wp-json\/wp\/v2\/categories?post=5476"},{"taxonomy":"post_tag","embeddable":true,"href":"https:\/\/exploremostar.ba\/en\/wp-json\/wp\/v2\/tags?post=5476"}],"curies":[{"name":"wp","href":"https:\/\/api.w.org\/{rel}","templated":true}]}}