{"id":5468,"date":"2025-12-05T12:04:16","date_gmt":"2025-12-05T11:04:16","guid":{"rendered":"https:\/\/exploremostar.ba\/?p=5468"},"modified":"2025-12-05T12:05:57","modified_gmt":"2025-12-05T11:05:57","slug":"direktorica-tz-gm-sastala-se-sa-nacelnicom-odjela-za-privredu-komunalne-i-inspekcijske-poslove-grada-mostara","status":"publish","type":"post","link":"https:\/\/exploremostar.ba\/en\/direktorica-tz-gm-sastala-se-sa-nacelnicom-odjela-za-privredu-komunalne-i-inspekcijske-poslove-grada-mostara\/","title":{"rendered":"The Director of the GM Tourist Board met with the Head of the Department for Economy, Utilities and Inspection Affairs"},"content":{"rendered":"<p style=\"font-weight: 400;\">In order to organize Mostar as a tourist destination, and at the initiative of the director of the Tourist Board of the City of Mostar, Elvira \u0106emalovi\u0107, a meeting was held today with Mrs. Amira Trbonja, head of the Department for Economic, Communal and Inspection Affairs of the City of Mostar.<\/p>\n<p style=\"font-weight: 400;\">A list of 340 private accommodation providers in Mostar who advertise through online rental platforms and who do not have a decision on meeting the conditions for providing accommodation services and the requirements for the category has been submitted to the Mayor of Trbonje.<\/p>\n<p style=\"font-weight: 400;\">If we consider the fact that we are talking about almost 2,000 beds, it is clear how much the City of Mostar, the Tourist Board of the Croatian National Theatre and the Tourist Board of the City of Mostar, which is not funded by the budget, are losing funds that are legally due to them, and which are invested in developing tourist infrastructure and creating tourist content that would attract tourists and keep them there longer.<\/p>\n<p style=\"font-weight: 400;\">What is of particular concern to the Tourist Board of the City of Mostar is the security aspect of this problem, as it remains unknown who is staying in a particular accommodation and whether it poses a potential threat to the safety of citizens.<\/p>\n<p style=\"font-weight: 400;\">In addition to the above, unregistered private accommodation makes it impossible to record the number of guests, their origin and length of stay, which creates a problem when creating analyzes and strategies for tourism development.<\/p>\n<p style=\"font-weight: 400;\">Mrs. Trbonja pointed out that the Department she heads will make every effort to resolve this issue as soon as possible.<\/p>\n<p style=\"font-weight: 400;\">Director \u0106emalovi\u0107 thanked them for the meeting, the constructive conversation, and the will to solve this problem systematically.<\/p>\n<p style=\"font-weight: 400;\">","protected":false},"excerpt":{"rendered":"<p>In order to develop Mostar as a tourist destination, and at the initiative of the Director of the Tourist Board of the City of Mostar, Elvira \u0106emalovi\u0107, a meeting was held today with Ms. Amira Trbonja, Head of the Department for Economic, Communal and Inspection Affairs of the City of Mostar. A list of 340 private accommodation providers in Mostar who advertise via online rental platforms and who do not have a solution [\u2026]<\/p>","protected":false},"author":11,"featured_media":5469,"comment_status":"closed","ping_status":"open","sticky":false,"template":"","format":"standard","meta":{"footnotes":""},"categories":[100],"tags":[],"class_list":["post-5468","post","type-post","status-publish","format-standard","has-post-thumbnail","hentry","category-pozitivne-price"],"yoast_head":"<!-- This site is optimized with the Yoast SEO plugin v25.1 - https:\/\/yoast.com\/wordpress\/plugins\/seo\/ -->\n<title>Direktorica TZ GM sastala se sa na\u010delnicom Odjela za privredu, komunalne i inspekcijske poslove - exploremostar<\/title>\n<meta name=\"robots\" content=\"index, follow, max-snippet:-1, max-image-preview:large, max-video-preview:-1\" \/>\n<link rel=\"canonical\" href=\"https:\/\/exploremostar.ba\/en\/direktorica-tz-gm-sastala-se-sa-nacelnicom-odjela-za-privredu-komunalne-i-inspekcijske-poslove-grada-mostara\/\" \/>\n<meta property=\"og:locale\" content=\"en_US\" \/>\n<meta property=\"og:type\" content=\"article\" \/>\n<meta property=\"og:title\" content=\"Direktorica TZ GM sastala se sa na\u010delnicom Odjela za privredu, komunalne i inspekcijske poslove - exploremostar\" \/>\n<meta property=\"og:description\" content=\"U cilju ure\u0111enja Mostara kao turisti\u010dke destinacije, a na inicijativu direktorice Turisti\u010dke zajednice Grada Mostara Elvire \u0106emalovi\u0107, danas je odr\u017ean sastanak sa gospo\u0111om Amirom Trbonja, na\u010delnicom Odjela za privredne, komunalne i inspekcijske poslove Grada Mostara. Spisak 340 privatnih iznajmljiva\u010da smje\u0161taja u Mostaru koji se ogla\u0161avaju putem online platformi za iznajmljivanje, a koji ne posjeduju rje\u0161enje [&hellip;]\" \/>\n<meta property=\"og:url\" content=\"https:\/\/exploremostar.ba\/en\/direktorica-tz-gm-sastala-se-sa-nacelnicom-odjela-za-privredu-komunalne-i-inspekcijske-poslove-grada-mostara\/\" \/>\n<meta property=\"og:site_name\" content=\"exploremostar\" \/>\n<meta property=\"article:published_time\" content=\"2025-12-05T11:04:16+00:00\" \/>\n<meta property=\"article:modified_time\" content=\"2025-12-05T11:05:57+00:00\" \/>\n<meta property=\"og:image\" content=\"https:\/\/exploremostar.ba\/wp-content\/uploads\/2025\/12\/TZ_GM_Sastanak.jpg\" \/>\n\t<meta property=\"og:image:width\" content=\"1195\" \/>\n\t<meta property=\"og:image:height\" content=\"832\" \/>\n\t<meta property=\"og:image:type\" content=\"image\/jpeg\" \/>\n<meta name=\"author\" content=\"Dino Jekic\" \/>\n<meta name=\"twitter:card\" content=\"summary_large_image\" \/>\n<meta name=\"twitter:label1\" content=\"Written by\" \/>\n\t<meta name=\"twitter:data1\" content=\"Dino Jekic\" \/>\n\t<meta name=\"twitter:label2\" content=\"Est. reading time\" \/>\n\t<meta name=\"twitter:data2\" content=\"2 minutes\" \/>\n<script type=\"application\/ld+json\" class=\"yoast-schema-graph\">{\"@context\":\"https:\/\/schema.org\",\"@graph\":[{\"@type\":\"WebPage\",\"@id\":\"https:\/\/exploremostar.ba\/direktorica-tz-gm-sastala-se-sa-nacelnicom-odjela-za-privredu-komunalne-i-inspekcijske-poslove-grada-mostara\/\",\"url\":\"https:\/\/exploremostar.ba\/direktorica-tz-gm-sastala-se-sa-nacelnicom-odjela-za-privredu-komunalne-i-inspekcijske-poslove-grada-mostara\/\",\"name\":\"Direktorica TZ GM sastala se sa na\u010delnicom Odjela za privredu, komunalne i inspekcijske poslove - exploremostar\",\"isPartOf\":{\"@id\":\"https:\/\/exploremostar.ba\/#website\"},\"primaryImageOfPage\":{\"@id\":\"https:\/\/exploremostar.ba\/direktorica-tz-gm-sastala-se-sa-nacelnicom-odjela-za-privredu-komunalne-i-inspekcijske-poslove-grada-mostara\/#primaryimage\"},\"image\":{\"@id\":\"https:\/\/exploremostar.ba\/direktorica-tz-gm-sastala-se-sa-nacelnicom-odjela-za-privredu-komunalne-i-inspekcijske-poslove-grada-mostara\/#primaryimage\"},\"thumbnailUrl\":\"https:\/\/exploremostar.ba\/wp-content\/uploads\/2025\/12\/TZ_GM_Sastanak.jpg\",\"datePublished\":\"2025-12-05T11:04:16+00:00\",\"dateModified\":\"2025-12-05T11:05:57+00:00\",\"author\":{\"@id\":\"https:\/\/exploremostar.ba\/#\/schema\/person\/ba658e145ceeda3815df65d8fb9915c7\"},\"breadcrumb\":{\"@id\":\"https:\/\/exploremostar.ba\/direktorica-tz-gm-sastala-se-sa-nacelnicom-odjela-za-privredu-komunalne-i-inspekcijske-poslove-grada-mostara\/#breadcrumb\"},\"inLanguage\":\"en-US\",\"potentialAction\":[{\"@type\":\"ReadAction\",\"target\":[\"https:\/\/exploremostar.ba\/direktorica-tz-gm-sastala-se-sa-nacelnicom-odjela-za-privredu-komunalne-i-inspekcijske-poslove-grada-mostara\/\"]}]},{\"@type\":\"ImageObject\",\"inLanguage\":\"en-US\",\"@id\":\"https:\/\/exploremostar.ba\/direktorica-tz-gm-sastala-se-sa-nacelnicom-odjela-za-privredu-komunalne-i-inspekcijske-poslove-grada-mostara\/#primaryimage\",\"url\":\"https:\/\/exploremostar.ba\/wp-content\/uploads\/2025\/12\/TZ_GM_Sastanak.jpg\",\"contentUrl\":\"https:\/\/exploremostar.ba\/wp-content\/uploads\/2025\/12\/TZ_GM_Sastanak.jpg\",\"width\":1195,\"height\":832},{\"@type\":\"BreadcrumbList\",\"@id\":\"https:\/\/exploremostar.ba\/direktorica-tz-gm-sastala-se-sa-nacelnicom-odjela-za-privredu-komunalne-i-inspekcijske-poslove-grada-mostara\/#breadcrumb\",\"itemListElement\":[{\"@type\":\"ListItem\",\"position\":1,\"name\":\"Home\",\"item\":\"https:\/\/exploremostar.ba\/\"},{\"@type\":\"ListItem\",\"position\":2,\"name\":\"Direktorica TZ GM sastala se sa na\u010delnicom Odjela za privredu, komunalne i inspekcijske poslove\"}]},{\"@type\":\"WebSite\",\"@id\":\"https:\/\/exploremostar.ba\/#website\",\"url\":\"https:\/\/exploremostar.ba\/\",\"name\":\"exploremostar\",\"description\":\"Where bridges tell stories\",\"potentialAction\":[{\"@type\":\"SearchAction\",\"target\":{\"@type\":\"EntryPoint\",\"urlTemplate\":\"https:\/\/exploremostar.ba\/?s={search_term_string}\"},\"query-input\":{\"@type\":\"PropertyValueSpecification\",\"valueRequired\":true,\"valueName\":\"search_term_string\"}}],\"inLanguage\":\"en-US\"},{\"@type\":\"Person\",\"@id\":\"https:\/\/exploremostar.ba\/#\/schema\/person\/ba658e145ceeda3815df65d8fb9915c7\",\"name\":\"Dino Jekic\",\"image\":{\"@type\":\"ImageObject\",\"inLanguage\":\"en-US\",\"@id\":\"https:\/\/exploremostar.ba\/#\/schema\/person\/image\/\",\"url\":\"https:\/\/secure.gravatar.com\/avatar\/069d3f51f3e6bcef26bc4581da3ae12333ce97dcefaf5b817593df50933bfefb?s=96&d=https%3A%2F%2Fui-avatars.com%2Fapi%2FDino%20JekicDino%2F96%2F546de5%2Ffff%2F1%2F0.4%2F%2F1%2F1&r=g\",\"contentUrl\":\"https:\/\/secure.gravatar.com\/avatar\/069d3f51f3e6bcef26bc4581da3ae12333ce97dcefaf5b817593df50933bfefb?s=96&d=https%3A%2F%2Fui-avatars.com%2Fapi%2FDino%20JekicDino%2F96%2F546de5%2Ffff%2F1%2F0.4%2F%2F1%2F1&r=g\",\"caption\":\"Dino Jekic\"},\"url\":\"https:\/\/exploremostar.ba\/en\/author\/dino\/\"}]}<\/script>\n<!-- \/ Yoast SEO plugin. -->","yoast_head_json":{"title":"Direktorica TZ GM sastala se sa na\u010delnicom Odjela za privredu, komunalne i inspekcijske poslove - exploremostar","robots":{"index":"index","follow":"follow","max-snippet":"max-snippet:-1","max-image-preview":"max-image-preview:large","max-video-preview":"max-video-preview:-1"},"canonical":"https:\/\/exploremostar.ba\/en\/direktorica-tz-gm-sastala-se-sa-nacelnicom-odjela-za-privredu-komunalne-i-inspekcijske-poslove-grada-mostara\/","og_locale":"en_US","og_type":"article","og_title":"Direktorica TZ GM sastala se sa na\u010delnicom Odjela za privredu, komunalne i inspekcijske poslove - exploremostar","og_description":"U cilju ure\u0111enja Mostara kao turisti\u010dke destinacije, a na inicijativu direktorice Turisti\u010dke zajednice Grada Mostara Elvire \u0106emalovi\u0107, danas je odr\u017ean sastanak sa gospo\u0111om Amirom Trbonja, na\u010delnicom Odjela za privredne, komunalne i inspekcijske poslove Grada Mostara. Spisak 340 privatnih iznajmljiva\u010da smje\u0161taja u Mostaru koji se ogla\u0161avaju putem online platformi za iznajmljivanje, a koji ne posjeduju rje\u0161enje [&hellip;]","og_url":"https:\/\/exploremostar.ba\/en\/direktorica-tz-gm-sastala-se-sa-nacelnicom-odjela-za-privredu-komunalne-i-inspekcijske-poslove-grada-mostara\/","og_site_name":"exploremostar","article_published_time":"2025-12-05T11:04:16+00:00","article_modified_time":"2025-12-05T11:05:57+00:00","og_image":[{"width":1195,"height":832,"url":"https:\/\/exploremostar.ba\/wp-content\/uploads\/2025\/12\/TZ_GM_Sastanak.jpg","type":"image\/jpeg"}],"author":"Dino Jekic","twitter_card":"summary_large_image","twitter_misc":{"Written by":"Dino Jekic","Est. reading time":"2 minutes"},"schema":{"@context":"https:\/\/schema.org","@graph":[{"@type":"WebPage","@id":"https:\/\/exploremostar.ba\/direktorica-tz-gm-sastala-se-sa-nacelnicom-odjela-za-privredu-komunalne-i-inspekcijske-poslove-grada-mostara\/","url":"https:\/\/exploremostar.ba\/direktorica-tz-gm-sastala-se-sa-nacelnicom-odjela-za-privredu-komunalne-i-inspekcijske-poslove-grada-mostara\/","name":"Direktorica TZ GM sastala se sa na\u010delnicom Odjela za privredu, komunalne i inspekcijske poslove - exploremostar","isPartOf":{"@id":"https:\/\/exploremostar.ba\/#website"},"primaryImageOfPage":{"@id":"https:\/\/exploremostar.ba\/direktorica-tz-gm-sastala-se-sa-nacelnicom-odjela-za-privredu-komunalne-i-inspekcijske-poslove-grada-mostara\/#primaryimage"},"image":{"@id":"https:\/\/exploremostar.ba\/direktorica-tz-gm-sastala-se-sa-nacelnicom-odjela-za-privredu-komunalne-i-inspekcijske-poslove-grada-mostara\/#primaryimage"},"thumbnailUrl":"https:\/\/exploremostar.ba\/wp-content\/uploads\/2025\/12\/TZ_GM_Sastanak.jpg","datePublished":"2025-12-05T11:04:16+00:00","dateModified":"2025-12-05T11:05:57+00:00","author":{"@id":"https:\/\/exploremostar.ba\/#\/schema\/person\/ba658e145ceeda3815df65d8fb9915c7"},"breadcrumb":{"@id":"https:\/\/exploremostar.ba\/direktorica-tz-gm-sastala-se-sa-nacelnicom-odjela-za-privredu-komunalne-i-inspekcijske-poslove-grada-mostara\/#breadcrumb"},"inLanguage":"en-US","potentialAction":[{"@type":"ReadAction","target":["https:\/\/exploremostar.ba\/direktorica-tz-gm-sastala-se-sa-nacelnicom-odjela-za-privredu-komunalne-i-inspekcijske-poslove-grada-mostara\/"]}]},{"@type":"ImageObject","inLanguage":"en-US","@id":"https:\/\/exploremostar.ba\/direktorica-tz-gm-sastala-se-sa-nacelnicom-odjela-za-privredu-komunalne-i-inspekcijske-poslove-grada-mostara\/#primaryimage","url":"https:\/\/exploremostar.ba\/wp-content\/uploads\/2025\/12\/TZ_GM_Sastanak.jpg","contentUrl":"https:\/\/exploremostar.ba\/wp-content\/uploads\/2025\/12\/TZ_GM_Sastanak.jpg","width":1195,"height":832},{"@type":"BreadcrumbList","@id":"https:\/\/exploremostar.ba\/direktorica-tz-gm-sastala-se-sa-nacelnicom-odjela-za-privredu-komunalne-i-inspekcijske-poslove-grada-mostara\/#breadcrumb","itemListElement":[{"@type":"ListItem","position":1,"name":"Home","item":"https:\/\/exploremostar.ba\/"},{"@type":"ListItem","position":2,"name":"Direktorica TZ GM sastala se sa na\u010delnicom Odjela za privredu, komunalne i inspekcijske poslove"}]},{"@type":"WebSite","@id":"https:\/\/exploremostar.ba\/#website","url":"https:\/\/exploremostar.ba\/","name":"exploremostar","description":"Where bridges tell stories","potentialAction":[{"@type":"SearchAction","target":{"@type":"EntryPoint","urlTemplate":"https:\/\/exploremostar.ba\/?s={search_term_string}"},"query-input":{"@type":"PropertyValueSpecification","valueRequired":true,"valueName":"search_term_string"}}],"inLanguage":"en-US"},{"@type":"Person","@id":"https:\/\/exploremostar.ba\/#\/schema\/person\/ba658e145ceeda3815df65d8fb9915c7","name":"Dino Jekic","image":{"@type":"ImageObject","inLanguage":"en-US","@id":"https:\/\/exploremostar.ba\/#\/schema\/person\/image\/","url":"https:\/\/secure.gravatar.com\/avatar\/069d3f51f3e6bcef26bc4581da3ae12333ce97dcefaf5b817593df50933bfefb?s=96&d=https%3A%2F%2Fui-avatars.com%2Fapi%2FDino%20JekicDino%2F96%2F546de5%2Ffff%2F1%2F0.4%2F%2F1%2F1&r=g","contentUrl":"https:\/\/secure.gravatar.com\/avatar\/069d3f51f3e6bcef26bc4581da3ae12333ce97dcefaf5b817593df50933bfefb?s=96&d=https%3A%2F%2Fui-avatars.com%2Fapi%2FDino%20JekicDino%2F96%2F546de5%2Ffff%2F1%2F0.4%2F%2F1%2F1&r=g","caption":"Dino Jekic"},"url":"https:\/\/exploremostar.ba\/en\/author\/dino\/"}]}},"rttpg_featured_image_url":{"full":["https:\/\/exploremostar.ba\/wp-content\/uploads\/2025\/12\/TZ_GM_Sastanak.jpg",1195,832,false],"landscape":["https:\/\/exploremostar.ba\/wp-content\/uploads\/2025\/12\/TZ_GM_Sastanak.jpg",1195,832,false],"portraits":["https:\/\/exploremostar.ba\/wp-content\/uploads\/2025\/12\/TZ_GM_Sastanak.jpg",1195,832,false],"thumbnail":["https:\/\/exploremostar.ba\/wp-content\/uploads\/2025\/12\/TZ_GM_Sastanak-150x150.jpg",150,150,true],"medium":["https:\/\/exploremostar.ba\/wp-content\/uploads\/2025\/12\/TZ_GM_Sastanak-300x209.jpg",300,209,true],"large":["https:\/\/exploremostar.ba\/wp-content\/uploads\/2025\/12\/TZ_GM_Sastanak-1024x713.jpg",1024,713,true],"1536x1536":["https:\/\/exploremostar.ba\/wp-content\/uploads\/2025\/12\/TZ_GM_Sastanak.jpg",1195,832,false],"2048x2048":["https:\/\/exploremostar.ba\/wp-content\/uploads\/2025\/12\/TZ_GM_Sastanak.jpg",1195,832,false],"trp-custom-language-flag":["https:\/\/exploremostar.ba\/wp-content\/uploads\/2025\/12\/TZ_GM_Sastanak-18x12.jpg",18,12,true],"woocommerce_thumbnail":["https:\/\/exploremostar.ba\/wp-content\/uploads\/2025\/12\/TZ_GM_Sastanak-300x300.jpg",300,300,true],"woocommerce_single":["https:\/\/exploremostar.ba\/wp-content\/uploads\/2025\/12\/TZ_GM_Sastanak-600x418.jpg",600,418,true],"woocommerce_gallery_thumbnail":["https:\/\/exploremostar.ba\/wp-content\/uploads\/2025\/12\/TZ_GM_Sastanak-100x100.jpg",100,100,true],"rt_custom":["https:\/\/exploremostar.ba\/wp-content\/uploads\/2025\/12\/TZ_GM_Sastanak.jpg",1195,832,false]},"rttpg_author":{"display_name":"Dino Jekic","author_link":"https:\/\/exploremostar.ba\/en\/author\/dino\/"},"rttpg_comment":0,"rttpg_category":"<a href=\"https:\/\/exploremostar.ba\/en\/post-category\/pozitivne-price\/\" rel=\"category tag\">Pozitivne pri\u010de<\/a>","rttpg_excerpt":"U cilju ure\u0111enja Mostara kao turisti\u010dke destinacije, a na inicijativu direktorice Turisti\u010dke zajednice Grada Mostara Elvire \u0106emalovi\u0107, danas je odr\u017ean sastanak sa gospo\u0111om Amirom Trbonja, na\u010delnicom Odjela za privredne, komunalne i inspekcijske poslove Grada Mostara. Spisak 340 privatnih iznajmljiva\u010da smje\u0161taja u Mostaru koji se ogla\u0161avaju putem online platformi za iznajmljivanje, a koji ne posjeduju rje\u0161enje&hellip;","acf":[],"_links":{"self":[{"href":"https:\/\/exploremostar.ba\/en\/wp-json\/wp\/v2\/posts\/5468","targetHints":{"allow":["GET"]}}],"collection":[{"href":"https:\/\/exploremostar.ba\/en\/wp-json\/wp\/v2\/posts"}],"about":[{"href":"https:\/\/exploremostar.ba\/en\/wp-json\/wp\/v2\/types\/post"}],"author":[{"embeddable":true,"href":"https:\/\/exploremostar.ba\/en\/wp-json\/wp\/v2\/users\/11"}],"replies":[{"embeddable":true,"href":"https:\/\/exploremostar.ba\/en\/wp-json\/wp\/v2\/comments?post=5468"}],"version-history":[{"count":4,"href":"https:\/\/exploremostar.ba\/en\/wp-json\/wp\/v2\/posts\/5468\/revisions"}],"predecessor-version":[{"id":5473,"href":"https:\/\/exploremostar.ba\/en\/wp-json\/wp\/v2\/posts\/5468\/revisions\/5473"}],"wp:featuredmedia":[{"embeddable":true,"href":"https:\/\/exploremostar.ba\/en\/wp-json\/wp\/v2\/media\/5469"}],"wp:attachment":[{"href":"https:\/\/exploremostar.ba\/en\/wp-json\/wp\/v2\/media?parent=5468"}],"wp:term":[{"taxonomy":"category","embeddable":true,"href":"https:\/\/exploremostar.ba\/en\/wp-json\/wp\/v2\/categories?post=5468"},{"taxonomy":"post_tag","embeddable":true,"href":"https:\/\/exploremostar.ba\/en\/wp-json\/wp\/v2\/tags?post=5468"}],"curies":[{"name":"wp","href":"https:\/\/api.w.org\/{rel}","templated":true}]}}