{"id":5418,"date":"2025-11-18T15:01:06","date_gmt":"2025-11-18T14:01:06","guid":{"rendered":"https:\/\/exploremostar.ba\/?p=5418"},"modified":"2025-11-18T15:01:06","modified_gmt":"2025-11-18T14:01:06","slug":"predstavnici-tz-gm-na-sajmu-u-barceloni","status":"publish","type":"post","link":"https:\/\/exploremostar.ba\/en\/predstavnici-tz-gm-na-sajmu-u-barceloni\/","title":{"rendered":"Representatives of TZ GM at the fair in Barcelona"},"content":{"rendered":"<p>The Tourist Board of the City of Mostar participated in the IBTM WORLD fair in Barcelona, Spain.<\/p>\n<p>The fair is an opportunity to establish new future partnerships, all with the aim of providing a quality presentation of Mostar as an attractive tourist destination.<\/p>\n<p>On the first day of the Fair, the Director of the Tourist Board, Elvira \u0106emalovi\u0107, held a series of meetings with representatives of Poland, Saudi Arabia, Azerbaijan, Italy, and the Czech Republic, at which significant interest was shown in the tourist traffic of Mostar and the surrounding area.<\/p>\n<p>Previously arranged meetings will continue on the following days of the Fair.<br \/>\n<img fetchpriority=\"high\" decoding=\"async\" class=\"alignnone size-medium wp-image-5420\" src=\"https:\/\/exploremostar.ba\/wp-content\/uploads\/2025\/11\/Sajam-Barcelona1-1-300x181.jpg\" alt=\"\" width=\"300\" height=\"181\" srcset=\"https:\/\/exploremostar.ba\/wp-content\/uploads\/2025\/11\/Sajam-Barcelona1-1-300x181.jpg 300w, https:\/\/exploremostar.ba\/wp-content\/uploads\/2025\/11\/Sajam-Barcelona1-1-1024x617.jpg 1024w, https:\/\/exploremostar.ba\/wp-content\/uploads\/2025\/11\/Sajam-Barcelona1-1-768x463.jpg 768w, https:\/\/exploremostar.ba\/wp-content\/uploads\/2025\/11\/Sajam-Barcelona1-1-18x12.jpg 18w, https:\/\/exploremostar.ba\/wp-content\/uploads\/2025\/11\/Sajam-Barcelona1-1-600x362.jpg 600w, https:\/\/exploremostar.ba\/wp-content\/uploads\/2025\/11\/Sajam-Barcelona1-1.jpg 1200w\" sizes=\"(max-width: 300px) 100vw, 300px\" \/> <img decoding=\"async\" class=\"alignnone size-medium wp-image-5421\" src=\"https:\/\/exploremostar.ba\/wp-content\/uploads\/2025\/11\/Sajam-Barcelona2-300x230.jpg\" alt=\"\" width=\"300\" height=\"230\" srcset=\"https:\/\/exploremostar.ba\/wp-content\/uploads\/2025\/11\/Sajam-Barcelona2-300x230.jpg 300w, https:\/\/exploremostar.ba\/wp-content\/uploads\/2025\/11\/Sajam-Barcelona2-1024x785.jpg 1024w, https:\/\/exploremostar.ba\/wp-content\/uploads\/2025\/11\/Sajam-Barcelona2-768x589.jpg 768w, https:\/\/exploremostar.ba\/wp-content\/uploads\/2025\/11\/Sajam-Barcelona2-16x12.jpg 16w, https:\/\/exploremostar.ba\/wp-content\/uploads\/2025\/11\/Sajam-Barcelona2-600x460.jpg 600w, https:\/\/exploremostar.ba\/wp-content\/uploads\/2025\/11\/Sajam-Barcelona2.jpg 1200w\" sizes=\"(max-width: 300px) 100vw, 300px\" \/> <img decoding=\"async\" class=\"alignnone size-medium wp-image-5422\" src=\"https:\/\/exploremostar.ba\/wp-content\/uploads\/2025\/11\/Sajam-Barcelona3-300x212.jpg\" alt=\"\" width=\"300\" height=\"212\" srcset=\"https:\/\/exploremostar.ba\/wp-content\/uploads\/2025\/11\/Sajam-Barcelona3-300x212.jpg 300w, https:\/\/exploremostar.ba\/wp-content\/uploads\/2025\/11\/Sajam-Barcelona3-1024x723.jpg 1024w, https:\/\/exploremostar.ba\/wp-content\/uploads\/2025\/11\/Sajam-Barcelona3-768x542.jpg 768w, https:\/\/exploremostar.ba\/wp-content\/uploads\/2025\/11\/Sajam-Barcelona3-18x12.jpg 18w, https:\/\/exploremostar.ba\/wp-content\/uploads\/2025\/11\/Sajam-Barcelona3-600x424.jpg 600w, https:\/\/exploremostar.ba\/wp-content\/uploads\/2025\/11\/Sajam-Barcelona3.jpg 1200w\" sizes=\"(max-width: 300px) 100vw, 300px\" \/><img loading=\"lazy\" decoding=\"async\" class=\"alignnone size-medium wp-image-5423\" src=\"https:\/\/exploremostar.ba\/wp-content\/uploads\/2025\/11\/Sajam-Barcelona4-288x300.jpg\" alt=\"\" width=\"288\" height=\"300\" srcset=\"https:\/\/exploremostar.ba\/wp-content\/uploads\/2025\/11\/Sajam-Barcelona4-288x300.jpg 288w, https:\/\/exploremostar.ba\/wp-content\/uploads\/2025\/11\/Sajam-Barcelona4-985x1024.jpg 985w, https:\/\/exploremostar.ba\/wp-content\/uploads\/2025\/11\/Sajam-Barcelona4-768x799.jpg 768w, https:\/\/exploremostar.ba\/wp-content\/uploads\/2025\/11\/Sajam-Barcelona4-12x12.jpg 12w, https:\/\/exploremostar.ba\/wp-content\/uploads\/2025\/11\/Sajam-Barcelona4-600x624.jpg 600w, https:\/\/exploremostar.ba\/wp-content\/uploads\/2025\/11\/Sajam-Barcelona4.jpg 1200w\" sizes=\"(max-width: 288px) 100vw, 288px\" \/> <img loading=\"lazy\" decoding=\"async\" class=\"alignnone size-medium wp-image-5424\" src=\"https:\/\/exploremostar.ba\/wp-content\/uploads\/2025\/11\/Sajam-Barcelona5-300x199.jpg\" alt=\"\" width=\"300\" height=\"199\" srcset=\"https:\/\/exploremostar.ba\/wp-content\/uploads\/2025\/11\/Sajam-Barcelona5-300x199.jpg 300w, https:\/\/exploremostar.ba\/wp-content\/uploads\/2025\/11\/Sajam-Barcelona5-1024x678.jpg 1024w, https:\/\/exploremostar.ba\/wp-content\/uploads\/2025\/11\/Sajam-Barcelona5-768x508.jpg 768w, https:\/\/exploremostar.ba\/wp-content\/uploads\/2025\/11\/Sajam-Barcelona5-18x12.jpg 18w, https:\/\/exploremostar.ba\/wp-content\/uploads\/2025\/11\/Sajam-Barcelona5-600x397.jpg 600w, https:\/\/exploremostar.ba\/wp-content\/uploads\/2025\/11\/Sajam-Barcelona5.jpg 1200w\" sizes=\"(max-width: 300px) 100vw, 300px\" \/> <img loading=\"lazy\" decoding=\"async\" class=\"alignnone size-medium wp-image-5425\" src=\"https:\/\/exploremostar.ba\/wp-content\/uploads\/2025\/11\/Sajam-Barcelona6-300x185.jpg\" alt=\"\" width=\"300\" height=\"185\" srcset=\"https:\/\/exploremostar.ba\/wp-content\/uploads\/2025\/11\/Sajam-Barcelona6-300x185.jpg 300w, https:\/\/exploremostar.ba\/wp-content\/uploads\/2025\/11\/Sajam-Barcelona6-1024x630.jpg 1024w, https:\/\/exploremostar.ba\/wp-content\/uploads\/2025\/11\/Sajam-Barcelona6-768x472.jpg 768w, https:\/\/exploremostar.ba\/wp-content\/uploads\/2025\/11\/Sajam-Barcelona6-18x12.jpg 18w, https:\/\/exploremostar.ba\/wp-content\/uploads\/2025\/11\/Sajam-Barcelona6-600x369.jpg 600w, https:\/\/exploremostar.ba\/wp-content\/uploads\/2025\/11\/Sajam-Barcelona6.jpg 1200w\" sizes=\"(max-width: 300px) 100vw, 300px\" \/><\/p>","protected":false},"excerpt":{"rendered":"<p>The Tourist Board of the City of Mostar participated in the IBTM WORLD Fair in Barcelona, Spain. The Fair is an opportunity to establish new future partnerships, all with the aim of quality presentation of Mostar as an attractive tourist destination. On the first day of the Fair, the Director of the Tourist Board of Mostar, Elvira \u0106emalovi\u0107, held a series of meetings with representatives of Poland, Saudi Arabia, Azerbaijan, Italy, and the Czech Republic, at which [\u2026]<\/p>","protected":false},"author":11,"featured_media":5419,"comment_status":"closed","ping_status":"open","sticky":false,"template":"","format":"standard","meta":{"footnotes":""},"categories":[100],"tags":[],"class_list":["post-5418","post","type-post","status-publish","format-standard","has-post-thumbnail","hentry","category-pozitivne-price"],"yoast_head":"<!-- This site is optimized with the Yoast SEO plugin v25.1 - https:\/\/yoast.com\/wordpress\/plugins\/seo\/ -->\n<title>Predstavnici TZ GM na sajmu u Barceloni - exploremostar<\/title>\n<meta name=\"robots\" content=\"index, follow, max-snippet:-1, max-image-preview:large, max-video-preview:-1\" \/>\n<link rel=\"canonical\" href=\"https:\/\/exploremostar.ba\/en\/predstavnici-tz-gm-na-sajmu-u-barceloni\/\" \/>\n<meta property=\"og:locale\" content=\"en_US\" \/>\n<meta property=\"og:type\" content=\"article\" \/>\n<meta property=\"og:title\" content=\"Predstavnici TZ GM na sajmu u Barceloni - exploremostar\" \/>\n<meta property=\"og:description\" content=\"Turisti\u010dka zajednica Grada Mostara uzela je u\u010de\u0161\u0107e na IBTM WORLD sajmu u Barceloni, \u0160paniji. Sajam je prilika za uspostavljanje novih budu\u0107ih partnerstava, sve u cilju kvalitetne prezentacije Mostara kao atraktivne turisti\u010dke destinacije. Direktorica TZ GM Elvira \u0106emalovi\u0107 ve\u0107 je prvog dana Sajma obavila niz sastanaka sa predstavnicima Poljske, Saudijske Arabije, Azerbejd\u017eana, Italije, \u010ce\u0161ke, na kojima [&hellip;]\" \/>\n<meta property=\"og:url\" content=\"https:\/\/exploremostar.ba\/en\/predstavnici-tz-gm-na-sajmu-u-barceloni\/\" \/>\n<meta property=\"og:site_name\" content=\"exploremostar\" \/>\n<meta property=\"article:published_time\" content=\"2025-11-18T14:01:06+00:00\" \/>\n<meta property=\"og:image\" content=\"https:\/\/exploremostar.ba\/wp-content\/uploads\/2025\/11\/Sajam-Barcelona1.jpg\" \/>\n\t<meta property=\"og:image:width\" content=\"1200\" \/>\n\t<meta property=\"og:image:height\" content=\"723\" \/>\n\t<meta property=\"og:image:type\" content=\"image\/jpeg\" \/>\n<meta name=\"author\" content=\"Dino Jekic\" \/>\n<meta name=\"twitter:card\" content=\"summary_large_image\" \/>\n<meta name=\"twitter:label1\" content=\"Written by\" \/>\n\t<meta name=\"twitter:data1\" content=\"Dino Jekic\" \/>\n\t<meta name=\"twitter:label2\" content=\"Est. reading time\" \/>\n\t<meta name=\"twitter:data2\" content=\"2 minutes\" \/>\n<script type=\"application\/ld+json\" class=\"yoast-schema-graph\">{\"@context\":\"https:\/\/schema.org\",\"@graph\":[{\"@type\":\"WebPage\",\"@id\":\"https:\/\/exploremostar.ba\/predstavnici-tz-gm-na-sajmu-u-barceloni\/\",\"url\":\"https:\/\/exploremostar.ba\/predstavnici-tz-gm-na-sajmu-u-barceloni\/\",\"name\":\"Predstavnici TZ GM na sajmu u Barceloni - exploremostar\",\"isPartOf\":{\"@id\":\"https:\/\/exploremostar.ba\/#website\"},\"primaryImageOfPage\":{\"@id\":\"https:\/\/exploremostar.ba\/predstavnici-tz-gm-na-sajmu-u-barceloni\/#primaryimage\"},\"image\":{\"@id\":\"https:\/\/exploremostar.ba\/predstavnici-tz-gm-na-sajmu-u-barceloni\/#primaryimage\"},\"thumbnailUrl\":\"https:\/\/exploremostar.ba\/wp-content\/uploads\/2025\/11\/Sajam-Barcelona1.jpg\",\"datePublished\":\"2025-11-18T14:01:06+00:00\",\"author\":{\"@id\":\"https:\/\/exploremostar.ba\/#\/schema\/person\/ba658e145ceeda3815df65d8fb9915c7\"},\"breadcrumb\":{\"@id\":\"https:\/\/exploremostar.ba\/predstavnici-tz-gm-na-sajmu-u-barceloni\/#breadcrumb\"},\"inLanguage\":\"en-US\",\"potentialAction\":[{\"@type\":\"ReadAction\",\"target\":[\"https:\/\/exploremostar.ba\/predstavnici-tz-gm-na-sajmu-u-barceloni\/\"]}]},{\"@type\":\"ImageObject\",\"inLanguage\":\"en-US\",\"@id\":\"https:\/\/exploremostar.ba\/predstavnici-tz-gm-na-sajmu-u-barceloni\/#primaryimage\",\"url\":\"https:\/\/exploremostar.ba\/wp-content\/uploads\/2025\/11\/Sajam-Barcelona1.jpg\",\"contentUrl\":\"https:\/\/exploremostar.ba\/wp-content\/uploads\/2025\/11\/Sajam-Barcelona1.jpg\",\"width\":1200,\"height\":723},{\"@type\":\"BreadcrumbList\",\"@id\":\"https:\/\/exploremostar.ba\/predstavnici-tz-gm-na-sajmu-u-barceloni\/#breadcrumb\",\"itemListElement\":[{\"@type\":\"ListItem\",\"position\":1,\"name\":\"Home\",\"item\":\"https:\/\/exploremostar.ba\/\"},{\"@type\":\"ListItem\",\"position\":2,\"name\":\"Predstavnici TZ GM na sajmu u Barceloni\"}]},{\"@type\":\"WebSite\",\"@id\":\"https:\/\/exploremostar.ba\/#website\",\"url\":\"https:\/\/exploremostar.ba\/\",\"name\":\"exploremostar\",\"description\":\"Where bridges tell stories\",\"potentialAction\":[{\"@type\":\"SearchAction\",\"target\":{\"@type\":\"EntryPoint\",\"urlTemplate\":\"https:\/\/exploremostar.ba\/?s={search_term_string}\"},\"query-input\":{\"@type\":\"PropertyValueSpecification\",\"valueRequired\":true,\"valueName\":\"search_term_string\"}}],\"inLanguage\":\"en-US\"},{\"@type\":\"Person\",\"@id\":\"https:\/\/exploremostar.ba\/#\/schema\/person\/ba658e145ceeda3815df65d8fb9915c7\",\"name\":\"Dino Jekic\",\"image\":{\"@type\":\"ImageObject\",\"inLanguage\":\"en-US\",\"@id\":\"https:\/\/exploremostar.ba\/#\/schema\/person\/image\/\",\"url\":\"https:\/\/secure.gravatar.com\/avatar\/069d3f51f3e6bcef26bc4581da3ae12333ce97dcefaf5b817593df50933bfefb?s=96&d=https%3A%2F%2Fui-avatars.com%2Fapi%2FDino%20JekicDino%2F96%2F546de5%2Ffff%2F1%2F0.4%2F%2F1%2F1&r=g\",\"contentUrl\":\"https:\/\/secure.gravatar.com\/avatar\/069d3f51f3e6bcef26bc4581da3ae12333ce97dcefaf5b817593df50933bfefb?s=96&d=https%3A%2F%2Fui-avatars.com%2Fapi%2FDino%20JekicDino%2F96%2F546de5%2Ffff%2F1%2F0.4%2F%2F1%2F1&r=g\",\"caption\":\"Dino Jekic\"},\"url\":\"https:\/\/exploremostar.ba\/en\/author\/dino\/\"}]}<\/script>\n<!-- \/ Yoast SEO plugin. -->","yoast_head_json":{"title":"Predstavnici TZ GM na sajmu u Barceloni - exploremostar","robots":{"index":"index","follow":"follow","max-snippet":"max-snippet:-1","max-image-preview":"max-image-preview:large","max-video-preview":"max-video-preview:-1"},"canonical":"https:\/\/exploremostar.ba\/en\/predstavnici-tz-gm-na-sajmu-u-barceloni\/","og_locale":"en_US","og_type":"article","og_title":"Predstavnici TZ GM na sajmu u Barceloni - exploremostar","og_description":"Turisti\u010dka zajednica Grada Mostara uzela je u\u010de\u0161\u0107e na IBTM WORLD sajmu u Barceloni, \u0160paniji. Sajam je prilika za uspostavljanje novih budu\u0107ih partnerstava, sve u cilju kvalitetne prezentacije Mostara kao atraktivne turisti\u010dke destinacije. Direktorica TZ GM Elvira \u0106emalovi\u0107 ve\u0107 je prvog dana Sajma obavila niz sastanaka sa predstavnicima Poljske, Saudijske Arabije, Azerbejd\u017eana, Italije, \u010ce\u0161ke, na kojima [&hellip;]","og_url":"https:\/\/exploremostar.ba\/en\/predstavnici-tz-gm-na-sajmu-u-barceloni\/","og_site_name":"exploremostar","article_published_time":"2025-11-18T14:01:06+00:00","og_image":[{"width":1200,"height":723,"url":"https:\/\/exploremostar.ba\/wp-content\/uploads\/2025\/11\/Sajam-Barcelona1.jpg","type":"image\/jpeg"}],"author":"Dino Jekic","twitter_card":"summary_large_image","twitter_misc":{"Written by":"Dino Jekic","Est. reading time":"2 minutes"},"schema":{"@context":"https:\/\/schema.org","@graph":[{"@type":"WebPage","@id":"https:\/\/exploremostar.ba\/predstavnici-tz-gm-na-sajmu-u-barceloni\/","url":"https:\/\/exploremostar.ba\/predstavnici-tz-gm-na-sajmu-u-barceloni\/","name":"Predstavnici TZ GM na sajmu u Barceloni - exploremostar","isPartOf":{"@id":"https:\/\/exploremostar.ba\/#website"},"primaryImageOfPage":{"@id":"https:\/\/exploremostar.ba\/predstavnici-tz-gm-na-sajmu-u-barceloni\/#primaryimage"},"image":{"@id":"https:\/\/exploremostar.ba\/predstavnici-tz-gm-na-sajmu-u-barceloni\/#primaryimage"},"thumbnailUrl":"https:\/\/exploremostar.ba\/wp-content\/uploads\/2025\/11\/Sajam-Barcelona1.jpg","datePublished":"2025-11-18T14:01:06+00:00","author":{"@id":"https:\/\/exploremostar.ba\/#\/schema\/person\/ba658e145ceeda3815df65d8fb9915c7"},"breadcrumb":{"@id":"https:\/\/exploremostar.ba\/predstavnici-tz-gm-na-sajmu-u-barceloni\/#breadcrumb"},"inLanguage":"en-US","potentialAction":[{"@type":"ReadAction","target":["https:\/\/exploremostar.ba\/predstavnici-tz-gm-na-sajmu-u-barceloni\/"]}]},{"@type":"ImageObject","inLanguage":"en-US","@id":"https:\/\/exploremostar.ba\/predstavnici-tz-gm-na-sajmu-u-barceloni\/#primaryimage","url":"https:\/\/exploremostar.ba\/wp-content\/uploads\/2025\/11\/Sajam-Barcelona1.jpg","contentUrl":"https:\/\/exploremostar.ba\/wp-content\/uploads\/2025\/11\/Sajam-Barcelona1.jpg","width":1200,"height":723},{"@type":"BreadcrumbList","@id":"https:\/\/exploremostar.ba\/predstavnici-tz-gm-na-sajmu-u-barceloni\/#breadcrumb","itemListElement":[{"@type":"ListItem","position":1,"name":"Home","item":"https:\/\/exploremostar.ba\/"},{"@type":"ListItem","position":2,"name":"Predstavnici TZ GM na sajmu u Barceloni"}]},{"@type":"WebSite","@id":"https:\/\/exploremostar.ba\/#website","url":"https:\/\/exploremostar.ba\/","name":"exploremostar","description":"Where bridges tell stories","potentialAction":[{"@type":"SearchAction","target":{"@type":"EntryPoint","urlTemplate":"https:\/\/exploremostar.ba\/?s={search_term_string}"},"query-input":{"@type":"PropertyValueSpecification","valueRequired":true,"valueName":"search_term_string"}}],"inLanguage":"en-US"},{"@type":"Person","@id":"https:\/\/exploremostar.ba\/#\/schema\/person\/ba658e145ceeda3815df65d8fb9915c7","name":"Dino Jekic","image":{"@type":"ImageObject","inLanguage":"en-US","@id":"https:\/\/exploremostar.ba\/#\/schema\/person\/image\/","url":"https:\/\/secure.gravatar.com\/avatar\/069d3f51f3e6bcef26bc4581da3ae12333ce97dcefaf5b817593df50933bfefb?s=96&d=https%3A%2F%2Fui-avatars.com%2Fapi%2FDino%20JekicDino%2F96%2F546de5%2Ffff%2F1%2F0.4%2F%2F1%2F1&r=g","contentUrl":"https:\/\/secure.gravatar.com\/avatar\/069d3f51f3e6bcef26bc4581da3ae12333ce97dcefaf5b817593df50933bfefb?s=96&d=https%3A%2F%2Fui-avatars.com%2Fapi%2FDino%20JekicDino%2F96%2F546de5%2Ffff%2F1%2F0.4%2F%2F1%2F1&r=g","caption":"Dino Jekic"},"url":"https:\/\/exploremostar.ba\/en\/author\/dino\/"}]}},"rttpg_featured_image_url":{"full":["https:\/\/exploremostar.ba\/wp-content\/uploads\/2025\/11\/Sajam-Barcelona1.jpg",1200,723,false],"landscape":["https:\/\/exploremostar.ba\/wp-content\/uploads\/2025\/11\/Sajam-Barcelona1.jpg",1200,723,false],"portraits":["https:\/\/exploremostar.ba\/wp-content\/uploads\/2025\/11\/Sajam-Barcelona1.jpg",1200,723,false],"thumbnail":["https:\/\/exploremostar.ba\/wp-content\/uploads\/2025\/11\/Sajam-Barcelona1-150x150.jpg",150,150,true],"medium":["https:\/\/exploremostar.ba\/wp-content\/uploads\/2025\/11\/Sajam-Barcelona1-300x181.jpg",300,181,true],"large":["https:\/\/exploremostar.ba\/wp-content\/uploads\/2025\/11\/Sajam-Barcelona1-1024x617.jpg",1024,617,true],"1536x1536":["https:\/\/exploremostar.ba\/wp-content\/uploads\/2025\/11\/Sajam-Barcelona1.jpg",1200,723,false],"2048x2048":["https:\/\/exploremostar.ba\/wp-content\/uploads\/2025\/11\/Sajam-Barcelona1.jpg",1200,723,false],"trp-custom-language-flag":["https:\/\/exploremostar.ba\/wp-content\/uploads\/2025\/11\/Sajam-Barcelona1-18x12.jpg",18,12,true],"woocommerce_thumbnail":["https:\/\/exploremostar.ba\/wp-content\/uploads\/2025\/11\/Sajam-Barcelona1-300x300.jpg",300,300,true],"woocommerce_single":["https:\/\/exploremostar.ba\/wp-content\/uploads\/2025\/11\/Sajam-Barcelona1-600x362.jpg",600,362,true],"woocommerce_gallery_thumbnail":["https:\/\/exploremostar.ba\/wp-content\/uploads\/2025\/11\/Sajam-Barcelona1-100x100.jpg",100,100,true],"rt_custom":["https:\/\/exploremostar.ba\/wp-content\/uploads\/2025\/11\/Sajam-Barcelona1.jpg",1200,723,false]},"rttpg_author":{"display_name":"Dino Jekic","author_link":"https:\/\/exploremostar.ba\/en\/author\/dino\/"},"rttpg_comment":0,"rttpg_category":"<a href=\"https:\/\/exploremostar.ba\/en\/post-category\/pozitivne-price\/\" rel=\"category tag\">Pozitivne pri\u010de<\/a>","rttpg_excerpt":"Turisti\u010dka zajednica Grada Mostara uzela je u\u010de\u0161\u0107e na IBTM WORLD sajmu u Barceloni, \u0160paniji. Sajam je prilika za uspostavljanje novih budu\u0107ih partnerstava, sve u cilju kvalitetne prezentacije Mostara kao atraktivne turisti\u010dke destinacije. Direktorica TZ GM Elvira \u0106emalovi\u0107 ve\u0107 je prvog dana Sajma obavila niz sastanaka sa predstavnicima Poljske, Saudijske Arabije, Azerbejd\u017eana, Italije, \u010ce\u0161ke, na kojima&hellip;","acf":[],"_links":{"self":[{"href":"https:\/\/exploremostar.ba\/en\/wp-json\/wp\/v2\/posts\/5418","targetHints":{"allow":["GET"]}}],"collection":[{"href":"https:\/\/exploremostar.ba\/en\/wp-json\/wp\/v2\/posts"}],"about":[{"href":"https:\/\/exploremostar.ba\/en\/wp-json\/wp\/v2\/types\/post"}],"author":[{"embeddable":true,"href":"https:\/\/exploremostar.ba\/en\/wp-json\/wp\/v2\/users\/11"}],"replies":[{"embeddable":true,"href":"https:\/\/exploremostar.ba\/en\/wp-json\/wp\/v2\/comments?post=5418"}],"version-history":[{"count":2,"href":"https:\/\/exploremostar.ba\/en\/wp-json\/wp\/v2\/posts\/5418\/revisions"}],"predecessor-version":[{"id":5427,"href":"https:\/\/exploremostar.ba\/en\/wp-json\/wp\/v2\/posts\/5418\/revisions\/5427"}],"wp:featuredmedia":[{"embeddable":true,"href":"https:\/\/exploremostar.ba\/en\/wp-json\/wp\/v2\/media\/5419"}],"wp:attachment":[{"href":"https:\/\/exploremostar.ba\/en\/wp-json\/wp\/v2\/media?parent=5418"}],"wp:term":[{"taxonomy":"category","embeddable":true,"href":"https:\/\/exploremostar.ba\/en\/wp-json\/wp\/v2\/categories?post=5418"},{"taxonomy":"post_tag","embeddable":true,"href":"https:\/\/exploremostar.ba\/en\/wp-json\/wp\/v2\/tags?post=5418"}],"curies":[{"name":"wp","href":"https:\/\/api.w.org\/{rel}","templated":true}]}}