{"id":5409,"date":"2025-11-13T11:28:52","date_gmt":"2025-11-13T10:28:52","guid":{"rendered":"https:\/\/exploremostar.ba\/?p=5409"},"modified":"2025-11-13T11:28:52","modified_gmt":"2025-11-13T10:28:52","slug":"studentska-praksa-u-turistickoj-zajednici-grada-mostara","status":"publish","type":"post","link":"https:\/\/exploremostar.ba\/en\/studentska-praksa-u-turistickoj-zajednici-grada-mostara\/","title":{"rendered":"Student practice in the Tourist Association of the City of Mostar"},"content":{"rendered":"<p>The Tourist Board of the City of Mostar is a place where students of the Tourism Studies of the University &quot;D\u017eemal Bijedi\u0107&quot; in Mostar and the University of Mostar can do their internship and learn about the functioning, vision and mission of the Tourist Board.<\/p>\n<p>We are honored to have the first intern from the Tourism Studies Department of the &quot;D\u017eemal Bijedi\u0107&quot; University in Mostar, Esma Ja\u017ei\u0107, who will be introduced to the activities carried out by the Tourist Board of the City of Mostar over a period of three weeks.<\/p>\n<p>Providing practical training to tourism students at the GM Tourist Office is a significant step in transferring knowledge to students, creating future tourism products, and publishing professional papers in the field of tourism.<\/p>","protected":false},"excerpt":{"rendered":"<p>The Tourist Board of the City of Mostar is a place where students of the Tourism Studies of the University &quot;D\u017eemal Bijedi\u0107&quot; in Mostar and the University of Mostar can do their internship and learn about the functioning, vision and mission of the Tourist Board. These days we are honored to have the first intern from the Tourism Studies of the University &quot;D\u017eemal Bijedi\u0107&quot; in Mostar, Esma Ja\u017ei\u0107, who will [...]<\/p>","protected":false},"author":11,"featured_media":5410,"comment_status":"closed","ping_status":"open","sticky":false,"template":"","format":"standard","meta":{"footnotes":""},"categories":[100],"tags":[],"class_list":["post-5409","post","type-post","status-publish","format-standard","has-post-thumbnail","hentry","category-pozitivne-price"],"yoast_head":"<!-- This site is optimized with the Yoast SEO plugin v25.1 - https:\/\/yoast.com\/wordpress\/plugins\/seo\/ -->\n<title>Studentska praksa u Turisti\u010dkoj zajednici Grada Mostara - exploremostar<\/title>\n<meta name=\"robots\" content=\"index, follow, max-snippet:-1, max-image-preview:large, max-video-preview:-1\" \/>\n<link rel=\"canonical\" href=\"https:\/\/exploremostar.ba\/en\/studentska-praksa-u-turistickoj-zajednici-grada-mostara\/\" \/>\n<meta property=\"og:locale\" content=\"en_US\" \/>\n<meta property=\"og:type\" content=\"article\" \/>\n<meta property=\"og:title\" content=\"Studentska praksa u Turisti\u010dkoj zajednici Grada Mostara - exploremostar\" \/>\n<meta property=\"og:description\" content=\"Turisti\u010dka zajednica Grada Mostara je mjesto u kojem studenti Studija turizma Univerziteta \u201eD\u017eemal Bijedi\u0107\u201c u Mostaru i Sveu\u010dili\u0161ta u Mostaru mogu obaviti svoju praksu, te se upoznati sa funkcioniranjem, vizijom i misijom Turisti\u010dke zajednice. \u010cast nam je ovih dana imati prvu praktikanticu sa Studija turizma Univerziteta \u201eD\u017eemal Bijedi\u0107\u201c u Mostaru, Esmu Ja\u017ei\u0107, koja \u0107e se [&hellip;]\" \/>\n<meta property=\"og:url\" content=\"https:\/\/exploremostar.ba\/en\/studentska-praksa-u-turistickoj-zajednici-grada-mostara\/\" \/>\n<meta property=\"og:site_name\" content=\"exploremostar\" \/>\n<meta property=\"article:published_time\" content=\"2025-11-13T10:28:52+00:00\" \/>\n<meta property=\"og:image\" content=\"https:\/\/exploremostar.ba\/wp-content\/uploads\/2025\/11\/praksa1.jpg\" \/>\n\t<meta property=\"og:image:width\" content=\"1600\" \/>\n\t<meta property=\"og:image:height\" content=\"1014\" \/>\n\t<meta property=\"og:image:type\" content=\"image\/jpeg\" \/>\n<meta name=\"author\" content=\"Dino Jekic\" \/>\n<meta name=\"twitter:card\" content=\"summary_large_image\" \/>\n<meta name=\"twitter:label1\" content=\"Written by\" \/>\n\t<meta name=\"twitter:data1\" content=\"Dino Jekic\" \/>\n\t<meta name=\"twitter:label2\" content=\"Est. reading time\" \/>\n\t<meta name=\"twitter:data2\" content=\"1 minute\" \/>\n<script type=\"application\/ld+json\" class=\"yoast-schema-graph\">{\"@context\":\"https:\/\/schema.org\",\"@graph\":[{\"@type\":\"WebPage\",\"@id\":\"https:\/\/exploremostar.ba\/studentska-praksa-u-turistickoj-zajednici-grada-mostara\/\",\"url\":\"https:\/\/exploremostar.ba\/studentska-praksa-u-turistickoj-zajednici-grada-mostara\/\",\"name\":\"Studentska praksa u Turisti\u010dkoj zajednici Grada Mostara - exploremostar\",\"isPartOf\":{\"@id\":\"https:\/\/exploremostar.ba\/#website\"},\"primaryImageOfPage\":{\"@id\":\"https:\/\/exploremostar.ba\/studentska-praksa-u-turistickoj-zajednici-grada-mostara\/#primaryimage\"},\"image\":{\"@id\":\"https:\/\/exploremostar.ba\/studentska-praksa-u-turistickoj-zajednici-grada-mostara\/#primaryimage\"},\"thumbnailUrl\":\"https:\/\/exploremostar.ba\/wp-content\/uploads\/2025\/11\/praksa1.jpg\",\"datePublished\":\"2025-11-13T10:28:52+00:00\",\"author\":{\"@id\":\"https:\/\/exploremostar.ba\/#\/schema\/person\/ba658e145ceeda3815df65d8fb9915c7\"},\"breadcrumb\":{\"@id\":\"https:\/\/exploremostar.ba\/studentska-praksa-u-turistickoj-zajednici-grada-mostara\/#breadcrumb\"},\"inLanguage\":\"en-US\",\"potentialAction\":[{\"@type\":\"ReadAction\",\"target\":[\"https:\/\/exploremostar.ba\/studentska-praksa-u-turistickoj-zajednici-grada-mostara\/\"]}]},{\"@type\":\"ImageObject\",\"inLanguage\":\"en-US\",\"@id\":\"https:\/\/exploremostar.ba\/studentska-praksa-u-turistickoj-zajednici-grada-mostara\/#primaryimage\",\"url\":\"https:\/\/exploremostar.ba\/wp-content\/uploads\/2025\/11\/praksa1.jpg\",\"contentUrl\":\"https:\/\/exploremostar.ba\/wp-content\/uploads\/2025\/11\/praksa1.jpg\",\"width\":1600,\"height\":1014},{\"@type\":\"BreadcrumbList\",\"@id\":\"https:\/\/exploremostar.ba\/studentska-praksa-u-turistickoj-zajednici-grada-mostara\/#breadcrumb\",\"itemListElement\":[{\"@type\":\"ListItem\",\"position\":1,\"name\":\"Home\",\"item\":\"https:\/\/exploremostar.ba\/\"},{\"@type\":\"ListItem\",\"position\":2,\"name\":\"Studentska praksa u Turisti\u010dkoj zajednici Grada Mostara\"}]},{\"@type\":\"WebSite\",\"@id\":\"https:\/\/exploremostar.ba\/#website\",\"url\":\"https:\/\/exploremostar.ba\/\",\"name\":\"exploremostar\",\"description\":\"Where bridges tell stories\",\"potentialAction\":[{\"@type\":\"SearchAction\",\"target\":{\"@type\":\"EntryPoint\",\"urlTemplate\":\"https:\/\/exploremostar.ba\/?s={search_term_string}\"},\"query-input\":{\"@type\":\"PropertyValueSpecification\",\"valueRequired\":true,\"valueName\":\"search_term_string\"}}],\"inLanguage\":\"en-US\"},{\"@type\":\"Person\",\"@id\":\"https:\/\/exploremostar.ba\/#\/schema\/person\/ba658e145ceeda3815df65d8fb9915c7\",\"name\":\"Dino Jekic\",\"image\":{\"@type\":\"ImageObject\",\"inLanguage\":\"en-US\",\"@id\":\"https:\/\/exploremostar.ba\/#\/schema\/person\/image\/\",\"url\":\"https:\/\/secure.gravatar.com\/avatar\/069d3f51f3e6bcef26bc4581da3ae12333ce97dcefaf5b817593df50933bfefb?s=96&d=https%3A%2F%2Fui-avatars.com%2Fapi%2FDino%20JekicDino%2F96%2F546de5%2Ffff%2F1%2F0.4%2F%2F1%2F1&r=g\",\"contentUrl\":\"https:\/\/secure.gravatar.com\/avatar\/069d3f51f3e6bcef26bc4581da3ae12333ce97dcefaf5b817593df50933bfefb?s=96&d=https%3A%2F%2Fui-avatars.com%2Fapi%2FDino%20JekicDino%2F96%2F546de5%2Ffff%2F1%2F0.4%2F%2F1%2F1&r=g\",\"caption\":\"Dino Jekic\"},\"url\":\"https:\/\/exploremostar.ba\/en\/author\/dino\/\"}]}<\/script>\n<!-- \/ Yoast SEO plugin. -->","yoast_head_json":{"title":"Studentska praksa u Turisti\u010dkoj zajednici Grada Mostara - exploremostar","robots":{"index":"index","follow":"follow","max-snippet":"max-snippet:-1","max-image-preview":"max-image-preview:large","max-video-preview":"max-video-preview:-1"},"canonical":"https:\/\/exploremostar.ba\/en\/studentska-praksa-u-turistickoj-zajednici-grada-mostara\/","og_locale":"en_US","og_type":"article","og_title":"Studentska praksa u Turisti\u010dkoj zajednici Grada Mostara - exploremostar","og_description":"Turisti\u010dka zajednica Grada Mostara je mjesto u kojem studenti Studija turizma Univerziteta \u201eD\u017eemal Bijedi\u0107\u201c u Mostaru i Sveu\u010dili\u0161ta u Mostaru mogu obaviti svoju praksu, te se upoznati sa funkcioniranjem, vizijom i misijom Turisti\u010dke zajednice. \u010cast nam je ovih dana imati prvu praktikanticu sa Studija turizma Univerziteta \u201eD\u017eemal Bijedi\u0107\u201c u Mostaru, Esmu Ja\u017ei\u0107, koja \u0107e se [&hellip;]","og_url":"https:\/\/exploremostar.ba\/en\/studentska-praksa-u-turistickoj-zajednici-grada-mostara\/","og_site_name":"exploremostar","article_published_time":"2025-11-13T10:28:52+00:00","og_image":[{"width":1600,"height":1014,"url":"https:\/\/exploremostar.ba\/wp-content\/uploads\/2025\/11\/praksa1.jpg","type":"image\/jpeg"}],"author":"Dino Jekic","twitter_card":"summary_large_image","twitter_misc":{"Written by":"Dino Jekic","Est. reading time":"1 minute"},"schema":{"@context":"https:\/\/schema.org","@graph":[{"@type":"WebPage","@id":"https:\/\/exploremostar.ba\/studentska-praksa-u-turistickoj-zajednici-grada-mostara\/","url":"https:\/\/exploremostar.ba\/studentska-praksa-u-turistickoj-zajednici-grada-mostara\/","name":"Studentska praksa u Turisti\u010dkoj zajednici Grada Mostara - exploremostar","isPartOf":{"@id":"https:\/\/exploremostar.ba\/#website"},"primaryImageOfPage":{"@id":"https:\/\/exploremostar.ba\/studentska-praksa-u-turistickoj-zajednici-grada-mostara\/#primaryimage"},"image":{"@id":"https:\/\/exploremostar.ba\/studentska-praksa-u-turistickoj-zajednici-grada-mostara\/#primaryimage"},"thumbnailUrl":"https:\/\/exploremostar.ba\/wp-content\/uploads\/2025\/11\/praksa1.jpg","datePublished":"2025-11-13T10:28:52+00:00","author":{"@id":"https:\/\/exploremostar.ba\/#\/schema\/person\/ba658e145ceeda3815df65d8fb9915c7"},"breadcrumb":{"@id":"https:\/\/exploremostar.ba\/studentska-praksa-u-turistickoj-zajednici-grada-mostara\/#breadcrumb"},"inLanguage":"en-US","potentialAction":[{"@type":"ReadAction","target":["https:\/\/exploremostar.ba\/studentska-praksa-u-turistickoj-zajednici-grada-mostara\/"]}]},{"@type":"ImageObject","inLanguage":"en-US","@id":"https:\/\/exploremostar.ba\/studentska-praksa-u-turistickoj-zajednici-grada-mostara\/#primaryimage","url":"https:\/\/exploremostar.ba\/wp-content\/uploads\/2025\/11\/praksa1.jpg","contentUrl":"https:\/\/exploremostar.ba\/wp-content\/uploads\/2025\/11\/praksa1.jpg","width":1600,"height":1014},{"@type":"BreadcrumbList","@id":"https:\/\/exploremostar.ba\/studentska-praksa-u-turistickoj-zajednici-grada-mostara\/#breadcrumb","itemListElement":[{"@type":"ListItem","position":1,"name":"Home","item":"https:\/\/exploremostar.ba\/"},{"@type":"ListItem","position":2,"name":"Studentska praksa u Turisti\u010dkoj zajednici Grada Mostara"}]},{"@type":"WebSite","@id":"https:\/\/exploremostar.ba\/#website","url":"https:\/\/exploremostar.ba\/","name":"exploremostar","description":"Where bridges tell stories","potentialAction":[{"@type":"SearchAction","target":{"@type":"EntryPoint","urlTemplate":"https:\/\/exploremostar.ba\/?s={search_term_string}"},"query-input":{"@type":"PropertyValueSpecification","valueRequired":true,"valueName":"search_term_string"}}],"inLanguage":"en-US"},{"@type":"Person","@id":"https:\/\/exploremostar.ba\/#\/schema\/person\/ba658e145ceeda3815df65d8fb9915c7","name":"Dino Jekic","image":{"@type":"ImageObject","inLanguage":"en-US","@id":"https:\/\/exploremostar.ba\/#\/schema\/person\/image\/","url":"https:\/\/secure.gravatar.com\/avatar\/069d3f51f3e6bcef26bc4581da3ae12333ce97dcefaf5b817593df50933bfefb?s=96&d=https%3A%2F%2Fui-avatars.com%2Fapi%2FDino%20JekicDino%2F96%2F546de5%2Ffff%2F1%2F0.4%2F%2F1%2F1&r=g","contentUrl":"https:\/\/secure.gravatar.com\/avatar\/069d3f51f3e6bcef26bc4581da3ae12333ce97dcefaf5b817593df50933bfefb?s=96&d=https%3A%2F%2Fui-avatars.com%2Fapi%2FDino%20JekicDino%2F96%2F546de5%2Ffff%2F1%2F0.4%2F%2F1%2F1&r=g","caption":"Dino Jekic"},"url":"https:\/\/exploremostar.ba\/en\/author\/dino\/"}]}},"rttpg_featured_image_url":{"full":["https:\/\/exploremostar.ba\/wp-content\/uploads\/2025\/11\/praksa1.jpg",1600,1014,false],"landscape":["https:\/\/exploremostar.ba\/wp-content\/uploads\/2025\/11\/praksa1.jpg",1600,1014,false],"portraits":["https:\/\/exploremostar.ba\/wp-content\/uploads\/2025\/11\/praksa1.jpg",1600,1014,false],"thumbnail":["https:\/\/exploremostar.ba\/wp-content\/uploads\/2025\/11\/praksa1-150x150.jpg",150,150,true],"medium":["https:\/\/exploremostar.ba\/wp-content\/uploads\/2025\/11\/praksa1-300x190.jpg",300,190,true],"large":["https:\/\/exploremostar.ba\/wp-content\/uploads\/2025\/11\/praksa1-1024x649.jpg",1024,649,true],"1536x1536":["https:\/\/exploremostar.ba\/wp-content\/uploads\/2025\/11\/praksa1-1536x973.jpg",1536,973,true],"2048x2048":["https:\/\/exploremostar.ba\/wp-content\/uploads\/2025\/11\/praksa1.jpg",1600,1014,false],"trp-custom-language-flag":["https:\/\/exploremostar.ba\/wp-content\/uploads\/2025\/11\/praksa1-18x12.jpg",18,12,true],"woocommerce_thumbnail":["https:\/\/exploremostar.ba\/wp-content\/uploads\/2025\/11\/praksa1-300x300.jpg",300,300,true],"woocommerce_single":["https:\/\/exploremostar.ba\/wp-content\/uploads\/2025\/11\/praksa1-600x380.jpg",600,380,true],"woocommerce_gallery_thumbnail":["https:\/\/exploremostar.ba\/wp-content\/uploads\/2025\/11\/praksa1-100x100.jpg",100,100,true],"rt_custom":["https:\/\/exploremostar.ba\/wp-content\/uploads\/2025\/11\/praksa1.jpg",1600,1014,false]},"rttpg_author":{"display_name":"Dino Jekic","author_link":"https:\/\/exploremostar.ba\/en\/author\/dino\/"},"rttpg_comment":0,"rttpg_category":"<a href=\"https:\/\/exploremostar.ba\/en\/post-category\/pozitivne-price\/\" rel=\"category tag\">Pozitivne pri\u010de<\/a>","rttpg_excerpt":"Turisti\u010dka zajednica Grada Mostara je mjesto u kojem studenti Studija turizma Univerziteta \u201eD\u017eemal Bijedi\u0107\u201c u Mostaru i Sveu\u010dili\u0161ta u Mostaru mogu obaviti svoju praksu, te se upoznati sa funkcioniranjem, vizijom i misijom Turisti\u010dke zajednice. \u010cast nam je ovih dana imati prvu praktikanticu sa Studija turizma Univerziteta \u201eD\u017eemal Bijedi\u0107\u201c u Mostaru, Esmu Ja\u017ei\u0107, koja \u0107e se&hellip;","acf":[],"_links":{"self":[{"href":"https:\/\/exploremostar.ba\/en\/wp-json\/wp\/v2\/posts\/5409","targetHints":{"allow":["GET"]}}],"collection":[{"href":"https:\/\/exploremostar.ba\/en\/wp-json\/wp\/v2\/posts"}],"about":[{"href":"https:\/\/exploremostar.ba\/en\/wp-json\/wp\/v2\/types\/post"}],"author":[{"embeddable":true,"href":"https:\/\/exploremostar.ba\/en\/wp-json\/wp\/v2\/users\/11"}],"replies":[{"embeddable":true,"href":"https:\/\/exploremostar.ba\/en\/wp-json\/wp\/v2\/comments?post=5409"}],"version-history":[{"count":1,"href":"https:\/\/exploremostar.ba\/en\/wp-json\/wp\/v2\/posts\/5409\/revisions"}],"predecessor-version":[{"id":5411,"href":"https:\/\/exploremostar.ba\/en\/wp-json\/wp\/v2\/posts\/5409\/revisions\/5411"}],"wp:featuredmedia":[{"embeddable":true,"href":"https:\/\/exploremostar.ba\/en\/wp-json\/wp\/v2\/media\/5410"}],"wp:attachment":[{"href":"https:\/\/exploremostar.ba\/en\/wp-json\/wp\/v2\/media?parent=5409"}],"wp:term":[{"taxonomy":"category","embeddable":true,"href":"https:\/\/exploremostar.ba\/en\/wp-json\/wp\/v2\/categories?post=5409"},{"taxonomy":"post_tag","embeddable":true,"href":"https:\/\/exploremostar.ba\/en\/wp-json\/wp\/v2\/tags?post=5409"}],"curies":[{"name":"wp","href":"https:\/\/api.w.org\/{rel}","templated":true}]}}