{"id":5392,"date":"2025-11-07T09:48:51","date_gmt":"2025-11-07T08:48:51","guid":{"rendered":"https:\/\/exploremostar.ba\/?p=5392"},"modified":"2025-11-07T09:50:39","modified_gmt":"2025-11-07T08:50:39","slug":"mostar-uspjesno-predstavljen-na-svjetskom-turistickom-sajmu-u-londonu","status":"publish","type":"post","link":"https:\/\/exploremostar.ba\/en\/mostar-uspjesno-predstavljen-na-svjetskom-turistickom-sajmu-u-londonu\/","title":{"rendered":"Mostar successfully presented at the World Tourism Fair in London"},"content":{"rendered":"<p style=\"font-weight: 400;\">Representatives of the Tourist Board of the City of Mostar, together with the delegation of the City of Mostar headed by Mayor Mario Kordi\u0107, participated in one of the most significant global events in the travel industry - the World Travel Market (WTM) London 2025, which was held from November 4 to 6 in ExCeL London.<\/p>\n<p>This prestigious fair brought together thousands of tourism professionals, including travel agents, hoteliers, tour operators and representatives of destinations from all over the world and served as a central place for exchanging ideas, developing business opportunities and promoting tourist destinations to a global audience.<\/p>\n<p>The Tourist Board of the City of Mostar presented the city&#039;s rich cultural and historical heritage, its unique gastronomic offer, traditional hospitality and numerous events that attract visitors from all over the world throughout the year.<\/p>\n<p>Special emphasis was placed on the Old Bridge - a symbol of connection and a world-recognized cultural monument under the protection of UNESCO, as well as on the development of Mostar as a modern destination that successfully combines tradition and modernity.<\/p>\n<p style=\"font-weight: 400;\">Mayor Mario Kordi\u0107, who led the Mostar delegation, held a series of meetings with representatives from the world of tourism and investors during his stay in London. The talks were aimed at strengthening international cooperation, exchanging experiences and creating new opportunities for the development of tourism in Mostar.<\/p>\n<p>&quot;Participating in WTM was a great opportunity for Mostar to position itself on the global map of tourism. Our mission is to present Mostar as the city of the Old Bridge, but also as a modern, open and innovative destination that combines culture, nature and entrepreneurial spirit. Meetings with partners and investors at events like this are key to the development of sustainable tourism and the creation of new opportunities for our citizens,&quot; said Mayor Kordi\u0107.<\/p>\n<p style=\"font-weight: 400;\">At the joint stand with the Sarajevo Canton Tourist Board, Mostar was additionally promoted as a must-see destination in Southeast Europe, offering an authentic travel experience and a unique atmosphere that connects different cultures and traditions.<\/p>\n<p style=\"font-weight: 400;\">&quot;Participation in this kind of event is extremely important for Mostar because it allows us to have direct contact with tour operators, investors and media from all over the world. Our goal is to position Mostar as an unmissable destination in the region of Southeast Europe, but also as a city that offers an authentic travel experience,&quot; said the Tourist Board of the City of Mostar.<\/p>\n<p>The World Tourism Market (WTM) again this year offered exceptional opportunities for networking, business development and promotion. Participants from all over the world discussed new partnerships, shared experiences on the latest trends and presented their destinations to a global audience.<\/p>\n<p>With their participation, the Tourist Board and the City of Mostar confirmed their commitment to the continuous development of the tourist sector and the promotion of Mostar as a destination that combines a rich past, the warmth of the hosts and authentic experiences for all visitors.<\/p>\n<p style=\"font-weight: 400;\">.<img fetchpriority=\"high\" decoding=\"async\" class=\"alignnone size-medium wp-image-5393\" src=\"https:\/\/exploremostar.ba\/wp-content\/uploads\/2025\/11\/Mostar_WorldTravelMarket1-300x231.jpg\" alt=\"\" width=\"300\" height=\"231\" srcset=\"https:\/\/exploremostar.ba\/wp-content\/uploads\/2025\/11\/Mostar_WorldTravelMarket1-300x231.jpg 300w, https:\/\/exploremostar.ba\/wp-content\/uploads\/2025\/11\/Mostar_WorldTravelMarket1-1024x787.jpg 1024w, https:\/\/exploremostar.ba\/wp-content\/uploads\/2025\/11\/Mostar_WorldTravelMarket1-768x591.jpg 768w, https:\/\/exploremostar.ba\/wp-content\/uploads\/2025\/11\/Mostar_WorldTravelMarket1-16x12.jpg 16w, https:\/\/exploremostar.ba\/wp-content\/uploads\/2025\/11\/Mostar_WorldTravelMarket1-600x461.jpg 600w, https:\/\/exploremostar.ba\/wp-content\/uploads\/2025\/11\/Mostar_WorldTravelMarket1.jpg 1376w\" sizes=\"(max-width: 300px) 100vw, 300px\" \/> <img decoding=\"async\" class=\"alignnone size-medium wp-image-5394\" src=\"https:\/\/exploremostar.ba\/wp-content\/uploads\/2025\/11\/Mostar_WorldTravelMarket2-300x300.jpg\" alt=\"\" width=\"300\" height=\"300\" srcset=\"https:\/\/exploremostar.ba\/wp-content\/uploads\/2025\/11\/Mostar_WorldTravelMarket2-300x300.jpg 300w, https:\/\/exploremostar.ba\/wp-content\/uploads\/2025\/11\/Mostar_WorldTravelMarket2-1024x1022.jpg 1024w, https:\/\/exploremostar.ba\/wp-content\/uploads\/2025\/11\/Mostar_WorldTravelMarket2-150x150.jpg 150w, https:\/\/exploremostar.ba\/wp-content\/uploads\/2025\/11\/Mostar_WorldTravelMarket2-768x767.jpg 768w, https:\/\/exploremostar.ba\/wp-content\/uploads\/2025\/11\/Mostar_WorldTravelMarket2-12x12.jpg 12w, https:\/\/exploremostar.ba\/wp-content\/uploads\/2025\/11\/Mostar_WorldTravelMarket2-600x599.jpg 600w, https:\/\/exploremostar.ba\/wp-content\/uploads\/2025\/11\/Mostar_WorldTravelMarket2-100x100.jpg 100w, https:\/\/exploremostar.ba\/wp-content\/uploads\/2025\/11\/Mostar_WorldTravelMarket2.jpg 1200w\" sizes=\"(max-width: 300px) 100vw, 300px\" \/> <img decoding=\"async\" class=\"alignnone size-medium wp-image-5395\" src=\"https:\/\/exploremostar.ba\/wp-content\/uploads\/2025\/11\/Mostar_WorldTravelMarket4-261x300.jpg\" alt=\"\" width=\"261\" height=\"300\" srcset=\"https:\/\/exploremostar.ba\/wp-content\/uploads\/2025\/11\/Mostar_WorldTravelMarket4-261x300.jpg 261w, https:\/\/exploremostar.ba\/wp-content\/uploads\/2025\/11\/Mostar_WorldTravelMarket4-890x1024.jpg 890w, https:\/\/exploremostar.ba\/wp-content\/uploads\/2025\/11\/Mostar_WorldTravelMarket4-768x883.jpg 768w, https:\/\/exploremostar.ba\/wp-content\/uploads\/2025\/11\/Mostar_WorldTravelMarket4-1336x1536.jpg 1336w, https:\/\/exploremostar.ba\/wp-content\/uploads\/2025\/11\/Mostar_WorldTravelMarket4-10x12.jpg 10w, https:\/\/exploremostar.ba\/wp-content\/uploads\/2025\/11\/Mostar_WorldTravelMarket4-600x690.jpg 600w, https:\/\/exploremostar.ba\/wp-content\/uploads\/2025\/11\/Mostar_WorldTravelMarket4.jpg 1500w\" sizes=\"(max-width: 261px) 100vw, 261px\" \/><img loading=\"lazy\" decoding=\"async\" class=\"alignnone size-medium wp-image-5396\" src=\"https:\/\/exploremostar.ba\/wp-content\/uploads\/2025\/11\/Mostar-WorldTravelMarket-300x206.jpg\" alt=\"\" width=\"300\" height=\"206\" srcset=\"https:\/\/exploremostar.ba\/wp-content\/uploads\/2025\/11\/Mostar-WorldTravelMarket-300x206.jpg 300w, https:\/\/exploremostar.ba\/wp-content\/uploads\/2025\/11\/Mostar-WorldTravelMarket-1024x703.jpg 1024w, https:\/\/exploremostar.ba\/wp-content\/uploads\/2025\/11\/Mostar-WorldTravelMarket-768x527.jpg 768w, https:\/\/exploremostar.ba\/wp-content\/uploads\/2025\/11\/Mostar-WorldTravelMarket-1536x1054.jpg 1536w, https:\/\/exploremostar.ba\/wp-content\/uploads\/2025\/11\/Mostar-WorldTravelMarket-18x12.jpg 18w, https:\/\/exploremostar.ba\/wp-content\/uploads\/2025\/11\/Mostar-WorldTravelMarket-600x412.jpg 600w, https:\/\/exploremostar.ba\/wp-content\/uploads\/2025\/11\/Mostar-WorldTravelMarket.jpg 1600w\" sizes=\"(max-width: 300px) 100vw, 300px\" \/> <img loading=\"lazy\" decoding=\"async\" class=\"alignnone size-medium wp-image-5397\" src=\"https:\/\/exploremostar.ba\/wp-content\/uploads\/2025\/11\/Mostar-WorldTravelMarket3-225x300.jpg\" alt=\"\" width=\"225\" height=\"300\" srcset=\"https:\/\/exploremostar.ba\/wp-content\/uploads\/2025\/11\/Mostar-WorldTravelMarket3-225x300.jpg 225w, https:\/\/exploremostar.ba\/wp-content\/uploads\/2025\/11\/Mostar-WorldTravelMarket3-768x1024.jpg 768w, https:\/\/exploremostar.ba\/wp-content\/uploads\/2025\/11\/Mostar-WorldTravelMarket3-9x12.jpg 9w, https:\/\/exploremostar.ba\/wp-content\/uploads\/2025\/11\/Mostar-WorldTravelMarket3-600x800.jpg 600w, https:\/\/exploremostar.ba\/wp-content\/uploads\/2025\/11\/Mostar-WorldTravelMarket3.jpg 912w\" sizes=\"(max-width: 225px) 100vw, 225px\" \/><\/p>","protected":false},"excerpt":{"rendered":"<p>Representatives of the Tourist Board of the City of Mostar, together with the delegation of the City of Mostar led by Mayor Mario Kordi\u0107, participated in one of the most significant global events in the travel industry - the World Travel Market (WTM) London 2025, which was held from November 4 to 6 in ExCeL London. This prestigious fair gathered thousands of [...]<\/p>","protected":false},"author":11,"featured_media":5396,"comment_status":"closed","ping_status":"open","sticky":false,"template":"","format":"standard","meta":{"footnotes":""},"categories":[100],"tags":[],"class_list":["post-5392","post","type-post","status-publish","format-standard","has-post-thumbnail","hentry","category-pozitivne-price"],"yoast_head":"<!-- This site is optimized with the Yoast SEO plugin v25.1 - https:\/\/yoast.com\/wordpress\/plugins\/seo\/ -->\n<title>Mostar uspje\u0161no predstavljen na Svjetskom turisti\u010dkom sajmu u Londonu - exploremostar<\/title>\n<meta name=\"robots\" content=\"index, follow, max-snippet:-1, max-image-preview:large, max-video-preview:-1\" \/>\n<link rel=\"canonical\" href=\"https:\/\/exploremostar.ba\/en\/mostar-uspjesno-predstavljen-na-svjetskom-turistickom-sajmu-u-londonu\/\" \/>\n<meta property=\"og:locale\" content=\"en_US\" \/>\n<meta property=\"og:type\" content=\"article\" \/>\n<meta property=\"og:title\" content=\"Mostar uspje\u0161no predstavljen na Svjetskom turisti\u010dkom sajmu u Londonu - exploremostar\" \/>\n<meta property=\"og:description\" content=\"Predstavnici Turisti\u010dke zajednice Grada Mostara, zajedno s izaslanstvom Grada Mostara na \u010delu s gradona\u010delnikom Mariom Kordi\u0107em, sudjelovali su na jednom od najzna\u010dajnijih globalnih doga\u0111aja u industriji putovanja \u2013 Svjetskom turisti\u010dkom sajmu (World Travel Market \u2013 WTM) London 2025., koji je odr\u017ean od 4. do 6. studenoga u ExCeL Londonu. Ovaj presti\u017eni sajam okupio je tisu\u0107e [&hellip;]\" \/>\n<meta property=\"og:url\" content=\"https:\/\/exploremostar.ba\/en\/mostar-uspjesno-predstavljen-na-svjetskom-turistickom-sajmu-u-londonu\/\" \/>\n<meta property=\"og:site_name\" content=\"exploremostar\" \/>\n<meta property=\"article:published_time\" content=\"2025-11-07T08:48:51+00:00\" \/>\n<meta property=\"article:modified_time\" content=\"2025-11-07T08:50:39+00:00\" \/>\n<meta property=\"og:image\" content=\"https:\/\/exploremostar.ba\/wp-content\/uploads\/2025\/11\/Mostar-WorldTravelMarket.jpg\" \/>\n\t<meta property=\"og:image:width\" content=\"1600\" \/>\n\t<meta property=\"og:image:height\" content=\"1098\" \/>\n\t<meta property=\"og:image:type\" content=\"image\/jpeg\" \/>\n<meta name=\"author\" content=\"Dino Jekic\" \/>\n<meta name=\"twitter:card\" content=\"summary_large_image\" \/>\n<meta name=\"twitter:label1\" content=\"Written by\" \/>\n\t<meta name=\"twitter:data1\" content=\"Dino Jekic\" \/>\n\t<meta name=\"twitter:label2\" content=\"Est. reading time\" \/>\n\t<meta name=\"twitter:data2\" content=\"3 minutes\" \/>\n<script type=\"application\/ld+json\" class=\"yoast-schema-graph\">{\"@context\":\"https:\/\/schema.org\",\"@graph\":[{\"@type\":\"WebPage\",\"@id\":\"https:\/\/exploremostar.ba\/mostar-uspjesno-predstavljen-na-svjetskom-turistickom-sajmu-u-londonu\/\",\"url\":\"https:\/\/exploremostar.ba\/mostar-uspjesno-predstavljen-na-svjetskom-turistickom-sajmu-u-londonu\/\",\"name\":\"Mostar uspje\u0161no predstavljen na Svjetskom turisti\u010dkom sajmu u Londonu - exploremostar\",\"isPartOf\":{\"@id\":\"https:\/\/exploremostar.ba\/#website\"},\"primaryImageOfPage\":{\"@id\":\"https:\/\/exploremostar.ba\/mostar-uspjesno-predstavljen-na-svjetskom-turistickom-sajmu-u-londonu\/#primaryimage\"},\"image\":{\"@id\":\"https:\/\/exploremostar.ba\/mostar-uspjesno-predstavljen-na-svjetskom-turistickom-sajmu-u-londonu\/#primaryimage\"},\"thumbnailUrl\":\"https:\/\/exploremostar.ba\/wp-content\/uploads\/2025\/11\/Mostar-WorldTravelMarket.jpg\",\"datePublished\":\"2025-11-07T08:48:51+00:00\",\"dateModified\":\"2025-11-07T08:50:39+00:00\",\"author\":{\"@id\":\"https:\/\/exploremostar.ba\/#\/schema\/person\/ba658e145ceeda3815df65d8fb9915c7\"},\"breadcrumb\":{\"@id\":\"https:\/\/exploremostar.ba\/mostar-uspjesno-predstavljen-na-svjetskom-turistickom-sajmu-u-londonu\/#breadcrumb\"},\"inLanguage\":\"en-US\",\"potentialAction\":[{\"@type\":\"ReadAction\",\"target\":[\"https:\/\/exploremostar.ba\/mostar-uspjesno-predstavljen-na-svjetskom-turistickom-sajmu-u-londonu\/\"]}]},{\"@type\":\"ImageObject\",\"inLanguage\":\"en-US\",\"@id\":\"https:\/\/exploremostar.ba\/mostar-uspjesno-predstavljen-na-svjetskom-turistickom-sajmu-u-londonu\/#primaryimage\",\"url\":\"https:\/\/exploremostar.ba\/wp-content\/uploads\/2025\/11\/Mostar-WorldTravelMarket.jpg\",\"contentUrl\":\"https:\/\/exploremostar.ba\/wp-content\/uploads\/2025\/11\/Mostar-WorldTravelMarket.jpg\",\"width\":1600,\"height\":1098},{\"@type\":\"BreadcrumbList\",\"@id\":\"https:\/\/exploremostar.ba\/mostar-uspjesno-predstavljen-na-svjetskom-turistickom-sajmu-u-londonu\/#breadcrumb\",\"itemListElement\":[{\"@type\":\"ListItem\",\"position\":1,\"name\":\"Home\",\"item\":\"https:\/\/exploremostar.ba\/\"},{\"@type\":\"ListItem\",\"position\":2,\"name\":\"Mostar uspje\u0161no predstavljen na Svjetskom turisti\u010dkom sajmu u Londonu\"}]},{\"@type\":\"WebSite\",\"@id\":\"https:\/\/exploremostar.ba\/#website\",\"url\":\"https:\/\/exploremostar.ba\/\",\"name\":\"exploremostar\",\"description\":\"Where bridges tell stories\",\"potentialAction\":[{\"@type\":\"SearchAction\",\"target\":{\"@type\":\"EntryPoint\",\"urlTemplate\":\"https:\/\/exploremostar.ba\/?s={search_term_string}\"},\"query-input\":{\"@type\":\"PropertyValueSpecification\",\"valueRequired\":true,\"valueName\":\"search_term_string\"}}],\"inLanguage\":\"en-US\"},{\"@type\":\"Person\",\"@id\":\"https:\/\/exploremostar.ba\/#\/schema\/person\/ba658e145ceeda3815df65d8fb9915c7\",\"name\":\"Dino Jekic\",\"image\":{\"@type\":\"ImageObject\",\"inLanguage\":\"en-US\",\"@id\":\"https:\/\/exploremostar.ba\/#\/schema\/person\/image\/\",\"url\":\"https:\/\/secure.gravatar.com\/avatar\/069d3f51f3e6bcef26bc4581da3ae12333ce97dcefaf5b817593df50933bfefb?s=96&d=https%3A%2F%2Fui-avatars.com%2Fapi%2FDino%20JekicDino%2F96%2F546de5%2Ffff%2F1%2F0.4%2F%2F1%2F1&r=g\",\"contentUrl\":\"https:\/\/secure.gravatar.com\/avatar\/069d3f51f3e6bcef26bc4581da3ae12333ce97dcefaf5b817593df50933bfefb?s=96&d=https%3A%2F%2Fui-avatars.com%2Fapi%2FDino%20JekicDino%2F96%2F546de5%2Ffff%2F1%2F0.4%2F%2F1%2F1&r=g\",\"caption\":\"Dino Jekic\"},\"url\":\"https:\/\/exploremostar.ba\/en\/author\/dino\/\"}]}<\/script>\n<!-- \/ Yoast SEO plugin. -->","yoast_head_json":{"title":"Mostar uspje\u0161no predstavljen na Svjetskom turisti\u010dkom sajmu u Londonu - exploremostar","robots":{"index":"index","follow":"follow","max-snippet":"max-snippet:-1","max-image-preview":"max-image-preview:large","max-video-preview":"max-video-preview:-1"},"canonical":"https:\/\/exploremostar.ba\/en\/mostar-uspjesno-predstavljen-na-svjetskom-turistickom-sajmu-u-londonu\/","og_locale":"en_US","og_type":"article","og_title":"Mostar uspje\u0161no predstavljen na Svjetskom turisti\u010dkom sajmu u Londonu - exploremostar","og_description":"Predstavnici Turisti\u010dke zajednice Grada Mostara, zajedno s izaslanstvom Grada Mostara na \u010delu s gradona\u010delnikom Mariom Kordi\u0107em, sudjelovali su na jednom od najzna\u010dajnijih globalnih doga\u0111aja u industriji putovanja \u2013 Svjetskom turisti\u010dkom sajmu (World Travel Market \u2013 WTM) London 2025., koji je odr\u017ean od 4. do 6. studenoga u ExCeL Londonu. Ovaj presti\u017eni sajam okupio je tisu\u0107e [&hellip;]","og_url":"https:\/\/exploremostar.ba\/en\/mostar-uspjesno-predstavljen-na-svjetskom-turistickom-sajmu-u-londonu\/","og_site_name":"exploremostar","article_published_time":"2025-11-07T08:48:51+00:00","article_modified_time":"2025-11-07T08:50:39+00:00","og_image":[{"width":1600,"height":1098,"url":"https:\/\/exploremostar.ba\/wp-content\/uploads\/2025\/11\/Mostar-WorldTravelMarket.jpg","type":"image\/jpeg"}],"author":"Dino Jekic","twitter_card":"summary_large_image","twitter_misc":{"Written by":"Dino Jekic","Est. reading time":"3 minutes"},"schema":{"@context":"https:\/\/schema.org","@graph":[{"@type":"WebPage","@id":"https:\/\/exploremostar.ba\/mostar-uspjesno-predstavljen-na-svjetskom-turistickom-sajmu-u-londonu\/","url":"https:\/\/exploremostar.ba\/mostar-uspjesno-predstavljen-na-svjetskom-turistickom-sajmu-u-londonu\/","name":"Mostar uspje\u0161no predstavljen na Svjetskom turisti\u010dkom sajmu u Londonu - exploremostar","isPartOf":{"@id":"https:\/\/exploremostar.ba\/#website"},"primaryImageOfPage":{"@id":"https:\/\/exploremostar.ba\/mostar-uspjesno-predstavljen-na-svjetskom-turistickom-sajmu-u-londonu\/#primaryimage"},"image":{"@id":"https:\/\/exploremostar.ba\/mostar-uspjesno-predstavljen-na-svjetskom-turistickom-sajmu-u-londonu\/#primaryimage"},"thumbnailUrl":"https:\/\/exploremostar.ba\/wp-content\/uploads\/2025\/11\/Mostar-WorldTravelMarket.jpg","datePublished":"2025-11-07T08:48:51+00:00","dateModified":"2025-11-07T08:50:39+00:00","author":{"@id":"https:\/\/exploremostar.ba\/#\/schema\/person\/ba658e145ceeda3815df65d8fb9915c7"},"breadcrumb":{"@id":"https:\/\/exploremostar.ba\/mostar-uspjesno-predstavljen-na-svjetskom-turistickom-sajmu-u-londonu\/#breadcrumb"},"inLanguage":"en-US","potentialAction":[{"@type":"ReadAction","target":["https:\/\/exploremostar.ba\/mostar-uspjesno-predstavljen-na-svjetskom-turistickom-sajmu-u-londonu\/"]}]},{"@type":"ImageObject","inLanguage":"en-US","@id":"https:\/\/exploremostar.ba\/mostar-uspjesno-predstavljen-na-svjetskom-turistickom-sajmu-u-londonu\/#primaryimage","url":"https:\/\/exploremostar.ba\/wp-content\/uploads\/2025\/11\/Mostar-WorldTravelMarket.jpg","contentUrl":"https:\/\/exploremostar.ba\/wp-content\/uploads\/2025\/11\/Mostar-WorldTravelMarket.jpg","width":1600,"height":1098},{"@type":"BreadcrumbList","@id":"https:\/\/exploremostar.ba\/mostar-uspjesno-predstavljen-na-svjetskom-turistickom-sajmu-u-londonu\/#breadcrumb","itemListElement":[{"@type":"ListItem","position":1,"name":"Home","item":"https:\/\/exploremostar.ba\/"},{"@type":"ListItem","position":2,"name":"Mostar uspje\u0161no predstavljen na Svjetskom turisti\u010dkom sajmu u Londonu"}]},{"@type":"WebSite","@id":"https:\/\/exploremostar.ba\/#website","url":"https:\/\/exploremostar.ba\/","name":"exploremostar","description":"Where bridges tell stories","potentialAction":[{"@type":"SearchAction","target":{"@type":"EntryPoint","urlTemplate":"https:\/\/exploremostar.ba\/?s={search_term_string}"},"query-input":{"@type":"PropertyValueSpecification","valueRequired":true,"valueName":"search_term_string"}}],"inLanguage":"en-US"},{"@type":"Person","@id":"https:\/\/exploremostar.ba\/#\/schema\/person\/ba658e145ceeda3815df65d8fb9915c7","name":"Dino Jekic","image":{"@type":"ImageObject","inLanguage":"en-US","@id":"https:\/\/exploremostar.ba\/#\/schema\/person\/image\/","url":"https:\/\/secure.gravatar.com\/avatar\/069d3f51f3e6bcef26bc4581da3ae12333ce97dcefaf5b817593df50933bfefb?s=96&d=https%3A%2F%2Fui-avatars.com%2Fapi%2FDino%20JekicDino%2F96%2F546de5%2Ffff%2F1%2F0.4%2F%2F1%2F1&r=g","contentUrl":"https:\/\/secure.gravatar.com\/avatar\/069d3f51f3e6bcef26bc4581da3ae12333ce97dcefaf5b817593df50933bfefb?s=96&d=https%3A%2F%2Fui-avatars.com%2Fapi%2FDino%20JekicDino%2F96%2F546de5%2Ffff%2F1%2F0.4%2F%2F1%2F1&r=g","caption":"Dino Jekic"},"url":"https:\/\/exploremostar.ba\/en\/author\/dino\/"}]}},"rttpg_featured_image_url":{"full":["https:\/\/exploremostar.ba\/wp-content\/uploads\/2025\/11\/Mostar-WorldTravelMarket.jpg",1600,1098,false],"landscape":["https:\/\/exploremostar.ba\/wp-content\/uploads\/2025\/11\/Mostar-WorldTravelMarket.jpg",1600,1098,false],"portraits":["https:\/\/exploremostar.ba\/wp-content\/uploads\/2025\/11\/Mostar-WorldTravelMarket.jpg",1600,1098,false],"thumbnail":["https:\/\/exploremostar.ba\/wp-content\/uploads\/2025\/11\/Mostar-WorldTravelMarket-150x150.jpg",150,150,true],"medium":["https:\/\/exploremostar.ba\/wp-content\/uploads\/2025\/11\/Mostar-WorldTravelMarket-300x206.jpg",300,206,true],"large":["https:\/\/exploremostar.ba\/wp-content\/uploads\/2025\/11\/Mostar-WorldTravelMarket-1024x703.jpg",1024,703,true],"1536x1536":["https:\/\/exploremostar.ba\/wp-content\/uploads\/2025\/11\/Mostar-WorldTravelMarket-1536x1054.jpg",1536,1054,true],"2048x2048":["https:\/\/exploremostar.ba\/wp-content\/uploads\/2025\/11\/Mostar-WorldTravelMarket.jpg",1600,1098,false],"trp-custom-language-flag":["https:\/\/exploremostar.ba\/wp-content\/uploads\/2025\/11\/Mostar-WorldTravelMarket-18x12.jpg",18,12,true],"woocommerce_thumbnail":["https:\/\/exploremostar.ba\/wp-content\/uploads\/2025\/11\/Mostar-WorldTravelMarket-300x300.jpg",300,300,true],"woocommerce_single":["https:\/\/exploremostar.ba\/wp-content\/uploads\/2025\/11\/Mostar-WorldTravelMarket-600x412.jpg",600,412,true],"woocommerce_gallery_thumbnail":["https:\/\/exploremostar.ba\/wp-content\/uploads\/2025\/11\/Mostar-WorldTravelMarket-100x100.jpg",100,100,true],"rt_custom":["https:\/\/exploremostar.ba\/wp-content\/uploads\/2025\/11\/Mostar-WorldTravelMarket.jpg",1600,1098,false]},"rttpg_author":{"display_name":"Dino Jekic","author_link":"https:\/\/exploremostar.ba\/en\/author\/dino\/"},"rttpg_comment":0,"rttpg_category":"<a href=\"https:\/\/exploremostar.ba\/en\/post-category\/pozitivne-price\/\" rel=\"category tag\">Pozitivne pri\u010de<\/a>","rttpg_excerpt":"Predstavnici Turisti\u010dke zajednice Grada Mostara, zajedno s izaslanstvom Grada Mostara na \u010delu s gradona\u010delnikom Mariom Kordi\u0107em, sudjelovali su na jednom od najzna\u010dajnijih globalnih doga\u0111aja u industriji putovanja \u2013 Svjetskom turisti\u010dkom sajmu (World Travel Market \u2013 WTM) London 2025., koji je odr\u017ean od 4. do 6. studenoga u ExCeL Londonu. Ovaj presti\u017eni sajam okupio je tisu\u0107e&hellip;","acf":[],"_links":{"self":[{"href":"https:\/\/exploremostar.ba\/en\/wp-json\/wp\/v2\/posts\/5392","targetHints":{"allow":["GET"]}}],"collection":[{"href":"https:\/\/exploremostar.ba\/en\/wp-json\/wp\/v2\/posts"}],"about":[{"href":"https:\/\/exploremostar.ba\/en\/wp-json\/wp\/v2\/types\/post"}],"author":[{"embeddable":true,"href":"https:\/\/exploremostar.ba\/en\/wp-json\/wp\/v2\/users\/11"}],"replies":[{"embeddable":true,"href":"https:\/\/exploremostar.ba\/en\/wp-json\/wp\/v2\/comments?post=5392"}],"version-history":[{"count":2,"href":"https:\/\/exploremostar.ba\/en\/wp-json\/wp\/v2\/posts\/5392\/revisions"}],"predecessor-version":[{"id":5400,"href":"https:\/\/exploremostar.ba\/en\/wp-json\/wp\/v2\/posts\/5392\/revisions\/5400"}],"wp:featuredmedia":[{"embeddable":true,"href":"https:\/\/exploremostar.ba\/en\/wp-json\/wp\/v2\/media\/5396"}],"wp:attachment":[{"href":"https:\/\/exploremostar.ba\/en\/wp-json\/wp\/v2\/media?parent=5392"}],"wp:term":[{"taxonomy":"category","embeddable":true,"href":"https:\/\/exploremostar.ba\/en\/wp-json\/wp\/v2\/categories?post=5392"},{"taxonomy":"post_tag","embeddable":true,"href":"https:\/\/exploremostar.ba\/en\/wp-json\/wp\/v2\/tags?post=5392"}],"curies":[{"name":"wp","href":"https:\/\/api.w.org\/{rel}","templated":true}]}}