{"id":5387,"date":"2025-11-06T10:06:55","date_gmt":"2025-11-06T09:06:55","guid":{"rendered":"https:\/\/exploremostar.ba\/?p=5387"},"modified":"2025-11-06T10:06:55","modified_gmt":"2025-11-06T09:06:55","slug":"obavijest-o-visini-boravisne-takse-za-2026-godinu","status":"publish","type":"post","link":"https:\/\/exploremostar.ba\/en\/obavijest-o-visini-boravisne-takse-za-2026-godinu\/","title":{"rendered":"Notice on the amount of residence tax for 2026"},"content":{"rendered":"<p style=\"font-weight: 400;\">The Tourist Board of the City of Mostar informs all accommodation service providers and tourism workers that the Government of Herzegovina-Neretva County at its 52nd session held on October 27, 2025 passed:<\/p>\n<ul style=\"font-weight: 400;\">\n<li>The decision on the amount of residence tax in the area of Herzegovina-Neretva County for the year 2026, and<\/li>\n<li>Decision on the amount of the annual flat-rate amount of the residence tax in the area of Herzegovina-Neretva County for the year 2026.<\/li>\n<\/ul>\n<p style=\"font-weight: 400;\">According to the above decisions, starting from\u00a0<strong>1. 1. 2026.<\/strong>, the following amounts will apply:<\/p>\n<ul style=\"font-weight: 400;\">\n<li>residence tax per person and overnight stay amounts to\u00a0<strong>3.00 KM<\/strong>,<\/li>\n<li>The daily tourist tax for excursionists is\u00a0<strong>1.50 KM per person<\/strong>,<\/li>\n<li>the annual lump sum of the residence tax for class A tourist places (Mostar, Konjic, \u010capljina, \u010citluk, Neum) is\u00a0<strong>65.00 KM<\/strong>,<\/li>\n<li>the annual lump sum of the residence tax for class B tourist places (Jablanica, Prozor, Stolac, Ravno) is\u00a0<strong>55.00 KM<\/strong>.<\/li>\n<\/ul>\n<p style=\"font-weight: 400;\">Resident tax payers are all accommodation facilities, including hotels, motels, boarding houses, camps, rooms, apartments, holiday homes, rural and tourist households and other forms of private accommodation, regardless of whether the Federal Ministry of Environment and Tourism, the relevant county ministry or local self-government units determine the categorization.<\/p>\n<p>Given that the process of booking and contracting accommodation for 2026 is already underway, especially in <strong>Mostar, Neum and \u010citluk<\/strong>, the Tourist Board of the City of Mostar invites all accommodation service providers to familiarize themselves with the new amounts of the residence tax in time. Timely harmonization of prices, calculations and payments will ensure orderly operations and accurate information of guests about the newly determined amounts of residence tax in 2026.<\/p>\n<p>The Tourist Board of the City of Mostar thanks all entities in tourism for their cooperation and contribution in promoting Mostar as a destination that strives for quality, sustainable and responsible tourism development.<\/p>\n<p style=\"font-weight: 400;\">","protected":false},"excerpt":{"rendered":"<p>The Tourist Board of the City of Mostar informs all accommodation service providers and tourism workers that the Government of Herzegovina-Neretva County at its 52nd session held on October 27, 2025 passed: Decision on the amount of residence tax in the area of Herzegovina-Neretva County for 2026, and Decision on the amount of the annual flat-rate amount of residence tax in the area of Herzegovina-Neretva County for 2026. According to [...]<\/p>","protected":false},"author":11,"featured_media":5388,"comment_status":"closed","ping_status":"open","sticky":false,"template":"","format":"standard","meta":{"footnotes":""},"categories":[100],"tags":[],"class_list":["post-5387","post","type-post","status-publish","format-standard","has-post-thumbnail","hentry","category-pozitivne-price"],"yoast_head":"<!-- This site is optimized with the Yoast SEO plugin v25.1 - https:\/\/yoast.com\/wordpress\/plugins\/seo\/ -->\n<title>Obavijest o visini boravi\u0161ne takse za 2026. godinu - exploremostar<\/title>\n<meta name=\"robots\" content=\"index, follow, max-snippet:-1, max-image-preview:large, max-video-preview:-1\" \/>\n<link rel=\"canonical\" href=\"https:\/\/exploremostar.ba\/en\/obavijest-o-visini-boravisne-takse-za-2026-godinu\/\" \/>\n<meta property=\"og:locale\" content=\"en_US\" \/>\n<meta property=\"og:type\" content=\"article\" \/>\n<meta property=\"og:title\" content=\"Obavijest o visini boravi\u0161ne takse za 2026. godinu - exploremostar\" \/>\n<meta property=\"og:description\" content=\"Turisti\u010dka zajednica Grada Mostara obavje\u0161tava sve pru\u017eatelje usluga smje\u0161taja i turisti\u010dke djelatnike da je Vlada Hercegova\u010dko-neretvanske \u017eupanije na 52. sjednici odr\u017eanoj 27. listopada 2025. godine donijela: Odluku o visini boravi\u0161ne takse na podru\u010dju Hercegova\u010dko-neretvanske \u017eupanije za 2026. godinu, te Odluku o visini godi\u0161njeg pau\u0161alnog iznosa boravi\u0161ne takse na podru\u010dju Hercegova\u010dko-neretvanske \u017eupanije za 2026. godinu. Prema [&hellip;]\" \/>\n<meta property=\"og:url\" content=\"https:\/\/exploremostar.ba\/en\/obavijest-o-visini-boravisne-takse-za-2026-godinu\/\" \/>\n<meta property=\"og:site_name\" content=\"exploremostar\" \/>\n<meta property=\"article:published_time\" content=\"2025-11-06T09:06:55+00:00\" \/>\n<meta property=\"og:image\" content=\"https:\/\/exploremostar.ba\/wp-content\/uploads\/2025\/11\/TZ-GRAD_MOSTAR_PATERN-1024x595-1.jpeg\" \/>\n\t<meta property=\"og:image:width\" content=\"1024\" \/>\n\t<meta property=\"og:image:height\" content=\"595\" \/>\n\t<meta property=\"og:image:type\" content=\"image\/jpeg\" \/>\n<meta name=\"author\" content=\"Dino Jekic\" \/>\n<meta name=\"twitter:card\" content=\"summary_large_image\" \/>\n<meta name=\"twitter:label1\" content=\"Written by\" \/>\n\t<meta name=\"twitter:data1\" content=\"Dino Jekic\" \/>\n\t<meta name=\"twitter:label2\" content=\"Est. reading time\" \/>\n\t<meta name=\"twitter:data2\" content=\"2 minutes\" \/>\n<script type=\"application\/ld+json\" class=\"yoast-schema-graph\">{\"@context\":\"https:\/\/schema.org\",\"@graph\":[{\"@type\":\"WebPage\",\"@id\":\"https:\/\/exploremostar.ba\/obavijest-o-visini-boravisne-takse-za-2026-godinu\/\",\"url\":\"https:\/\/exploremostar.ba\/obavijest-o-visini-boravisne-takse-za-2026-godinu\/\",\"name\":\"Obavijest o visini boravi\u0161ne takse za 2026. godinu - exploremostar\",\"isPartOf\":{\"@id\":\"https:\/\/exploremostar.ba\/#website\"},\"primaryImageOfPage\":{\"@id\":\"https:\/\/exploremostar.ba\/obavijest-o-visini-boravisne-takse-za-2026-godinu\/#primaryimage\"},\"image\":{\"@id\":\"https:\/\/exploremostar.ba\/obavijest-o-visini-boravisne-takse-za-2026-godinu\/#primaryimage\"},\"thumbnailUrl\":\"https:\/\/exploremostar.ba\/wp-content\/uploads\/2025\/11\/TZ-GRAD_MOSTAR_PATERN-1024x595-1.jpeg\",\"datePublished\":\"2025-11-06T09:06:55+00:00\",\"author\":{\"@id\":\"https:\/\/exploremostar.ba\/#\/schema\/person\/ba658e145ceeda3815df65d8fb9915c7\"},\"breadcrumb\":{\"@id\":\"https:\/\/exploremostar.ba\/obavijest-o-visini-boravisne-takse-za-2026-godinu\/#breadcrumb\"},\"inLanguage\":\"en-US\",\"potentialAction\":[{\"@type\":\"ReadAction\",\"target\":[\"https:\/\/exploremostar.ba\/obavijest-o-visini-boravisne-takse-za-2026-godinu\/\"]}]},{\"@type\":\"ImageObject\",\"inLanguage\":\"en-US\",\"@id\":\"https:\/\/exploremostar.ba\/obavijest-o-visini-boravisne-takse-za-2026-godinu\/#primaryimage\",\"url\":\"https:\/\/exploremostar.ba\/wp-content\/uploads\/2025\/11\/TZ-GRAD_MOSTAR_PATERN-1024x595-1.jpeg\",\"contentUrl\":\"https:\/\/exploremostar.ba\/wp-content\/uploads\/2025\/11\/TZ-GRAD_MOSTAR_PATERN-1024x595-1.jpeg\",\"width\":1024,\"height\":595},{\"@type\":\"BreadcrumbList\",\"@id\":\"https:\/\/exploremostar.ba\/obavijest-o-visini-boravisne-takse-za-2026-godinu\/#breadcrumb\",\"itemListElement\":[{\"@type\":\"ListItem\",\"position\":1,\"name\":\"Home\",\"item\":\"https:\/\/exploremostar.ba\/\"},{\"@type\":\"ListItem\",\"position\":2,\"name\":\"Obavijest o visini boravi\u0161ne takse za 2026. godinu\"}]},{\"@type\":\"WebSite\",\"@id\":\"https:\/\/exploremostar.ba\/#website\",\"url\":\"https:\/\/exploremostar.ba\/\",\"name\":\"exploremostar\",\"description\":\"Where bridges tell stories\",\"potentialAction\":[{\"@type\":\"SearchAction\",\"target\":{\"@type\":\"EntryPoint\",\"urlTemplate\":\"https:\/\/exploremostar.ba\/?s={search_term_string}\"},\"query-input\":{\"@type\":\"PropertyValueSpecification\",\"valueRequired\":true,\"valueName\":\"search_term_string\"}}],\"inLanguage\":\"en-US\"},{\"@type\":\"Person\",\"@id\":\"https:\/\/exploremostar.ba\/#\/schema\/person\/ba658e145ceeda3815df65d8fb9915c7\",\"name\":\"Dino Jekic\",\"image\":{\"@type\":\"ImageObject\",\"inLanguage\":\"en-US\",\"@id\":\"https:\/\/exploremostar.ba\/#\/schema\/person\/image\/\",\"url\":\"https:\/\/secure.gravatar.com\/avatar\/069d3f51f3e6bcef26bc4581da3ae12333ce97dcefaf5b817593df50933bfefb?s=96&d=https%3A%2F%2Fui-avatars.com%2Fapi%2FDino%20JekicDino%2F96%2F546de5%2Ffff%2F1%2F0.4%2F%2F1%2F1&r=g\",\"contentUrl\":\"https:\/\/secure.gravatar.com\/avatar\/069d3f51f3e6bcef26bc4581da3ae12333ce97dcefaf5b817593df50933bfefb?s=96&d=https%3A%2F%2Fui-avatars.com%2Fapi%2FDino%20JekicDino%2F96%2F546de5%2Ffff%2F1%2F0.4%2F%2F1%2F1&r=g\",\"caption\":\"Dino Jekic\"},\"url\":\"https:\/\/exploremostar.ba\/en\/author\/dino\/\"}]}<\/script>\n<!-- \/ Yoast SEO plugin. -->","yoast_head_json":{"title":"Obavijest o visini boravi\u0161ne takse za 2026. godinu - exploremostar","robots":{"index":"index","follow":"follow","max-snippet":"max-snippet:-1","max-image-preview":"max-image-preview:large","max-video-preview":"max-video-preview:-1"},"canonical":"https:\/\/exploremostar.ba\/en\/obavijest-o-visini-boravisne-takse-za-2026-godinu\/","og_locale":"en_US","og_type":"article","og_title":"Obavijest o visini boravi\u0161ne takse za 2026. godinu - exploremostar","og_description":"Turisti\u010dka zajednica Grada Mostara obavje\u0161tava sve pru\u017eatelje usluga smje\u0161taja i turisti\u010dke djelatnike da je Vlada Hercegova\u010dko-neretvanske \u017eupanije na 52. sjednici odr\u017eanoj 27. listopada 2025. godine donijela: Odluku o visini boravi\u0161ne takse na podru\u010dju Hercegova\u010dko-neretvanske \u017eupanije za 2026. godinu, te Odluku o visini godi\u0161njeg pau\u0161alnog iznosa boravi\u0161ne takse na podru\u010dju Hercegova\u010dko-neretvanske \u017eupanije za 2026. godinu. Prema [&hellip;]","og_url":"https:\/\/exploremostar.ba\/en\/obavijest-o-visini-boravisne-takse-za-2026-godinu\/","og_site_name":"exploremostar","article_published_time":"2025-11-06T09:06:55+00:00","og_image":[{"width":1024,"height":595,"url":"https:\/\/exploremostar.ba\/wp-content\/uploads\/2025\/11\/TZ-GRAD_MOSTAR_PATERN-1024x595-1.jpeg","type":"image\/jpeg"}],"author":"Dino Jekic","twitter_card":"summary_large_image","twitter_misc":{"Written by":"Dino Jekic","Est. reading time":"2 minutes"},"schema":{"@context":"https:\/\/schema.org","@graph":[{"@type":"WebPage","@id":"https:\/\/exploremostar.ba\/obavijest-o-visini-boravisne-takse-za-2026-godinu\/","url":"https:\/\/exploremostar.ba\/obavijest-o-visini-boravisne-takse-za-2026-godinu\/","name":"Obavijest o visini boravi\u0161ne takse za 2026. godinu - exploremostar","isPartOf":{"@id":"https:\/\/exploremostar.ba\/#website"},"primaryImageOfPage":{"@id":"https:\/\/exploremostar.ba\/obavijest-o-visini-boravisne-takse-za-2026-godinu\/#primaryimage"},"image":{"@id":"https:\/\/exploremostar.ba\/obavijest-o-visini-boravisne-takse-za-2026-godinu\/#primaryimage"},"thumbnailUrl":"https:\/\/exploremostar.ba\/wp-content\/uploads\/2025\/11\/TZ-GRAD_MOSTAR_PATERN-1024x595-1.jpeg","datePublished":"2025-11-06T09:06:55+00:00","author":{"@id":"https:\/\/exploremostar.ba\/#\/schema\/person\/ba658e145ceeda3815df65d8fb9915c7"},"breadcrumb":{"@id":"https:\/\/exploremostar.ba\/obavijest-o-visini-boravisne-takse-za-2026-godinu\/#breadcrumb"},"inLanguage":"en-US","potentialAction":[{"@type":"ReadAction","target":["https:\/\/exploremostar.ba\/obavijest-o-visini-boravisne-takse-za-2026-godinu\/"]}]},{"@type":"ImageObject","inLanguage":"en-US","@id":"https:\/\/exploremostar.ba\/obavijest-o-visini-boravisne-takse-za-2026-godinu\/#primaryimage","url":"https:\/\/exploremostar.ba\/wp-content\/uploads\/2025\/11\/TZ-GRAD_MOSTAR_PATERN-1024x595-1.jpeg","contentUrl":"https:\/\/exploremostar.ba\/wp-content\/uploads\/2025\/11\/TZ-GRAD_MOSTAR_PATERN-1024x595-1.jpeg","width":1024,"height":595},{"@type":"BreadcrumbList","@id":"https:\/\/exploremostar.ba\/obavijest-o-visini-boravisne-takse-za-2026-godinu\/#breadcrumb","itemListElement":[{"@type":"ListItem","position":1,"name":"Home","item":"https:\/\/exploremostar.ba\/"},{"@type":"ListItem","position":2,"name":"Obavijest o visini boravi\u0161ne takse za 2026. godinu"}]},{"@type":"WebSite","@id":"https:\/\/exploremostar.ba\/#website","url":"https:\/\/exploremostar.ba\/","name":"exploremostar","description":"Where bridges tell stories","potentialAction":[{"@type":"SearchAction","target":{"@type":"EntryPoint","urlTemplate":"https:\/\/exploremostar.ba\/?s={search_term_string}"},"query-input":{"@type":"PropertyValueSpecification","valueRequired":true,"valueName":"search_term_string"}}],"inLanguage":"en-US"},{"@type":"Person","@id":"https:\/\/exploremostar.ba\/#\/schema\/person\/ba658e145ceeda3815df65d8fb9915c7","name":"Dino Jekic","image":{"@type":"ImageObject","inLanguage":"en-US","@id":"https:\/\/exploremostar.ba\/#\/schema\/person\/image\/","url":"https:\/\/secure.gravatar.com\/avatar\/069d3f51f3e6bcef26bc4581da3ae12333ce97dcefaf5b817593df50933bfefb?s=96&d=https%3A%2F%2Fui-avatars.com%2Fapi%2FDino%20JekicDino%2F96%2F546de5%2Ffff%2F1%2F0.4%2F%2F1%2F1&r=g","contentUrl":"https:\/\/secure.gravatar.com\/avatar\/069d3f51f3e6bcef26bc4581da3ae12333ce97dcefaf5b817593df50933bfefb?s=96&d=https%3A%2F%2Fui-avatars.com%2Fapi%2FDino%20JekicDino%2F96%2F546de5%2Ffff%2F1%2F0.4%2F%2F1%2F1&r=g","caption":"Dino Jekic"},"url":"https:\/\/exploremostar.ba\/en\/author\/dino\/"}]}},"rttpg_featured_image_url":{"full":["https:\/\/exploremostar.ba\/wp-content\/uploads\/2025\/11\/TZ-GRAD_MOSTAR_PATERN-1024x595-1.jpeg",1024,595,false],"landscape":["https:\/\/exploremostar.ba\/wp-content\/uploads\/2025\/11\/TZ-GRAD_MOSTAR_PATERN-1024x595-1.jpeg",1024,595,false],"portraits":["https:\/\/exploremostar.ba\/wp-content\/uploads\/2025\/11\/TZ-GRAD_MOSTAR_PATERN-1024x595-1.jpeg",1024,595,false],"thumbnail":["https:\/\/exploremostar.ba\/wp-content\/uploads\/2025\/11\/TZ-GRAD_MOSTAR_PATERN-1024x595-1-150x150.jpeg",150,150,true],"medium":["https:\/\/exploremostar.ba\/wp-content\/uploads\/2025\/11\/TZ-GRAD_MOSTAR_PATERN-1024x595-1-300x174.jpeg",300,174,true],"large":["https:\/\/exploremostar.ba\/wp-content\/uploads\/2025\/11\/TZ-GRAD_MOSTAR_PATERN-1024x595-1.jpeg",1024,595,false],"1536x1536":["https:\/\/exploremostar.ba\/wp-content\/uploads\/2025\/11\/TZ-GRAD_MOSTAR_PATERN-1024x595-1.jpeg",1024,595,false],"2048x2048":["https:\/\/exploremostar.ba\/wp-content\/uploads\/2025\/11\/TZ-GRAD_MOSTAR_PATERN-1024x595-1.jpeg",1024,595,false],"trp-custom-language-flag":["https:\/\/exploremostar.ba\/wp-content\/uploads\/2025\/11\/TZ-GRAD_MOSTAR_PATERN-1024x595-1-18x10.jpeg",18,10,true],"woocommerce_thumbnail":["https:\/\/exploremostar.ba\/wp-content\/uploads\/2025\/11\/TZ-GRAD_MOSTAR_PATERN-1024x595-1-300x300.jpeg",300,300,true],"woocommerce_single":["https:\/\/exploremostar.ba\/wp-content\/uploads\/2025\/11\/TZ-GRAD_MOSTAR_PATERN-1024x595-1-600x349.jpeg",600,349,true],"woocommerce_gallery_thumbnail":["https:\/\/exploremostar.ba\/wp-content\/uploads\/2025\/11\/TZ-GRAD_MOSTAR_PATERN-1024x595-1-100x100.jpeg",100,100,true],"rt_custom":["https:\/\/exploremostar.ba\/wp-content\/uploads\/2025\/11\/TZ-GRAD_MOSTAR_PATERN-1024x595-1.jpeg",1024,595,false]},"rttpg_author":{"display_name":"Dino Jekic","author_link":"https:\/\/exploremostar.ba\/en\/author\/dino\/"},"rttpg_comment":0,"rttpg_category":"<a href=\"https:\/\/exploremostar.ba\/en\/post-category\/pozitivne-price\/\" rel=\"category tag\">Pozitivne pri\u010de<\/a>","rttpg_excerpt":"Turisti\u010dka zajednica Grada Mostara obavje\u0161tava sve pru\u017eatelje usluga smje\u0161taja i turisti\u010dke djelatnike da je Vlada Hercegova\u010dko-neretvanske \u017eupanije na 52. sjednici odr\u017eanoj 27. listopada 2025. godine donijela: Odluku o visini boravi\u0161ne takse na podru\u010dju Hercegova\u010dko-neretvanske \u017eupanije za 2026. godinu, te Odluku o visini godi\u0161njeg pau\u0161alnog iznosa boravi\u0161ne takse na podru\u010dju Hercegova\u010dko-neretvanske \u017eupanije za 2026. godinu. Prema&hellip;","acf":[],"_links":{"self":[{"href":"https:\/\/exploremostar.ba\/en\/wp-json\/wp\/v2\/posts\/5387","targetHints":{"allow":["GET"]}}],"collection":[{"href":"https:\/\/exploremostar.ba\/en\/wp-json\/wp\/v2\/posts"}],"about":[{"href":"https:\/\/exploremostar.ba\/en\/wp-json\/wp\/v2\/types\/post"}],"author":[{"embeddable":true,"href":"https:\/\/exploremostar.ba\/en\/wp-json\/wp\/v2\/users\/11"}],"replies":[{"embeddable":true,"href":"https:\/\/exploremostar.ba\/en\/wp-json\/wp\/v2\/comments?post=5387"}],"version-history":[{"count":1,"href":"https:\/\/exploremostar.ba\/en\/wp-json\/wp\/v2\/posts\/5387\/revisions"}],"predecessor-version":[{"id":5389,"href":"https:\/\/exploremostar.ba\/en\/wp-json\/wp\/v2\/posts\/5387\/revisions\/5389"}],"wp:featuredmedia":[{"embeddable":true,"href":"https:\/\/exploremostar.ba\/en\/wp-json\/wp\/v2\/media\/5388"}],"wp:attachment":[{"href":"https:\/\/exploremostar.ba\/en\/wp-json\/wp\/v2\/media?parent=5387"}],"wp:term":[{"taxonomy":"category","embeddable":true,"href":"https:\/\/exploremostar.ba\/en\/wp-json\/wp\/v2\/categories?post=5387"},{"taxonomy":"post_tag","embeddable":true,"href":"https:\/\/exploremostar.ba\/en\/wp-json\/wp\/v2\/tags?post=5387"}],"curies":[{"name":"wp","href":"https:\/\/api.w.org\/{rel}","templated":true}]}}