{"id":5373,"date":"2025-10-23T14:24:29","date_gmt":"2025-10-23T13:24:29","guid":{"rendered":"https:\/\/exploremostar.ba\/?p=5373"},"modified":"2025-10-23T14:24:29","modified_gmt":"2025-10-23T13:24:29","slug":"mostar-spreman-za-blagdansku-caroliju-i-docek-nove-2026-godine","status":"publish","type":"post","link":"https:\/\/exploremostar.ba\/en\/mostar-spreman-za-blagdansku-caroliju-i-docek-nove-2026-godine\/","title":{"rendered":"Mostar is ready for the holiday magic and welcome the New Year 2026!"},"content":{"rendered":"<p>The City of Mostar and the Mostar Tourist Board announced the program of this year&#039;s Advent and New Year&#039;s Eve 2026 at a press conference held on Thursday, October 23rd at the City Hall.<\/p>\n<p>As the chief advisor of the City of Mostar, Ines Suli\u0107, pointed out, these manifestations are not just dates on the calendar, but an opportunity for Mostar to shine in its full warmth and beauty.<\/p>\n<p>The lighting of the first Advent candle will take place on November 30 in front of the Croatian Home Herceg Stjepan Kosa\u010d, with a suitable children&#039;s program. This year&#039;s Advent moves to the plateau behind the Old Gymnasium, where 20 houses will be set up, while additional facilities will enliven Kantarevac and the promenade. Two &quot;cute houses&quot; will be located next to the ice rink, and the little ones will be especially delighted by Santa&#039;s house.<\/p>\n<p>The evening program begins on December 12 with a concert by Goran Karan, and every evening until January 1, visitors can expect two performers and great entertainment until midnight. The musical spectacle is brought by more than 30 performers, including the Mostar tamburasi, the Grga klapa and numerous local and regional bands.<\/p>\n<p>We will welcome the craziest night of the year with Sa\u0161a Mati\u0107 and the Trash Band, while on January 1, the New Year&#039;s Eve will be marked by Adi \u0160o\u0161e with Bijelo dugme &amp; Indexi Tribute Band.<\/p>\n<p>The children&#039;s program begins on December 6 with the celebration of St. Nicholas, and from December 8 to 30 there will be performances by kindergartens and schools, creative workshops, plays, mascots and animations - all in celebration of the youngest.<\/p>\n<p>The coordinator for the installation of the booths, Ivana Mari\u0107, announced that the City will soon issue a public call for all interested exhibitors, no later than November 10th, while the booths will be selected according to the principle of the highest bid.<\/p>\n<p>&quot;The interest is great and we believe that Mostar will once again become the center of good fun, togetherness and holiday warmth this winter,&quot; said the organizing team.<\/p>\n<p>&nbsp;<\/p>\n<p>&nbsp;<\/p>","protected":false},"excerpt":{"rendered":"<p>The City of Mostar and the Tourist Board of the City of Mostar announced the program of this year&#039;s Advent and New Year 2026 at a press conference held on Thursday, October 23, in the City Hall. As the chief adviser of the City of Mostar, Ines Suli\u0107, pointed out, these manifestations are not just dates on the calendar, but an opportunity for Mostar to shine in its full warmth and [...]<\/p>","protected":false},"author":11,"featured_media":5374,"comment_status":"closed","ping_status":"open","sticky":false,"template":"","format":"standard","meta":{"footnotes":""},"categories":[100],"tags":[],"class_list":["post-5373","post","type-post","status-publish","format-standard","has-post-thumbnail","hentry","category-pozitivne-price"],"yoast_head":"<!-- This site is optimized with the Yoast SEO plugin v25.1 - https:\/\/yoast.com\/wordpress\/plugins\/seo\/ -->\n<title>Mostar spreman za blagdansku \u010daroliju i do\u010dek Nove 2026. godine! - exploremostar<\/title>\n<meta name=\"robots\" content=\"index, follow, max-snippet:-1, max-image-preview:large, max-video-preview:-1\" \/>\n<link rel=\"canonical\" href=\"https:\/\/exploremostar.ba\/en\/mostar-spreman-za-blagdansku-caroliju-i-docek-nove-2026-godine\/\" \/>\n<meta property=\"og:locale\" content=\"en_US\" \/>\n<meta property=\"og:type\" content=\"article\" \/>\n<meta property=\"og:title\" content=\"Mostar spreman za blagdansku \u010daroliju i do\u010dek Nove 2026. godine! - exploremostar\" \/>\n<meta property=\"og:description\" content=\"Grad Mostar i Turisti\u010dka zajednica Grada Mostara na konferenciji za medije odr\u017eanoj u \u010detvrtak 23. listopada u Gradskoj vije\u0107nici najavili su program ovogodi\u0161njeg Adventa i do\u010dek Nove 2026. godine. Kako je istaknula glavna savjetnica Grada Mostara Ines Suli\u0107 ove manifestacije nisu samo datumi u kalendaru, ve\u0107 prilika da Mostar zasja u svojoj punoj toplini i [&hellip;]\" \/>\n<meta property=\"og:url\" content=\"https:\/\/exploremostar.ba\/en\/mostar-spreman-za-blagdansku-caroliju-i-docek-nove-2026-godine\/\" \/>\n<meta property=\"og:site_name\" content=\"exploremostar\" \/>\n<meta property=\"article:published_time\" content=\"2025-10-23T13:24:29+00:00\" \/>\n<meta property=\"og:image\" content=\"https:\/\/exploremostar.ba\/wp-content\/uploads\/2025\/10\/advent-mostar.jpg\" \/>\n\t<meta property=\"og:image:width\" content=\"1600\" \/>\n\t<meta property=\"og:image:height\" content=\"1067\" \/>\n\t<meta property=\"og:image:type\" content=\"image\/jpeg\" \/>\n<meta name=\"author\" content=\"Dino Jekic\" \/>\n<meta name=\"twitter:card\" content=\"summary_large_image\" \/>\n<meta name=\"twitter:label1\" content=\"Written by\" \/>\n\t<meta name=\"twitter:data1\" content=\"Dino Jekic\" \/>\n\t<meta name=\"twitter:label2\" content=\"Est. reading time\" \/>\n\t<meta name=\"twitter:data2\" content=\"2 minutes\" \/>\n<script type=\"application\/ld+json\" class=\"yoast-schema-graph\">{\"@context\":\"https:\/\/schema.org\",\"@graph\":[{\"@type\":\"WebPage\",\"@id\":\"https:\/\/exploremostar.ba\/mostar-spreman-za-blagdansku-caroliju-i-docek-nove-2026-godine\/\",\"url\":\"https:\/\/exploremostar.ba\/mostar-spreman-za-blagdansku-caroliju-i-docek-nove-2026-godine\/\",\"name\":\"Mostar spreman za blagdansku \u010daroliju i do\u010dek Nove 2026. godine! - exploremostar\",\"isPartOf\":{\"@id\":\"https:\/\/exploremostar.ba\/#website\"},\"primaryImageOfPage\":{\"@id\":\"https:\/\/exploremostar.ba\/mostar-spreman-za-blagdansku-caroliju-i-docek-nove-2026-godine\/#primaryimage\"},\"image\":{\"@id\":\"https:\/\/exploremostar.ba\/mostar-spreman-za-blagdansku-caroliju-i-docek-nove-2026-godine\/#primaryimage\"},\"thumbnailUrl\":\"https:\/\/exploremostar.ba\/wp-content\/uploads\/2025\/10\/advent-mostar.jpg\",\"datePublished\":\"2025-10-23T13:24:29+00:00\",\"author\":{\"@id\":\"https:\/\/exploremostar.ba\/#\/schema\/person\/ba658e145ceeda3815df65d8fb9915c7\"},\"breadcrumb\":{\"@id\":\"https:\/\/exploremostar.ba\/mostar-spreman-za-blagdansku-caroliju-i-docek-nove-2026-godine\/#breadcrumb\"},\"inLanguage\":\"en-US\",\"potentialAction\":[{\"@type\":\"ReadAction\",\"target\":[\"https:\/\/exploremostar.ba\/mostar-spreman-za-blagdansku-caroliju-i-docek-nove-2026-godine\/\"]}]},{\"@type\":\"ImageObject\",\"inLanguage\":\"en-US\",\"@id\":\"https:\/\/exploremostar.ba\/mostar-spreman-za-blagdansku-caroliju-i-docek-nove-2026-godine\/#primaryimage\",\"url\":\"https:\/\/exploremostar.ba\/wp-content\/uploads\/2025\/10\/advent-mostar.jpg\",\"contentUrl\":\"https:\/\/exploremostar.ba\/wp-content\/uploads\/2025\/10\/advent-mostar.jpg\",\"width\":1600,\"height\":1067},{\"@type\":\"BreadcrumbList\",\"@id\":\"https:\/\/exploremostar.ba\/mostar-spreman-za-blagdansku-caroliju-i-docek-nove-2026-godine\/#breadcrumb\",\"itemListElement\":[{\"@type\":\"ListItem\",\"position\":1,\"name\":\"Home\",\"item\":\"https:\/\/exploremostar.ba\/\"},{\"@type\":\"ListItem\",\"position\":2,\"name\":\"Mostar spreman za blagdansku \u010daroliju i do\u010dek Nove 2026. godine!\"}]},{\"@type\":\"WebSite\",\"@id\":\"https:\/\/exploremostar.ba\/#website\",\"url\":\"https:\/\/exploremostar.ba\/\",\"name\":\"exploremostar\",\"description\":\"Where bridges tell stories\",\"potentialAction\":[{\"@type\":\"SearchAction\",\"target\":{\"@type\":\"EntryPoint\",\"urlTemplate\":\"https:\/\/exploremostar.ba\/?s={search_term_string}\"},\"query-input\":{\"@type\":\"PropertyValueSpecification\",\"valueRequired\":true,\"valueName\":\"search_term_string\"}}],\"inLanguage\":\"en-US\"},{\"@type\":\"Person\",\"@id\":\"https:\/\/exploremostar.ba\/#\/schema\/person\/ba658e145ceeda3815df65d8fb9915c7\",\"name\":\"Dino Jekic\",\"image\":{\"@type\":\"ImageObject\",\"inLanguage\":\"en-US\",\"@id\":\"https:\/\/exploremostar.ba\/#\/schema\/person\/image\/\",\"url\":\"https:\/\/secure.gravatar.com\/avatar\/069d3f51f3e6bcef26bc4581da3ae12333ce97dcefaf5b817593df50933bfefb?s=96&d=https%3A%2F%2Fui-avatars.com%2Fapi%2FDino%20JekicDino%2F96%2F546de5%2Ffff%2F1%2F0.4%2F%2F1%2F1&r=g\",\"contentUrl\":\"https:\/\/secure.gravatar.com\/avatar\/069d3f51f3e6bcef26bc4581da3ae12333ce97dcefaf5b817593df50933bfefb?s=96&d=https%3A%2F%2Fui-avatars.com%2Fapi%2FDino%20JekicDino%2F96%2F546de5%2Ffff%2F1%2F0.4%2F%2F1%2F1&r=g\",\"caption\":\"Dino Jekic\"},\"url\":\"https:\/\/exploremostar.ba\/en\/author\/dino\/\"}]}<\/script>\n<!-- \/ Yoast SEO plugin. -->","yoast_head_json":{"title":"Mostar spreman za blagdansku \u010daroliju i do\u010dek Nove 2026. godine! - exploremostar","robots":{"index":"index","follow":"follow","max-snippet":"max-snippet:-1","max-image-preview":"max-image-preview:large","max-video-preview":"max-video-preview:-1"},"canonical":"https:\/\/exploremostar.ba\/en\/mostar-spreman-za-blagdansku-caroliju-i-docek-nove-2026-godine\/","og_locale":"en_US","og_type":"article","og_title":"Mostar spreman za blagdansku \u010daroliju i do\u010dek Nove 2026. godine! - exploremostar","og_description":"Grad Mostar i Turisti\u010dka zajednica Grada Mostara na konferenciji za medije odr\u017eanoj u \u010detvrtak 23. listopada u Gradskoj vije\u0107nici najavili su program ovogodi\u0161njeg Adventa i do\u010dek Nove 2026. godine. Kako je istaknula glavna savjetnica Grada Mostara Ines Suli\u0107 ove manifestacije nisu samo datumi u kalendaru, ve\u0107 prilika da Mostar zasja u svojoj punoj toplini i [&hellip;]","og_url":"https:\/\/exploremostar.ba\/en\/mostar-spreman-za-blagdansku-caroliju-i-docek-nove-2026-godine\/","og_site_name":"exploremostar","article_published_time":"2025-10-23T13:24:29+00:00","og_image":[{"width":1600,"height":1067,"url":"https:\/\/exploremostar.ba\/wp-content\/uploads\/2025\/10\/advent-mostar.jpg","type":"image\/jpeg"}],"author":"Dino Jekic","twitter_card":"summary_large_image","twitter_misc":{"Written by":"Dino Jekic","Est. reading time":"2 minutes"},"schema":{"@context":"https:\/\/schema.org","@graph":[{"@type":"WebPage","@id":"https:\/\/exploremostar.ba\/mostar-spreman-za-blagdansku-caroliju-i-docek-nove-2026-godine\/","url":"https:\/\/exploremostar.ba\/mostar-spreman-za-blagdansku-caroliju-i-docek-nove-2026-godine\/","name":"Mostar spreman za blagdansku \u010daroliju i do\u010dek Nove 2026. godine! - exploremostar","isPartOf":{"@id":"https:\/\/exploremostar.ba\/#website"},"primaryImageOfPage":{"@id":"https:\/\/exploremostar.ba\/mostar-spreman-za-blagdansku-caroliju-i-docek-nove-2026-godine\/#primaryimage"},"image":{"@id":"https:\/\/exploremostar.ba\/mostar-spreman-za-blagdansku-caroliju-i-docek-nove-2026-godine\/#primaryimage"},"thumbnailUrl":"https:\/\/exploremostar.ba\/wp-content\/uploads\/2025\/10\/advent-mostar.jpg","datePublished":"2025-10-23T13:24:29+00:00","author":{"@id":"https:\/\/exploremostar.ba\/#\/schema\/person\/ba658e145ceeda3815df65d8fb9915c7"},"breadcrumb":{"@id":"https:\/\/exploremostar.ba\/mostar-spreman-za-blagdansku-caroliju-i-docek-nove-2026-godine\/#breadcrumb"},"inLanguage":"en-US","potentialAction":[{"@type":"ReadAction","target":["https:\/\/exploremostar.ba\/mostar-spreman-za-blagdansku-caroliju-i-docek-nove-2026-godine\/"]}]},{"@type":"ImageObject","inLanguage":"en-US","@id":"https:\/\/exploremostar.ba\/mostar-spreman-za-blagdansku-caroliju-i-docek-nove-2026-godine\/#primaryimage","url":"https:\/\/exploremostar.ba\/wp-content\/uploads\/2025\/10\/advent-mostar.jpg","contentUrl":"https:\/\/exploremostar.ba\/wp-content\/uploads\/2025\/10\/advent-mostar.jpg","width":1600,"height":1067},{"@type":"BreadcrumbList","@id":"https:\/\/exploremostar.ba\/mostar-spreman-za-blagdansku-caroliju-i-docek-nove-2026-godine\/#breadcrumb","itemListElement":[{"@type":"ListItem","position":1,"name":"Home","item":"https:\/\/exploremostar.ba\/"},{"@type":"ListItem","position":2,"name":"Mostar spreman za blagdansku \u010daroliju i do\u010dek Nove 2026. godine!"}]},{"@type":"WebSite","@id":"https:\/\/exploremostar.ba\/#website","url":"https:\/\/exploremostar.ba\/","name":"exploremostar","description":"Where bridges tell stories","potentialAction":[{"@type":"SearchAction","target":{"@type":"EntryPoint","urlTemplate":"https:\/\/exploremostar.ba\/?s={search_term_string}"},"query-input":{"@type":"PropertyValueSpecification","valueRequired":true,"valueName":"search_term_string"}}],"inLanguage":"en-US"},{"@type":"Person","@id":"https:\/\/exploremostar.ba\/#\/schema\/person\/ba658e145ceeda3815df65d8fb9915c7","name":"Dino Jekic","image":{"@type":"ImageObject","inLanguage":"en-US","@id":"https:\/\/exploremostar.ba\/#\/schema\/person\/image\/","url":"https:\/\/secure.gravatar.com\/avatar\/069d3f51f3e6bcef26bc4581da3ae12333ce97dcefaf5b817593df50933bfefb?s=96&d=https%3A%2F%2Fui-avatars.com%2Fapi%2FDino%20JekicDino%2F96%2F546de5%2Ffff%2F1%2F0.4%2F%2F1%2F1&r=g","contentUrl":"https:\/\/secure.gravatar.com\/avatar\/069d3f51f3e6bcef26bc4581da3ae12333ce97dcefaf5b817593df50933bfefb?s=96&d=https%3A%2F%2Fui-avatars.com%2Fapi%2FDino%20JekicDino%2F96%2F546de5%2Ffff%2F1%2F0.4%2F%2F1%2F1&r=g","caption":"Dino Jekic"},"url":"https:\/\/exploremostar.ba\/en\/author\/dino\/"}]}},"rttpg_featured_image_url":{"full":["https:\/\/exploremostar.ba\/wp-content\/uploads\/2025\/10\/advent-mostar.jpg",1600,1067,false],"landscape":["https:\/\/exploremostar.ba\/wp-content\/uploads\/2025\/10\/advent-mostar.jpg",1600,1067,false],"portraits":["https:\/\/exploremostar.ba\/wp-content\/uploads\/2025\/10\/advent-mostar.jpg",1600,1067,false],"thumbnail":["https:\/\/exploremostar.ba\/wp-content\/uploads\/2025\/10\/advent-mostar-150x150.jpg",150,150,true],"medium":["https:\/\/exploremostar.ba\/wp-content\/uploads\/2025\/10\/advent-mostar-300x200.jpg",300,200,true],"large":["https:\/\/exploremostar.ba\/wp-content\/uploads\/2025\/10\/advent-mostar-1024x683.jpg",1024,683,true],"1536x1536":["https:\/\/exploremostar.ba\/wp-content\/uploads\/2025\/10\/advent-mostar-1536x1024.jpg",1536,1024,true],"2048x2048":["https:\/\/exploremostar.ba\/wp-content\/uploads\/2025\/10\/advent-mostar.jpg",1600,1067,false],"trp-custom-language-flag":["https:\/\/exploremostar.ba\/wp-content\/uploads\/2025\/10\/advent-mostar-18x12.jpg",18,12,true],"woocommerce_thumbnail":["https:\/\/exploremostar.ba\/wp-content\/uploads\/2025\/10\/advent-mostar-300x300.jpg",300,300,true],"woocommerce_single":["https:\/\/exploremostar.ba\/wp-content\/uploads\/2025\/10\/advent-mostar-600x400.jpg",600,400,true],"woocommerce_gallery_thumbnail":["https:\/\/exploremostar.ba\/wp-content\/uploads\/2025\/10\/advent-mostar-100x100.jpg",100,100,true],"rt_custom":["https:\/\/exploremostar.ba\/wp-content\/uploads\/2025\/10\/advent-mostar.jpg",1600,1067,false]},"rttpg_author":{"display_name":"Dino Jekic","author_link":"https:\/\/exploremostar.ba\/en\/author\/dino\/"},"rttpg_comment":0,"rttpg_category":"<a href=\"https:\/\/exploremostar.ba\/en\/post-category\/pozitivne-price\/\" rel=\"category tag\">Pozitivne pri\u010de<\/a>","rttpg_excerpt":"Grad Mostar i Turisti\u010dka zajednica Grada Mostara na konferenciji za medije odr\u017eanoj u \u010detvrtak 23. listopada u Gradskoj vije\u0107nici najavili su program ovogodi\u0161njeg Adventa i do\u010dek Nove 2026. godine. Kako je istaknula glavna savjetnica Grada Mostara Ines Suli\u0107 ove manifestacije nisu samo datumi u kalendaru, ve\u0107 prilika da Mostar zasja u svojoj punoj toplini i&hellip;","acf":[],"_links":{"self":[{"href":"https:\/\/exploremostar.ba\/en\/wp-json\/wp\/v2\/posts\/5373","targetHints":{"allow":["GET"]}}],"collection":[{"href":"https:\/\/exploremostar.ba\/en\/wp-json\/wp\/v2\/posts"}],"about":[{"href":"https:\/\/exploremostar.ba\/en\/wp-json\/wp\/v2\/types\/post"}],"author":[{"embeddable":true,"href":"https:\/\/exploremostar.ba\/en\/wp-json\/wp\/v2\/users\/11"}],"replies":[{"embeddable":true,"href":"https:\/\/exploremostar.ba\/en\/wp-json\/wp\/v2\/comments?post=5373"}],"version-history":[{"count":1,"href":"https:\/\/exploremostar.ba\/en\/wp-json\/wp\/v2\/posts\/5373\/revisions"}],"predecessor-version":[{"id":5375,"href":"https:\/\/exploremostar.ba\/en\/wp-json\/wp\/v2\/posts\/5373\/revisions\/5375"}],"wp:featuredmedia":[{"embeddable":true,"href":"https:\/\/exploremostar.ba\/en\/wp-json\/wp\/v2\/media\/5374"}],"wp:attachment":[{"href":"https:\/\/exploremostar.ba\/en\/wp-json\/wp\/v2\/media?parent=5373"}],"wp:term":[{"taxonomy":"category","embeddable":true,"href":"https:\/\/exploremostar.ba\/en\/wp-json\/wp\/v2\/categories?post=5373"},{"taxonomy":"post_tag","embeddable":true,"href":"https:\/\/exploremostar.ba\/en\/wp-json\/wp\/v2\/tags?post=5373"}],"curies":[{"name":"wp","href":"https:\/\/api.w.org\/{rel}","templated":true}]}}