{"id":5360,"date":"2025-10-07T13:15:30","date_gmt":"2025-10-07T12:15:30","guid":{"rendered":"https:\/\/exploremostar.ba\/?p=5360"},"modified":"2025-10-07T13:15:30","modified_gmt":"2025-10-07T12:15:30","slug":"strucni-posjet-tvrdjavi-werk-9-prvi-korak-ka-valorizaciji-vrijedne-austrougarske-bastine-u-mostaru","status":"publish","type":"post","link":"https:\/\/exploremostar.ba\/en\/strucni-posjet-tvrdjavi-werk-9-prvi-korak-ka-valorizaciji-vrijedne-austrougarske-bastine-u-mostaru\/","title":{"rendered":"Expert visit to the \u201cWerk 9\u201d fortress \u2013 the first step towards valorizing the valuable Austro-Hungarian heritage in Mostar"},"content":{"rendered":"<p>On Tuesday, October 6, 2025, an expert visit to the fortress &quot;Werk 9&quot; was organized under the leadership of the director of the Tourist Board of the City of Mostar, Elvira \u0106emalovi\u0107, with the aim of considering the possibility of revitalization and the future purpose of this exceptional fortification building from the Austro-Hungarian period.<\/p>\n<p>Tim Clancy, an international expert on sustainable development, and Manuel Martinovi\u0107, author of a monograph on Austro-Hungarian fortifications in Bosnia and Herzegovina and president of the Association for the Protection of Fortifications &quot;Werk&quot;, took part in the visit, along with director \u0106emalovi\u0107. The expert team analyzed the condition of the building and discussed the potential of its renovation and inclusion in the tourist offer of Mostar.<\/p>\n<p>The City Council of the City of Mostar previously made a decision to give the fortress &quot;Werk 9&quot; to the Tourist Association of the City of Mostar for temporary management, free of charge. This decision represents an important step forward in the preservation of cultural and historical heritage, but also in the creation of new tourist content.<br \/>\n<img fetchpriority=\"high\" decoding=\"async\" class=\"alignnone size-medium wp-image-5362\" src=\"https:\/\/exploremostar.ba\/wp-content\/uploads\/2025\/10\/Werk1-1-300x224.jpg\" alt=\"\" width=\"300\" height=\"224\" srcset=\"https:\/\/exploremostar.ba\/wp-content\/uploads\/2025\/10\/Werk1-1-300x224.jpg 300w, https:\/\/exploremostar.ba\/wp-content\/uploads\/2025\/10\/Werk1-1-16x12.jpg 16w, https:\/\/exploremostar.ba\/wp-content\/uploads\/2025\/10\/Werk1-1-600x447.jpg 600w, https:\/\/exploremostar.ba\/wp-content\/uploads\/2025\/10\/Werk1-1.jpg 738w\" sizes=\"(max-width: 300px) 100vw, 300px\" \/> <img decoding=\"async\" class=\"alignnone size-medium wp-image-5363\" src=\"https:\/\/exploremostar.ba\/wp-content\/uploads\/2025\/10\/Werk-2-300x230.jpg\" alt=\"\" width=\"300\" height=\"230\" srcset=\"https:\/\/exploremostar.ba\/wp-content\/uploads\/2025\/10\/Werk-2-300x230.jpg 300w, https:\/\/exploremostar.ba\/wp-content\/uploads\/2025\/10\/Werk-2-16x12.jpg 16w, https:\/\/exploremostar.ba\/wp-content\/uploads\/2025\/10\/Werk-2-600x460.jpg 600w, https:\/\/exploremostar.ba\/wp-content\/uploads\/2025\/10\/Werk-2.jpg 738w\" sizes=\"(max-width: 300px) 100vw, 300px\" \/> <img decoding=\"async\" class=\"alignnone size-medium wp-image-5364\" src=\"https:\/\/exploremostar.ba\/wp-content\/uploads\/2025\/10\/Werk-3-300x283.jpg\" alt=\"\" width=\"300\" height=\"283\" srcset=\"https:\/\/exploremostar.ba\/wp-content\/uploads\/2025\/10\/Werk-3-300x283.jpg 300w, https:\/\/exploremostar.ba\/wp-content\/uploads\/2025\/10\/Werk-3-13x12.jpg 13w, https:\/\/exploremostar.ba\/wp-content\/uploads\/2025\/10\/Werk-3-600x566.jpg 600w, https:\/\/exploremostar.ba\/wp-content\/uploads\/2025\/10\/Werk-3.jpg 738w\" sizes=\"(max-width: 300px) 100vw, 300px\" \/> <img loading=\"lazy\" decoding=\"async\" class=\"alignnone size-medium wp-image-5365\" src=\"https:\/\/exploremostar.ba\/wp-content\/uploads\/2025\/10\/Werk-4-300x281.jpg\" alt=\"\" width=\"300\" height=\"281\" srcset=\"https:\/\/exploremostar.ba\/wp-content\/uploads\/2025\/10\/Werk-4-300x281.jpg 300w, https:\/\/exploremostar.ba\/wp-content\/uploads\/2025\/10\/Werk-4-13x12.jpg 13w, https:\/\/exploremostar.ba\/wp-content\/uploads\/2025\/10\/Werk-4-600x563.jpg 600w, https:\/\/exploremostar.ba\/wp-content\/uploads\/2025\/10\/Werk-4.jpg 738w\" sizes=\"(max-width: 300px) 100vw, 300px\" \/><br \/>\nThe fortress &quot;Werk 9&quot;, built in 1888 and located in the settlement of Gnojnice Donje, represents a valuable example of Austro-Hungarian military architecture and is the only preserved building of this type in the area of Mostar. Despite its historical and architectural value, until now it was almost completely out of the focus of the public and tourist promotion. It is currently in an extremely neglected state, partly due to the influence of time, and partly as a result of long-term human carelessness and lack of systematic maintenance. Rehabilitation of the building will require significant financial investments, in order to bring the fortress to a functional and presentationally acceptable state, appropriate to its cultural value.<\/p>\n<p>&quot;Our intention is to preserve, restore and present this object to the public as a valuable segment of the cultural-historical and tourist heritage of Mostar. The Tourist Board will invest efforts, own funds and apply to appropriate funds in order to enable appropriate valorization and protection of the fortress, all while fully respecting its original form and the dignity of the space,&quot; said the director of the Tourist Board of the City of Mostar, Elvira \u0106emalovi\u0107.<\/p>\n<p>According to the provisions of the decision of the City Council, the building will be used exclusively in a way that does not damage its cultural significance and historical integrity. By including the &quot;Werk 9&quot; fortress in the official tourist offer of Mostar, an opportunity is created to enrich the content that the city offers to visitors, while at the same time preserving one of the rare remaining testimonies of the Austro-Hungarian military infrastructure.<\/p>\n<p>The Tourist Board of the City of Mostar hereby expresses its gratitude to the City Council for the trust shown and announces concrete steps in the coming period so that the fortress &quot;Werk 9&quot; becomes a recognizable and valuable part of the identity of the city of Mostar.<\/p>","protected":false},"excerpt":{"rendered":"<p>On Tuesday, October 6, 2025, an expert visit to the fortress &quot;Werk 9&quot; was organized under the leadership of the director of the Tourist Board of the City of Mostar, Elvira \u0106emalovi\u0107, with the aim of considering the possibility of revitalization and the future purpose of this exceptional fortification building from the Austro-Hungarian period. In addition to director \u0106emalovi\u0107, Tim Clancy, an international expert on sustainable development, and Manuel Martinovi\u0107, [\u2026]<\/p>","protected":false},"author":11,"featured_media":5361,"comment_status":"closed","ping_status":"open","sticky":false,"template":"","format":"standard","meta":{"footnotes":""},"categories":[100],"tags":[],"class_list":["post-5360","post","type-post","status-publish","format-standard","has-post-thumbnail","hentry","category-pozitivne-price"],"yoast_head":"<!-- This site is optimized with the Yoast SEO plugin v25.1 - https:\/\/yoast.com\/wordpress\/plugins\/seo\/ -->\n<title>Stru\u010dni posjet tvr\u0111avi &quot;Werk 9&quot; \u2013 prvi korak ka valorizaciji vrijedne austrougarske ba\u0161tine u Mostaru - exploremostar<\/title>\n<meta name=\"robots\" content=\"index, follow, max-snippet:-1, max-image-preview:large, max-video-preview:-1\" \/>\n<link rel=\"canonical\" href=\"https:\/\/exploremostar.ba\/en\/strucni-posjet-tvrdjavi-werk-9-prvi-korak-ka-valorizaciji-vrijedne-austrougarske-bastine-u-mostaru\/\" \/>\n<meta property=\"og:locale\" content=\"en_US\" \/>\n<meta property=\"og:type\" content=\"article\" \/>\n<meta property=\"og:title\" content=\"Stru\u010dni posjet tvr\u0111avi &quot;Werk 9&quot; \u2013 prvi korak ka valorizaciji vrijedne austrougarske ba\u0161tine u Mostaru - exploremostar\" \/>\n<meta property=\"og:description\" content=\"U utorak, 6. 10. 2025. godine, organiziran je stru\u010dni posjet tvr\u0111avi &#8220;Werk 9&#8221;, pod vodstvom direktorice Turisti\u010dke zajednice Grada Mostara, Elvire \u0106emalovi\u0107, s ciljem razmatranja mogu\u0107nosti revitalizacije i budu\u0107e namjene ovog iznimnog fortifikacijskog objekta iz austrougarskog razdoblja. U posjeti su, uz direktoricu \u0106emalovi\u0107, sudjelovali i Tim Clancy, me\u0111unarodni stru\u010dnjak za odr\u017eivi razvoj, te Manuel Martinovi\u0107, [&hellip;]\" \/>\n<meta property=\"og:url\" content=\"https:\/\/exploremostar.ba\/en\/strucni-posjet-tvrdjavi-werk-9-prvi-korak-ka-valorizaciji-vrijedne-austrougarske-bastine-u-mostaru\/\" \/>\n<meta property=\"og:site_name\" content=\"exploremostar\" \/>\n<meta property=\"article:published_time\" content=\"2025-10-07T12:15:30+00:00\" \/>\n<meta property=\"og:image\" content=\"https:\/\/exploremostar.ba\/wp-content\/uploads\/2025\/10\/Werk1.jpg\" \/>\n\t<meta property=\"og:image:width\" content=\"738\" \/>\n\t<meta property=\"og:image:height\" content=\"550\" \/>\n\t<meta property=\"og:image:type\" content=\"image\/jpeg\" \/>\n<meta name=\"author\" content=\"Dino Jekic\" \/>\n<meta name=\"twitter:card\" content=\"summary_large_image\" \/>\n<meta name=\"twitter:label1\" content=\"Written by\" \/>\n\t<meta name=\"twitter:data1\" content=\"Dino Jekic\" \/>\n\t<meta name=\"twitter:label2\" content=\"Est. reading time\" \/>\n\t<meta name=\"twitter:data2\" content=\"3 minutes\" \/>\n<script type=\"application\/ld+json\" class=\"yoast-schema-graph\">{\"@context\":\"https:\/\/schema.org\",\"@graph\":[{\"@type\":\"WebPage\",\"@id\":\"https:\/\/exploremostar.ba\/strucni-posjet-tvrdjavi-werk-9-prvi-korak-ka-valorizaciji-vrijedne-austrougarske-bastine-u-mostaru\/\",\"url\":\"https:\/\/exploremostar.ba\/strucni-posjet-tvrdjavi-werk-9-prvi-korak-ka-valorizaciji-vrijedne-austrougarske-bastine-u-mostaru\/\",\"name\":\"Stru\u010dni posjet tvr\u0111avi \\\"Werk 9\\\" \u2013 prvi korak ka valorizaciji vrijedne austrougarske ba\u0161tine u Mostaru - exploremostar\",\"isPartOf\":{\"@id\":\"https:\/\/exploremostar.ba\/#website\"},\"primaryImageOfPage\":{\"@id\":\"https:\/\/exploremostar.ba\/strucni-posjet-tvrdjavi-werk-9-prvi-korak-ka-valorizaciji-vrijedne-austrougarske-bastine-u-mostaru\/#primaryimage\"},\"image\":{\"@id\":\"https:\/\/exploremostar.ba\/strucni-posjet-tvrdjavi-werk-9-prvi-korak-ka-valorizaciji-vrijedne-austrougarske-bastine-u-mostaru\/#primaryimage\"},\"thumbnailUrl\":\"https:\/\/exploremostar.ba\/wp-content\/uploads\/2025\/10\/Werk1.jpg\",\"datePublished\":\"2025-10-07T12:15:30+00:00\",\"author\":{\"@id\":\"https:\/\/exploremostar.ba\/#\/schema\/person\/ba658e145ceeda3815df65d8fb9915c7\"},\"breadcrumb\":{\"@id\":\"https:\/\/exploremostar.ba\/strucni-posjet-tvrdjavi-werk-9-prvi-korak-ka-valorizaciji-vrijedne-austrougarske-bastine-u-mostaru\/#breadcrumb\"},\"inLanguage\":\"en-US\",\"potentialAction\":[{\"@type\":\"ReadAction\",\"target\":[\"https:\/\/exploremostar.ba\/strucni-posjet-tvrdjavi-werk-9-prvi-korak-ka-valorizaciji-vrijedne-austrougarske-bastine-u-mostaru\/\"]}]},{\"@type\":\"ImageObject\",\"inLanguage\":\"en-US\",\"@id\":\"https:\/\/exploremostar.ba\/strucni-posjet-tvrdjavi-werk-9-prvi-korak-ka-valorizaciji-vrijedne-austrougarske-bastine-u-mostaru\/#primaryimage\",\"url\":\"https:\/\/exploremostar.ba\/wp-content\/uploads\/2025\/10\/Werk1.jpg\",\"contentUrl\":\"https:\/\/exploremostar.ba\/wp-content\/uploads\/2025\/10\/Werk1.jpg\",\"width\":738,\"height\":550},{\"@type\":\"BreadcrumbList\",\"@id\":\"https:\/\/exploremostar.ba\/strucni-posjet-tvrdjavi-werk-9-prvi-korak-ka-valorizaciji-vrijedne-austrougarske-bastine-u-mostaru\/#breadcrumb\",\"itemListElement\":[{\"@type\":\"ListItem\",\"position\":1,\"name\":\"Home\",\"item\":\"https:\/\/exploremostar.ba\/\"},{\"@type\":\"ListItem\",\"position\":2,\"name\":\"Stru\u010dni posjet tvr\u0111avi &#8220;Werk 9&#8221; \u2013 prvi korak ka valorizaciji vrijedne austrougarske ba\u0161tine u Mostaru\"}]},{\"@type\":\"WebSite\",\"@id\":\"https:\/\/exploremostar.ba\/#website\",\"url\":\"https:\/\/exploremostar.ba\/\",\"name\":\"exploremostar\",\"description\":\"Where bridges tell stories\",\"potentialAction\":[{\"@type\":\"SearchAction\",\"target\":{\"@type\":\"EntryPoint\",\"urlTemplate\":\"https:\/\/exploremostar.ba\/?s={search_term_string}\"},\"query-input\":{\"@type\":\"PropertyValueSpecification\",\"valueRequired\":true,\"valueName\":\"search_term_string\"}}],\"inLanguage\":\"en-US\"},{\"@type\":\"Person\",\"@id\":\"https:\/\/exploremostar.ba\/#\/schema\/person\/ba658e145ceeda3815df65d8fb9915c7\",\"name\":\"Dino Jekic\",\"image\":{\"@type\":\"ImageObject\",\"inLanguage\":\"en-US\",\"@id\":\"https:\/\/exploremostar.ba\/#\/schema\/person\/image\/\",\"url\":\"https:\/\/secure.gravatar.com\/avatar\/069d3f51f3e6bcef26bc4581da3ae12333ce97dcefaf5b817593df50933bfefb?s=96&d=https%3A%2F%2Fui-avatars.com%2Fapi%2FDino%20JekicDino%2F96%2F546de5%2Ffff%2F1%2F0.4%2F%2F1%2F1&r=g\",\"contentUrl\":\"https:\/\/secure.gravatar.com\/avatar\/069d3f51f3e6bcef26bc4581da3ae12333ce97dcefaf5b817593df50933bfefb?s=96&d=https%3A%2F%2Fui-avatars.com%2Fapi%2FDino%20JekicDino%2F96%2F546de5%2Ffff%2F1%2F0.4%2F%2F1%2F1&r=g\",\"caption\":\"Dino Jekic\"},\"url\":\"https:\/\/exploremostar.ba\/en\/author\/dino\/\"}]}<\/script>\n<!-- \/ Yoast SEO plugin. -->","yoast_head_json":{"title":"Stru\u010dni posjet tvr\u0111avi \"Werk 9\" \u2013 prvi korak ka valorizaciji vrijedne austrougarske ba\u0161tine u Mostaru - exploremostar","robots":{"index":"index","follow":"follow","max-snippet":"max-snippet:-1","max-image-preview":"max-image-preview:large","max-video-preview":"max-video-preview:-1"},"canonical":"https:\/\/exploremostar.ba\/en\/strucni-posjet-tvrdjavi-werk-9-prvi-korak-ka-valorizaciji-vrijedne-austrougarske-bastine-u-mostaru\/","og_locale":"en_US","og_type":"article","og_title":"Stru\u010dni posjet tvr\u0111avi \"Werk 9\" \u2013 prvi korak ka valorizaciji vrijedne austrougarske ba\u0161tine u Mostaru - exploremostar","og_description":"U utorak, 6. 10. 2025. godine, organiziran je stru\u010dni posjet tvr\u0111avi &#8220;Werk 9&#8221;, pod vodstvom direktorice Turisti\u010dke zajednice Grada Mostara, Elvire \u0106emalovi\u0107, s ciljem razmatranja mogu\u0107nosti revitalizacije i budu\u0107e namjene ovog iznimnog fortifikacijskog objekta iz austrougarskog razdoblja. U posjeti su, uz direktoricu \u0106emalovi\u0107, sudjelovali i Tim Clancy, me\u0111unarodni stru\u010dnjak za odr\u017eivi razvoj, te Manuel Martinovi\u0107, [&hellip;]","og_url":"https:\/\/exploremostar.ba\/en\/strucni-posjet-tvrdjavi-werk-9-prvi-korak-ka-valorizaciji-vrijedne-austrougarske-bastine-u-mostaru\/","og_site_name":"exploremostar","article_published_time":"2025-10-07T12:15:30+00:00","og_image":[{"width":738,"height":550,"url":"https:\/\/exploremostar.ba\/wp-content\/uploads\/2025\/10\/Werk1.jpg","type":"image\/jpeg"}],"author":"Dino Jekic","twitter_card":"summary_large_image","twitter_misc":{"Written by":"Dino Jekic","Est. reading time":"3 minutes"},"schema":{"@context":"https:\/\/schema.org","@graph":[{"@type":"WebPage","@id":"https:\/\/exploremostar.ba\/strucni-posjet-tvrdjavi-werk-9-prvi-korak-ka-valorizaciji-vrijedne-austrougarske-bastine-u-mostaru\/","url":"https:\/\/exploremostar.ba\/strucni-posjet-tvrdjavi-werk-9-prvi-korak-ka-valorizaciji-vrijedne-austrougarske-bastine-u-mostaru\/","name":"Stru\u010dni posjet tvr\u0111avi \"Werk 9\" \u2013 prvi korak ka valorizaciji vrijedne austrougarske ba\u0161tine u Mostaru - exploremostar","isPartOf":{"@id":"https:\/\/exploremostar.ba\/#website"},"primaryImageOfPage":{"@id":"https:\/\/exploremostar.ba\/strucni-posjet-tvrdjavi-werk-9-prvi-korak-ka-valorizaciji-vrijedne-austrougarske-bastine-u-mostaru\/#primaryimage"},"image":{"@id":"https:\/\/exploremostar.ba\/strucni-posjet-tvrdjavi-werk-9-prvi-korak-ka-valorizaciji-vrijedne-austrougarske-bastine-u-mostaru\/#primaryimage"},"thumbnailUrl":"https:\/\/exploremostar.ba\/wp-content\/uploads\/2025\/10\/Werk1.jpg","datePublished":"2025-10-07T12:15:30+00:00","author":{"@id":"https:\/\/exploremostar.ba\/#\/schema\/person\/ba658e145ceeda3815df65d8fb9915c7"},"breadcrumb":{"@id":"https:\/\/exploremostar.ba\/strucni-posjet-tvrdjavi-werk-9-prvi-korak-ka-valorizaciji-vrijedne-austrougarske-bastine-u-mostaru\/#breadcrumb"},"inLanguage":"en-US","potentialAction":[{"@type":"ReadAction","target":["https:\/\/exploremostar.ba\/strucni-posjet-tvrdjavi-werk-9-prvi-korak-ka-valorizaciji-vrijedne-austrougarske-bastine-u-mostaru\/"]}]},{"@type":"ImageObject","inLanguage":"en-US","@id":"https:\/\/exploremostar.ba\/strucni-posjet-tvrdjavi-werk-9-prvi-korak-ka-valorizaciji-vrijedne-austrougarske-bastine-u-mostaru\/#primaryimage","url":"https:\/\/exploremostar.ba\/wp-content\/uploads\/2025\/10\/Werk1.jpg","contentUrl":"https:\/\/exploremostar.ba\/wp-content\/uploads\/2025\/10\/Werk1.jpg","width":738,"height":550},{"@type":"BreadcrumbList","@id":"https:\/\/exploremostar.ba\/strucni-posjet-tvrdjavi-werk-9-prvi-korak-ka-valorizaciji-vrijedne-austrougarske-bastine-u-mostaru\/#breadcrumb","itemListElement":[{"@type":"ListItem","position":1,"name":"Home","item":"https:\/\/exploremostar.ba\/"},{"@type":"ListItem","position":2,"name":"Stru\u010dni posjet tvr\u0111avi &#8220;Werk 9&#8221; \u2013 prvi korak ka valorizaciji vrijedne austrougarske ba\u0161tine u Mostaru"}]},{"@type":"WebSite","@id":"https:\/\/exploremostar.ba\/#website","url":"https:\/\/exploremostar.ba\/","name":"exploremostar","description":"Where bridges tell stories","potentialAction":[{"@type":"SearchAction","target":{"@type":"EntryPoint","urlTemplate":"https:\/\/exploremostar.ba\/?s={search_term_string}"},"query-input":{"@type":"PropertyValueSpecification","valueRequired":true,"valueName":"search_term_string"}}],"inLanguage":"en-US"},{"@type":"Person","@id":"https:\/\/exploremostar.ba\/#\/schema\/person\/ba658e145ceeda3815df65d8fb9915c7","name":"Dino Jekic","image":{"@type":"ImageObject","inLanguage":"en-US","@id":"https:\/\/exploremostar.ba\/#\/schema\/person\/image\/","url":"https:\/\/secure.gravatar.com\/avatar\/069d3f51f3e6bcef26bc4581da3ae12333ce97dcefaf5b817593df50933bfefb?s=96&d=https%3A%2F%2Fui-avatars.com%2Fapi%2FDino%20JekicDino%2F96%2F546de5%2Ffff%2F1%2F0.4%2F%2F1%2F1&r=g","contentUrl":"https:\/\/secure.gravatar.com\/avatar\/069d3f51f3e6bcef26bc4581da3ae12333ce97dcefaf5b817593df50933bfefb?s=96&d=https%3A%2F%2Fui-avatars.com%2Fapi%2FDino%20JekicDino%2F96%2F546de5%2Ffff%2F1%2F0.4%2F%2F1%2F1&r=g","caption":"Dino Jekic"},"url":"https:\/\/exploremostar.ba\/en\/author\/dino\/"}]}},"rttpg_featured_image_url":{"full":["https:\/\/exploremostar.ba\/wp-content\/uploads\/2025\/10\/Werk1.jpg",738,550,false],"landscape":["https:\/\/exploremostar.ba\/wp-content\/uploads\/2025\/10\/Werk1.jpg",738,550,false],"portraits":["https:\/\/exploremostar.ba\/wp-content\/uploads\/2025\/10\/Werk1.jpg",738,550,false],"thumbnail":["https:\/\/exploremostar.ba\/wp-content\/uploads\/2025\/10\/Werk1-150x150.jpg",150,150,true],"medium":["https:\/\/exploremostar.ba\/wp-content\/uploads\/2025\/10\/Werk1-300x224.jpg",300,224,true],"large":["https:\/\/exploremostar.ba\/wp-content\/uploads\/2025\/10\/Werk1.jpg",738,550,false],"1536x1536":["https:\/\/exploremostar.ba\/wp-content\/uploads\/2025\/10\/Werk1.jpg",738,550,false],"2048x2048":["https:\/\/exploremostar.ba\/wp-content\/uploads\/2025\/10\/Werk1.jpg",738,550,false],"trp-custom-language-flag":["https:\/\/exploremostar.ba\/wp-content\/uploads\/2025\/10\/Werk1-16x12.jpg",16,12,true],"woocommerce_thumbnail":["https:\/\/exploremostar.ba\/wp-content\/uploads\/2025\/10\/Werk1-300x300.jpg",300,300,true],"woocommerce_single":["https:\/\/exploremostar.ba\/wp-content\/uploads\/2025\/10\/Werk1-600x447.jpg",600,447,true],"woocommerce_gallery_thumbnail":["https:\/\/exploremostar.ba\/wp-content\/uploads\/2025\/10\/Werk1-100x100.jpg",100,100,true],"rt_custom":["https:\/\/exploremostar.ba\/wp-content\/uploads\/2025\/10\/Werk1.jpg",738,550,false]},"rttpg_author":{"display_name":"Dino Jekic","author_link":"https:\/\/exploremostar.ba\/en\/author\/dino\/"},"rttpg_comment":0,"rttpg_category":"<a href=\"https:\/\/exploremostar.ba\/en\/post-category\/pozitivne-price\/\" rel=\"category tag\">Pozitivne pri\u010de<\/a>","rttpg_excerpt":"U utorak, 6. 10. 2025. godine, organiziran je stru\u010dni posjet tvr\u0111avi &#8220;Werk 9&#8221;, pod vodstvom direktorice Turisti\u010dke zajednice Grada Mostara, Elvire \u0106emalovi\u0107, s ciljem razmatranja mogu\u0107nosti revitalizacije i budu\u0107e namjene ovog iznimnog fortifikacijskog objekta iz austrougarskog razdoblja. U posjeti su, uz direktoricu \u0106emalovi\u0107, sudjelovali i Tim Clancy, me\u0111unarodni stru\u010dnjak za odr\u017eivi razvoj, te Manuel Martinovi\u0107,&hellip;","acf":[],"_links":{"self":[{"href":"https:\/\/exploremostar.ba\/en\/wp-json\/wp\/v2\/posts\/5360","targetHints":{"allow":["GET"]}}],"collection":[{"href":"https:\/\/exploremostar.ba\/en\/wp-json\/wp\/v2\/posts"}],"about":[{"href":"https:\/\/exploremostar.ba\/en\/wp-json\/wp\/v2\/types\/post"}],"author":[{"embeddable":true,"href":"https:\/\/exploremostar.ba\/en\/wp-json\/wp\/v2\/users\/11"}],"replies":[{"embeddable":true,"href":"https:\/\/exploremostar.ba\/en\/wp-json\/wp\/v2\/comments?post=5360"}],"version-history":[{"count":1,"href":"https:\/\/exploremostar.ba\/en\/wp-json\/wp\/v2\/posts\/5360\/revisions"}],"predecessor-version":[{"id":5366,"href":"https:\/\/exploremostar.ba\/en\/wp-json\/wp\/v2\/posts\/5360\/revisions\/5366"}],"wp:featuredmedia":[{"embeddable":true,"href":"https:\/\/exploremostar.ba\/en\/wp-json\/wp\/v2\/media\/5361"}],"wp:attachment":[{"href":"https:\/\/exploremostar.ba\/en\/wp-json\/wp\/v2\/media?parent=5360"}],"wp:term":[{"taxonomy":"category","embeddable":true,"href":"https:\/\/exploremostar.ba\/en\/wp-json\/wp\/v2\/categories?post=5360"},{"taxonomy":"post_tag","embeddable":true,"href":"https:\/\/exploremostar.ba\/en\/wp-json\/wp\/v2\/tags?post=5360"}],"curies":[{"name":"wp","href":"https:\/\/api.w.org\/{rel}","templated":true}]}}