{"id":5307,"date":"2025-09-27T09:13:08","date_gmt":"2025-09-27T08:13:08","guid":{"rendered":"https:\/\/exploremostar.ba\/?p=5307"},"modified":"2025-09-27T11:10:30","modified_gmt":"2025-09-27T10:10:30","slug":"svjetski-dan-turizma-uz-poruku-turizam-i-odrziva-transformacija","status":"publish","type":"post","link":"https:\/\/exploremostar.ba\/en\/svjetski-dan-turizma-uz-poruku-turizam-i-odrziva-transformacija\/","title":{"rendered":"World Tourism Day with the message - &quot;Tourism and sustainable transformation&quot;"},"content":{"rendered":"<p style=\"font-weight: 400;\">The Tourist Board of the city of Mostar joins the global celebration of the World Tourism Day on September 27, whose theme this year is &quot;Tourism and sustainable transformation&quot;. The theme highlights the growing movement towards more thoughtful and responsible travel, and reminds that tourism is not only an economic branch, but also a powerful driver of social progress.<\/p>\n<p>&quot;World Tourism Day 2025 highlights the transformative potential of tourism as a driver of positive change. Realizing this potential, however, requires more than growth alone. It requires good governance, strategic planning, strong oversight and clear prioritization that is aligned with long-term sustainability goals.&quot;<\/p>\n<p style=\"font-weight: 400;\">Tourism is more than an economic sector \u2013 it is a catalyst for social progress, providing education, employment and creating new opportunities for all. In order to fully realize these benefits, a thoughtful and inclusive approach is necessary that places sustainability, resilience and social equality at the center of tourism development and decision-making,&#039;&#039; said the World Tourism Organization (UNWTO), which started celebrating this day in 1980.<\/p>\n<p style=\"font-weight: 400;\">The city of Mostar, with its unique cultural and historical heritage, is an example of a destination that is developing in the direction of sustainable and responsible tourism. The Tourist Board continues to encourage projects and initiatives that preserve natural resources, promote cultural diversity and allow all citizens to feel the benefits of tourism.<\/p>\n<p>On this day, representatives of the Tourist Board of the city of Mostar laid flowers on the grave of Milij Bijavica, the former owner of Fortuna Tours doo, one of the leading travel agencies in Bosnia and Herzegovina, who died in 2020. For years, Bijavica promoted Mostar in the world, but also the whole of Herzegovina, highlighted its natural beauty and managed to put this region on the tourist map of the world.<\/p>\n<p>.<img fetchpriority=\"high\" decoding=\"async\" class=\"alignnone size-medium wp-image-5311\" src=\"https:\/\/exploremostar.ba\/wp-content\/uploads\/2025\/09\/polaganje-cvijeca1-289x300.jpg\" alt=\"\" width=\"289\" height=\"300\" srcset=\"https:\/\/exploremostar.ba\/wp-content\/uploads\/2025\/09\/polaganje-cvijeca1-289x300.jpg 289w, https:\/\/exploremostar.ba\/wp-content\/uploads\/2025\/09\/polaganje-cvijeca1-986x1024.jpg 986w, https:\/\/exploremostar.ba\/wp-content\/uploads\/2025\/09\/polaganje-cvijeca1-768x797.jpg 768w, https:\/\/exploremostar.ba\/wp-content\/uploads\/2025\/09\/polaganje-cvijeca1-12x12.jpg 12w, https:\/\/exploremostar.ba\/wp-content\/uploads\/2025\/09\/polaganje-cvijeca1-600x623.jpg 600w, https:\/\/exploremostar.ba\/wp-content\/uploads\/2025\/09\/polaganje-cvijeca1.jpg 1200w\" sizes=\"(max-width: 289px) 100vw, 289px\" \/> <img decoding=\"async\" class=\"alignnone size-medium wp-image-5312\" src=\"https:\/\/exploremostar.ba\/wp-content\/uploads\/2025\/09\/polaganje-cvijeca2-300x263.jpg\" alt=\"\" width=\"300\" height=\"263\" srcset=\"https:\/\/exploremostar.ba\/wp-content\/uploads\/2025\/09\/polaganje-cvijeca2-300x263.jpg 300w, https:\/\/exploremostar.ba\/wp-content\/uploads\/2025\/09\/polaganje-cvijeca2-1024x897.jpg 1024w, https:\/\/exploremostar.ba\/wp-content\/uploads\/2025\/09\/polaganje-cvijeca2-768x673.jpg 768w, https:\/\/exploremostar.ba\/wp-content\/uploads\/2025\/09\/polaganje-cvijeca2-14x12.jpg 14w, https:\/\/exploremostar.ba\/wp-content\/uploads\/2025\/09\/polaganje-cvijeca2-600x525.jpg 600w, https:\/\/exploremostar.ba\/wp-content\/uploads\/2025\/09\/polaganje-cvijeca2.jpg 1536w\" sizes=\"(max-width: 300px) 100vw, 300px\" \/><\/p>\n<p style=\"font-weight: 400;\">Also, TZ GM, in cooperation with Mostar High School and UWC Mostar, and in order to mark the World Tourism Day, will organize a tourist tour so that the students can get to know the cultural and historical sights of Mostar. The director of TZ GM will meet the students in front of the Gymnasium building and give a short address, and then the students will have a two-hour tour of the City in the organization of TZ GM, accompanied by licensed tourist guides. The event is planned for Tuesday, September 30, 2025.<\/p>\n<p>We invite all visitors and citizens to build the future of tourism in Mostar together - tourism that respects people and the environment, and that contributes to a better quality of life in the community.<\/p>","protected":false},"excerpt":{"rendered":"<p>The Tourist Board of the city of Mostar joins the global celebration of the World Tourism Day on September 27, whose theme this year is &quot;Tourism and sustainable transformation&quot;. The topic emphasizes the growing movement towards more thoughtful and responsible travel, and reminds that tourism is not only an economic branch, but also a powerful driver of social progress. &quot;World Tourism Day 2025 highlights the transformative potential of tourism as a driver of positive [...]<\/p>","protected":false},"author":11,"featured_media":5308,"comment_status":"closed","ping_status":"open","sticky":false,"template":"","format":"standard","meta":{"footnotes":""},"categories":[100],"tags":[],"class_list":["post-5307","post","type-post","status-publish","format-standard","has-post-thumbnail","hentry","category-pozitivne-price"],"yoast_head":"<!-- This site is optimized with the Yoast SEO plugin v25.1 - https:\/\/yoast.com\/wordpress\/plugins\/seo\/ -->\n<title>Svjetski dan turizma uz poruku \u2013 &quot;Turizam i odr\u017eiva transformacija&quot; - exploremostar<\/title>\n<meta name=\"robots\" content=\"index, follow, max-snippet:-1, max-image-preview:large, max-video-preview:-1\" \/>\n<link rel=\"canonical\" href=\"https:\/\/exploremostar.ba\/en\/svjetski-dan-turizma-uz-poruku-turizam-i-odrziva-transformacija\/\" \/>\n<meta property=\"og:locale\" content=\"en_US\" \/>\n<meta property=\"og:type\" content=\"article\" \/>\n<meta property=\"og:title\" content=\"Svjetski dan turizma uz poruku \u2013 &quot;Turizam i odr\u017eiva transformacija&quot; - exploremostar\" \/>\n<meta property=\"og:description\" content=\"Turisti\u010dka zajednica grada Mostara pridru\u017euje se globalnom obilje\u017eavanju Svjetskog dana turizma 27. 9., \u010dija je ovogodi\u0161nja tema &#8220;Turizam i odr\u017eiva transformacija&#8221;. Tema nagla\u0161ava rastu\u0107i pokret prema promi\u0161ljenijim i odgovornijim putovanjima, te podsje\u0107a da turizam nije samo gospodarska grana, ve\u0107 i sna\u017ean pokreta\u010d dru\u0161tvenog napretka. \u2018\u2019Svjetski dan turizma 2025. isti\u010de transformativni potencijal turizma kao pokreta\u010da pozitivnih [&hellip;]\" \/>\n<meta property=\"og:url\" content=\"https:\/\/exploremostar.ba\/en\/svjetski-dan-turizma-uz-poruku-turizam-i-odrziva-transformacija\/\" \/>\n<meta property=\"og:site_name\" content=\"exploremostar\" \/>\n<meta property=\"article:published_time\" content=\"2025-09-27T08:13:08+00:00\" \/>\n<meta property=\"article:modified_time\" content=\"2025-09-27T10:10:30+00:00\" \/>\n<meta property=\"og:image\" content=\"https:\/\/exploremostar.ba\/wp-content\/uploads\/2025\/09\/Emira-Tipura-Emina.jpg\" \/>\n\t<meta property=\"og:image:width\" content=\"1200\" \/>\n\t<meta property=\"og:image:height\" content=\"800\" \/>\n\t<meta property=\"og:image:type\" content=\"image\/jpeg\" \/>\n<meta name=\"author\" content=\"Dino Jekic\" \/>\n<meta name=\"twitter:card\" content=\"summary_large_image\" \/>\n<meta name=\"twitter:label1\" content=\"Written by\" \/>\n\t<meta name=\"twitter:data1\" content=\"Dino Jekic\" \/>\n\t<meta name=\"twitter:label2\" content=\"Est. reading time\" \/>\n\t<meta name=\"twitter:data2\" content=\"3 minutes\" \/>\n<script type=\"application\/ld+json\" class=\"yoast-schema-graph\">{\"@context\":\"https:\/\/schema.org\",\"@graph\":[{\"@type\":\"WebPage\",\"@id\":\"https:\/\/exploremostar.ba\/svjetski-dan-turizma-uz-poruku-turizam-i-odrziva-transformacija\/\",\"url\":\"https:\/\/exploremostar.ba\/svjetski-dan-turizma-uz-poruku-turizam-i-odrziva-transformacija\/\",\"name\":\"Svjetski dan turizma uz poruku \u2013 \\\"Turizam i odr\u017eiva transformacija\\\" - exploremostar\",\"isPartOf\":{\"@id\":\"https:\/\/exploremostar.ba\/#website\"},\"primaryImageOfPage\":{\"@id\":\"https:\/\/exploremostar.ba\/svjetski-dan-turizma-uz-poruku-turizam-i-odrziva-transformacija\/#primaryimage\"},\"image\":{\"@id\":\"https:\/\/exploremostar.ba\/svjetski-dan-turizma-uz-poruku-turizam-i-odrziva-transformacija\/#primaryimage\"},\"thumbnailUrl\":\"https:\/\/exploremostar.ba\/wp-content\/uploads\/2025\/09\/Emira-Tipura-Emina.jpg\",\"datePublished\":\"2025-09-27T08:13:08+00:00\",\"dateModified\":\"2025-09-27T10:10:30+00:00\",\"author\":{\"@id\":\"https:\/\/exploremostar.ba\/#\/schema\/person\/ba658e145ceeda3815df65d8fb9915c7\"},\"breadcrumb\":{\"@id\":\"https:\/\/exploremostar.ba\/svjetski-dan-turizma-uz-poruku-turizam-i-odrziva-transformacija\/#breadcrumb\"},\"inLanguage\":\"en-US\",\"potentialAction\":[{\"@type\":\"ReadAction\",\"target\":[\"https:\/\/exploremostar.ba\/svjetski-dan-turizma-uz-poruku-turizam-i-odrziva-transformacija\/\"]}]},{\"@type\":\"ImageObject\",\"inLanguage\":\"en-US\",\"@id\":\"https:\/\/exploremostar.ba\/svjetski-dan-turizma-uz-poruku-turizam-i-odrziva-transformacija\/#primaryimage\",\"url\":\"https:\/\/exploremostar.ba\/wp-content\/uploads\/2025\/09\/Emira-Tipura-Emina.jpg\",\"contentUrl\":\"https:\/\/exploremostar.ba\/wp-content\/uploads\/2025\/09\/Emira-Tipura-Emina.jpg\",\"width\":1200,\"height\":800},{\"@type\":\"BreadcrumbList\",\"@id\":\"https:\/\/exploremostar.ba\/svjetski-dan-turizma-uz-poruku-turizam-i-odrziva-transformacija\/#breadcrumb\",\"itemListElement\":[{\"@type\":\"ListItem\",\"position\":1,\"name\":\"Home\",\"item\":\"https:\/\/exploremostar.ba\/\"},{\"@type\":\"ListItem\",\"position\":2,\"name\":\"Svjetski dan turizma uz poruku \u2013 &#8220;Turizam i odr\u017eiva transformacija&#8221;\"}]},{\"@type\":\"WebSite\",\"@id\":\"https:\/\/exploremostar.ba\/#website\",\"url\":\"https:\/\/exploremostar.ba\/\",\"name\":\"exploremostar\",\"description\":\"Where bridges tell stories\",\"potentialAction\":[{\"@type\":\"SearchAction\",\"target\":{\"@type\":\"EntryPoint\",\"urlTemplate\":\"https:\/\/exploremostar.ba\/?s={search_term_string}\"},\"query-input\":{\"@type\":\"PropertyValueSpecification\",\"valueRequired\":true,\"valueName\":\"search_term_string\"}}],\"inLanguage\":\"en-US\"},{\"@type\":\"Person\",\"@id\":\"https:\/\/exploremostar.ba\/#\/schema\/person\/ba658e145ceeda3815df65d8fb9915c7\",\"name\":\"Dino Jekic\",\"image\":{\"@type\":\"ImageObject\",\"inLanguage\":\"en-US\",\"@id\":\"https:\/\/exploremostar.ba\/#\/schema\/person\/image\/\",\"url\":\"https:\/\/secure.gravatar.com\/avatar\/069d3f51f3e6bcef26bc4581da3ae12333ce97dcefaf5b817593df50933bfefb?s=96&d=https%3A%2F%2Fui-avatars.com%2Fapi%2FDino%20JekicDino%2F96%2F546de5%2Ffff%2F1%2F0.4%2F%2F1%2F1&r=g\",\"contentUrl\":\"https:\/\/secure.gravatar.com\/avatar\/069d3f51f3e6bcef26bc4581da3ae12333ce97dcefaf5b817593df50933bfefb?s=96&d=https%3A%2F%2Fui-avatars.com%2Fapi%2FDino%20JekicDino%2F96%2F546de5%2Ffff%2F1%2F0.4%2F%2F1%2F1&r=g\",\"caption\":\"Dino Jekic\"},\"url\":\"https:\/\/exploremostar.ba\/en\/author\/dino\/\"}]}<\/script>\n<!-- \/ Yoast SEO plugin. -->","yoast_head_json":{"title":"Svjetski dan turizma uz poruku \u2013 \"Turizam i odr\u017eiva transformacija\" - exploremostar","robots":{"index":"index","follow":"follow","max-snippet":"max-snippet:-1","max-image-preview":"max-image-preview:large","max-video-preview":"max-video-preview:-1"},"canonical":"https:\/\/exploremostar.ba\/en\/svjetski-dan-turizma-uz-poruku-turizam-i-odrziva-transformacija\/","og_locale":"en_US","og_type":"article","og_title":"Svjetski dan turizma uz poruku \u2013 \"Turizam i odr\u017eiva transformacija\" - exploremostar","og_description":"Turisti\u010dka zajednica grada Mostara pridru\u017euje se globalnom obilje\u017eavanju Svjetskog dana turizma 27. 9., \u010dija je ovogodi\u0161nja tema &#8220;Turizam i odr\u017eiva transformacija&#8221;. Tema nagla\u0161ava rastu\u0107i pokret prema promi\u0161ljenijim i odgovornijim putovanjima, te podsje\u0107a da turizam nije samo gospodarska grana, ve\u0107 i sna\u017ean pokreta\u010d dru\u0161tvenog napretka. \u2018\u2019Svjetski dan turizma 2025. isti\u010de transformativni potencijal turizma kao pokreta\u010da pozitivnih [&hellip;]","og_url":"https:\/\/exploremostar.ba\/en\/svjetski-dan-turizma-uz-poruku-turizam-i-odrziva-transformacija\/","og_site_name":"exploremostar","article_published_time":"2025-09-27T08:13:08+00:00","article_modified_time":"2025-09-27T10:10:30+00:00","og_image":[{"width":1200,"height":800,"url":"https:\/\/exploremostar.ba\/wp-content\/uploads\/2025\/09\/Emira-Tipura-Emina.jpg","type":"image\/jpeg"}],"author":"Dino Jekic","twitter_card":"summary_large_image","twitter_misc":{"Written by":"Dino Jekic","Est. reading time":"3 minutes"},"schema":{"@context":"https:\/\/schema.org","@graph":[{"@type":"WebPage","@id":"https:\/\/exploremostar.ba\/svjetski-dan-turizma-uz-poruku-turizam-i-odrziva-transformacija\/","url":"https:\/\/exploremostar.ba\/svjetski-dan-turizma-uz-poruku-turizam-i-odrziva-transformacija\/","name":"Svjetski dan turizma uz poruku \u2013 \"Turizam i odr\u017eiva transformacija\" - exploremostar","isPartOf":{"@id":"https:\/\/exploremostar.ba\/#website"},"primaryImageOfPage":{"@id":"https:\/\/exploremostar.ba\/svjetski-dan-turizma-uz-poruku-turizam-i-odrziva-transformacija\/#primaryimage"},"image":{"@id":"https:\/\/exploremostar.ba\/svjetski-dan-turizma-uz-poruku-turizam-i-odrziva-transformacija\/#primaryimage"},"thumbnailUrl":"https:\/\/exploremostar.ba\/wp-content\/uploads\/2025\/09\/Emira-Tipura-Emina.jpg","datePublished":"2025-09-27T08:13:08+00:00","dateModified":"2025-09-27T10:10:30+00:00","author":{"@id":"https:\/\/exploremostar.ba\/#\/schema\/person\/ba658e145ceeda3815df65d8fb9915c7"},"breadcrumb":{"@id":"https:\/\/exploremostar.ba\/svjetski-dan-turizma-uz-poruku-turizam-i-odrziva-transformacija\/#breadcrumb"},"inLanguage":"en-US","potentialAction":[{"@type":"ReadAction","target":["https:\/\/exploremostar.ba\/svjetski-dan-turizma-uz-poruku-turizam-i-odrziva-transformacija\/"]}]},{"@type":"ImageObject","inLanguage":"en-US","@id":"https:\/\/exploremostar.ba\/svjetski-dan-turizma-uz-poruku-turizam-i-odrziva-transformacija\/#primaryimage","url":"https:\/\/exploremostar.ba\/wp-content\/uploads\/2025\/09\/Emira-Tipura-Emina.jpg","contentUrl":"https:\/\/exploremostar.ba\/wp-content\/uploads\/2025\/09\/Emira-Tipura-Emina.jpg","width":1200,"height":800},{"@type":"BreadcrumbList","@id":"https:\/\/exploremostar.ba\/svjetski-dan-turizma-uz-poruku-turizam-i-odrziva-transformacija\/#breadcrumb","itemListElement":[{"@type":"ListItem","position":1,"name":"Home","item":"https:\/\/exploremostar.ba\/"},{"@type":"ListItem","position":2,"name":"Svjetski dan turizma uz poruku \u2013 &#8220;Turizam i odr\u017eiva transformacija&#8221;"}]},{"@type":"WebSite","@id":"https:\/\/exploremostar.ba\/#website","url":"https:\/\/exploremostar.ba\/","name":"exploremostar","description":"Where bridges tell stories","potentialAction":[{"@type":"SearchAction","target":{"@type":"EntryPoint","urlTemplate":"https:\/\/exploremostar.ba\/?s={search_term_string}"},"query-input":{"@type":"PropertyValueSpecification","valueRequired":true,"valueName":"search_term_string"}}],"inLanguage":"en-US"},{"@type":"Person","@id":"https:\/\/exploremostar.ba\/#\/schema\/person\/ba658e145ceeda3815df65d8fb9915c7","name":"Dino Jekic","image":{"@type":"ImageObject","inLanguage":"en-US","@id":"https:\/\/exploremostar.ba\/#\/schema\/person\/image\/","url":"https:\/\/secure.gravatar.com\/avatar\/069d3f51f3e6bcef26bc4581da3ae12333ce97dcefaf5b817593df50933bfefb?s=96&d=https%3A%2F%2Fui-avatars.com%2Fapi%2FDino%20JekicDino%2F96%2F546de5%2Ffff%2F1%2F0.4%2F%2F1%2F1&r=g","contentUrl":"https:\/\/secure.gravatar.com\/avatar\/069d3f51f3e6bcef26bc4581da3ae12333ce97dcefaf5b817593df50933bfefb?s=96&d=https%3A%2F%2Fui-avatars.com%2Fapi%2FDino%20JekicDino%2F96%2F546de5%2Ffff%2F1%2F0.4%2F%2F1%2F1&r=g","caption":"Dino Jekic"},"url":"https:\/\/exploremostar.ba\/en\/author\/dino\/"}]}},"rttpg_featured_image_url":{"full":["https:\/\/exploremostar.ba\/wp-content\/uploads\/2025\/09\/Emira-Tipura-Emina.jpg",1200,800,false],"landscape":["https:\/\/exploremostar.ba\/wp-content\/uploads\/2025\/09\/Emira-Tipura-Emina.jpg",1200,800,false],"portraits":["https:\/\/exploremostar.ba\/wp-content\/uploads\/2025\/09\/Emira-Tipura-Emina.jpg",1200,800,false],"thumbnail":["https:\/\/exploremostar.ba\/wp-content\/uploads\/2025\/09\/Emira-Tipura-Emina-150x150.jpg",150,150,true],"medium":["https:\/\/exploremostar.ba\/wp-content\/uploads\/2025\/09\/Emira-Tipura-Emina-300x200.jpg",300,200,true],"large":["https:\/\/exploremostar.ba\/wp-content\/uploads\/2025\/09\/Emira-Tipura-Emina-1024x683.jpg",1024,683,true],"1536x1536":["https:\/\/exploremostar.ba\/wp-content\/uploads\/2025\/09\/Emira-Tipura-Emina.jpg",1200,800,false],"2048x2048":["https:\/\/exploremostar.ba\/wp-content\/uploads\/2025\/09\/Emira-Tipura-Emina.jpg",1200,800,false],"trp-custom-language-flag":["https:\/\/exploremostar.ba\/wp-content\/uploads\/2025\/09\/Emira-Tipura-Emina-18x12.jpg",18,12,true],"woocommerce_thumbnail":["https:\/\/exploremostar.ba\/wp-content\/uploads\/2025\/09\/Emira-Tipura-Emina-300x300.jpg",300,300,true],"woocommerce_single":["https:\/\/exploremostar.ba\/wp-content\/uploads\/2025\/09\/Emira-Tipura-Emina-600x400.jpg",600,400,true],"woocommerce_gallery_thumbnail":["https:\/\/exploremostar.ba\/wp-content\/uploads\/2025\/09\/Emira-Tipura-Emina-100x100.jpg",100,100,true],"rt_custom":["https:\/\/exploremostar.ba\/wp-content\/uploads\/2025\/09\/Emira-Tipura-Emina.jpg",1200,800,false]},"rttpg_author":{"display_name":"Dino Jekic","author_link":"https:\/\/exploremostar.ba\/en\/author\/dino\/"},"rttpg_comment":0,"rttpg_category":"<a href=\"https:\/\/exploremostar.ba\/en\/post-category\/pozitivne-price\/\" rel=\"category tag\">Pozitivne pri\u010de<\/a>","rttpg_excerpt":"Turisti\u010dka zajednica grada Mostara pridru\u017euje se globalnom obilje\u017eavanju Svjetskog dana turizma 27. 9., \u010dija je ovogodi\u0161nja tema &#8220;Turizam i odr\u017eiva transformacija&#8221;. Tema nagla\u0161ava rastu\u0107i pokret prema promi\u0161ljenijim i odgovornijim putovanjima, te podsje\u0107a da turizam nije samo gospodarska grana, ve\u0107 i sna\u017ean pokreta\u010d dru\u0161tvenog napretka. \u2018\u2019Svjetski dan turizma 2025. isti\u010de transformativni potencijal turizma kao pokreta\u010da pozitivnih&hellip;","acf":[],"_links":{"self":[{"href":"https:\/\/exploremostar.ba\/en\/wp-json\/wp\/v2\/posts\/5307","targetHints":{"allow":["GET"]}}],"collection":[{"href":"https:\/\/exploremostar.ba\/en\/wp-json\/wp\/v2\/posts"}],"about":[{"href":"https:\/\/exploremostar.ba\/en\/wp-json\/wp\/v2\/types\/post"}],"author":[{"embeddable":true,"href":"https:\/\/exploremostar.ba\/en\/wp-json\/wp\/v2\/users\/11"}],"replies":[{"embeddable":true,"href":"https:\/\/exploremostar.ba\/en\/wp-json\/wp\/v2\/comments?post=5307"}],"version-history":[{"count":2,"href":"https:\/\/exploremostar.ba\/en\/wp-json\/wp\/v2\/posts\/5307\/revisions"}],"predecessor-version":[{"id":5313,"href":"https:\/\/exploremostar.ba\/en\/wp-json\/wp\/v2\/posts\/5307\/revisions\/5313"}],"wp:featuredmedia":[{"embeddable":true,"href":"https:\/\/exploremostar.ba\/en\/wp-json\/wp\/v2\/media\/5308"}],"wp:attachment":[{"href":"https:\/\/exploremostar.ba\/en\/wp-json\/wp\/v2\/media?parent=5307"}],"wp:term":[{"taxonomy":"category","embeddable":true,"href":"https:\/\/exploremostar.ba\/en\/wp-json\/wp\/v2\/categories?post=5307"},{"taxonomy":"post_tag","embeddable":true,"href":"https:\/\/exploremostar.ba\/en\/wp-json\/wp\/v2\/tags?post=5307"}],"curies":[{"name":"wp","href":"https:\/\/api.w.org\/{rel}","templated":true}]}}