{"id":5298,"date":"2025-09-17T08:27:24","date_gmt":"2025-09-17T07:27:24","guid":{"rendered":"https:\/\/exploremostar.ba\/?p=5298"},"modified":"2025-09-17T09:00:49","modified_gmt":"2025-09-17T08:00:49","slug":"turisticka-zajednica-grada-mostara-poziva-na-proslavu-jesenskog-ekvinocija-na-rujistu","status":"publish","type":"post","link":"https:\/\/exploremostar.ba\/en\/turisticka-zajednica-grada-mostara-poziva-na-proslavu-jesenskog-ekvinocija-na-rujistu\/","title":{"rendered":"The Tourist Board of the City of Mostar invites you to celebrate the Autumnal Equinox in Ruji\u0161te"},"content":{"rendered":"<p style=\"font-weight: 400;\">The Tourist Board of the City of Mostar organizes the event <strong>Autumn equinox in Ruji\u0161te<\/strong>, which will be held on Saturday, September 20, 2025. The goal of this event is to bring citizens and visitors closer to the natural beauty of the Ruji\u0161te mountain through educational, entertainment and cultural events, and to create a space for socializing and being active in nature.<\/p>\n<p style=\"font-weight: 400;\">The bus is scheduled to depart at 9:00 a.m. from Rondo, and at 9:15 a.m. from Musala.<\/p>\n<p style=\"font-weight: 400;\">The program will begin at 10 a.m. with an educational tour through Slavena Park, led by professor Edita Vu\u010di\u0107, and will continue with workshops and lectures for all generations. For the youngest participants, zip lines and games are provided in cooperation with the Stari Grad Scout Group and the Mountain Rescue Service - Mostar Station. In addition, those gathered can enjoy lunch and socializing with a musical program by DJ Andrej Jeli\u0107.<\/p>\n<p style=\"font-weight: 400;\">The return from Ruji\u0161te is scheduled at 15:00.<\/p>\n<p style=\"font-weight: 400;\">Event\u00a0<strong>Autumn equinox in Ruji\u0161te<\/strong>\u00a0was designed to combine education, recreation and entertainment, while simultaneously promoting Ruji\u0161te as a valuable natural destination in the immediate vicinity of Mostar.<\/p>\n<p style=\"font-weight: 400;\">With this event, the Tourist Board of the City of Mostar wants to encourage citizens to live an active life, stay in nature and preserve natural resources, and enrich the city&#039;s cultural and tourist offer.<\/p>\n<p>&nbsp;<\/p>","protected":false},"excerpt":{"rendered":"<p>The Tourist Board of the City of Mostar is organizing the Autumn Equinox event on Ruji\u0161te, which will take place on Saturday, September 20, 2025. The goal of this event is to bring citizens and visitors closer to the natural beauty of the Ruji\u0161te mountain through educational, entertainment and cultural events, and to create a space for socializing and being active in nature. Departure by bus is scheduled at 9 [\u2026]<\/p>","protected":false},"author":11,"featured_media":5302,"comment_status":"closed","ping_status":"open","sticky":false,"template":"","format":"standard","meta":{"footnotes":""},"categories":[100],"tags":[],"class_list":["post-5298","post","type-post","status-publish","format-standard","has-post-thumbnail","hentry","category-pozitivne-price"],"yoast_head":"<!-- This site is optimized with the Yoast SEO plugin v25.1 - https:\/\/yoast.com\/wordpress\/plugins\/seo\/ -->\n<title>Turisti\u010dka zajednica Grada Mostara poziva na proslavu Jesenskog ekvinocija na Ruji\u0161tu - exploremostar<\/title>\n<meta name=\"robots\" content=\"index, follow, max-snippet:-1, max-image-preview:large, max-video-preview:-1\" \/>\n<link rel=\"canonical\" href=\"https:\/\/exploremostar.ba\/en\/turisticka-zajednica-grada-mostara-poziva-na-proslavu-jesenskog-ekvinocija-na-rujistu\/\" \/>\n<meta property=\"og:locale\" content=\"en_US\" \/>\n<meta property=\"og:type\" content=\"article\" \/>\n<meta property=\"og:title\" content=\"Turisti\u010dka zajednica Grada Mostara poziva na proslavu Jesenskog ekvinocija na Ruji\u0161tu - exploremostar\" \/>\n<meta property=\"og:description\" content=\"Turisti\u010dka zajednica Grada Mostara organizira manifestaciju Jesenski ekvinocij na Ruji\u0161tu, koja \u0107e se odr\u017eati u subotu, 20. 9. 2025. godine. Cilj ovog doga\u0111aja je pribli\u017eiti gra\u0111anima i posjetiteljima prirodne ljepote planine Ruji\u0161te kroz edukativne, zabavne i kulturne sadr\u017eaje te stvoriti prostor za zajedni\u010dko dru\u017eenje i aktivan boravak u prirodi. Polazak autobusom predvi\u0111en je u 9 [&hellip;]\" \/>\n<meta property=\"og:url\" content=\"https:\/\/exploremostar.ba\/en\/turisticka-zajednica-grada-mostara-poziva-na-proslavu-jesenskog-ekvinocija-na-rujistu\/\" \/>\n<meta property=\"og:site_name\" content=\"exploremostar\" \/>\n<meta property=\"article:published_time\" content=\"2025-09-17T07:27:24+00:00\" \/>\n<meta property=\"article:modified_time\" content=\"2025-09-17T08:00:49+00:00\" \/>\n<meta property=\"og:image\" content=\"https:\/\/exploremostar.ba\/wp-content\/uploads\/2025\/09\/Park-Slavena-Rujiste.jpg\" \/>\n\t<meta property=\"og:image:width\" content=\"1079\" \/>\n\t<meta property=\"og:image:height\" content=\"1037\" \/>\n\t<meta property=\"og:image:type\" content=\"image\/jpeg\" \/>\n<meta name=\"author\" content=\"Dino Jekic\" \/>\n<meta name=\"twitter:card\" content=\"summary_large_image\" \/>\n<meta name=\"twitter:label1\" content=\"Written by\" \/>\n\t<meta name=\"twitter:data1\" content=\"Dino Jekic\" \/>\n\t<meta name=\"twitter:label2\" content=\"Est. reading time\" \/>\n\t<meta name=\"twitter:data2\" content=\"2 minutes\" \/>\n<script type=\"application\/ld+json\" class=\"yoast-schema-graph\">{\"@context\":\"https:\/\/schema.org\",\"@graph\":[{\"@type\":\"WebPage\",\"@id\":\"https:\/\/exploremostar.ba\/turisticka-zajednica-grada-mostara-poziva-na-proslavu-jesenskog-ekvinocija-na-rujistu\/\",\"url\":\"https:\/\/exploremostar.ba\/turisticka-zajednica-grada-mostara-poziva-na-proslavu-jesenskog-ekvinocija-na-rujistu\/\",\"name\":\"Turisti\u010dka zajednica Grada Mostara poziva na proslavu Jesenskog ekvinocija na Ruji\u0161tu - exploremostar\",\"isPartOf\":{\"@id\":\"https:\/\/exploremostar.ba\/#website\"},\"primaryImageOfPage\":{\"@id\":\"https:\/\/exploremostar.ba\/turisticka-zajednica-grada-mostara-poziva-na-proslavu-jesenskog-ekvinocija-na-rujistu\/#primaryimage\"},\"image\":{\"@id\":\"https:\/\/exploremostar.ba\/turisticka-zajednica-grada-mostara-poziva-na-proslavu-jesenskog-ekvinocija-na-rujistu\/#primaryimage\"},\"thumbnailUrl\":\"https:\/\/exploremostar.ba\/wp-content\/uploads\/2025\/09\/Park-Slavena-Rujiste.jpg\",\"datePublished\":\"2025-09-17T07:27:24+00:00\",\"dateModified\":\"2025-09-17T08:00:49+00:00\",\"author\":{\"@id\":\"https:\/\/exploremostar.ba\/#\/schema\/person\/ba658e145ceeda3815df65d8fb9915c7\"},\"breadcrumb\":{\"@id\":\"https:\/\/exploremostar.ba\/turisticka-zajednica-grada-mostara-poziva-na-proslavu-jesenskog-ekvinocija-na-rujistu\/#breadcrumb\"},\"inLanguage\":\"en-US\",\"potentialAction\":[{\"@type\":\"ReadAction\",\"target\":[\"https:\/\/exploremostar.ba\/turisticka-zajednica-grada-mostara-poziva-na-proslavu-jesenskog-ekvinocija-na-rujistu\/\"]}]},{\"@type\":\"ImageObject\",\"inLanguage\":\"en-US\",\"@id\":\"https:\/\/exploremostar.ba\/turisticka-zajednica-grada-mostara-poziva-na-proslavu-jesenskog-ekvinocija-na-rujistu\/#primaryimage\",\"url\":\"https:\/\/exploremostar.ba\/wp-content\/uploads\/2025\/09\/Park-Slavena-Rujiste.jpg\",\"contentUrl\":\"https:\/\/exploremostar.ba\/wp-content\/uploads\/2025\/09\/Park-Slavena-Rujiste.jpg\",\"width\":1079,\"height\":1037},{\"@type\":\"BreadcrumbList\",\"@id\":\"https:\/\/exploremostar.ba\/turisticka-zajednica-grada-mostara-poziva-na-proslavu-jesenskog-ekvinocija-na-rujistu\/#breadcrumb\",\"itemListElement\":[{\"@type\":\"ListItem\",\"position\":1,\"name\":\"Home\",\"item\":\"https:\/\/exploremostar.ba\/\"},{\"@type\":\"ListItem\",\"position\":2,\"name\":\"Turisti\u010dka zajednica Grada Mostara poziva na proslavu Jesenskog ekvinocija na Ruji\u0161tu\"}]},{\"@type\":\"WebSite\",\"@id\":\"https:\/\/exploremostar.ba\/#website\",\"url\":\"https:\/\/exploremostar.ba\/\",\"name\":\"exploremostar\",\"description\":\"Where bridges tell stories\",\"potentialAction\":[{\"@type\":\"SearchAction\",\"target\":{\"@type\":\"EntryPoint\",\"urlTemplate\":\"https:\/\/exploremostar.ba\/?s={search_term_string}\"},\"query-input\":{\"@type\":\"PropertyValueSpecification\",\"valueRequired\":true,\"valueName\":\"search_term_string\"}}],\"inLanguage\":\"en-US\"},{\"@type\":\"Person\",\"@id\":\"https:\/\/exploremostar.ba\/#\/schema\/person\/ba658e145ceeda3815df65d8fb9915c7\",\"name\":\"Dino Jekic\",\"image\":{\"@type\":\"ImageObject\",\"inLanguage\":\"en-US\",\"@id\":\"https:\/\/exploremostar.ba\/#\/schema\/person\/image\/\",\"url\":\"https:\/\/secure.gravatar.com\/avatar\/069d3f51f3e6bcef26bc4581da3ae12333ce97dcefaf5b817593df50933bfefb?s=96&d=https%3A%2F%2Fui-avatars.com%2Fapi%2FDino%20JekicDino%2F96%2F546de5%2Ffff%2F1%2F0.4%2F%2F1%2F1&r=g\",\"contentUrl\":\"https:\/\/secure.gravatar.com\/avatar\/069d3f51f3e6bcef26bc4581da3ae12333ce97dcefaf5b817593df50933bfefb?s=96&d=https%3A%2F%2Fui-avatars.com%2Fapi%2FDino%20JekicDino%2F96%2F546de5%2Ffff%2F1%2F0.4%2F%2F1%2F1&r=g\",\"caption\":\"Dino Jekic\"},\"url\":\"https:\/\/exploremostar.ba\/en\/author\/dino\/\"}]}<\/script>\n<!-- \/ Yoast SEO plugin. -->","yoast_head_json":{"title":"Turisti\u010dka zajednica Grada Mostara poziva na proslavu Jesenskog ekvinocija na Ruji\u0161tu - exploremostar","robots":{"index":"index","follow":"follow","max-snippet":"max-snippet:-1","max-image-preview":"max-image-preview:large","max-video-preview":"max-video-preview:-1"},"canonical":"https:\/\/exploremostar.ba\/en\/turisticka-zajednica-grada-mostara-poziva-na-proslavu-jesenskog-ekvinocija-na-rujistu\/","og_locale":"en_US","og_type":"article","og_title":"Turisti\u010dka zajednica Grada Mostara poziva na proslavu Jesenskog ekvinocija na Ruji\u0161tu - exploremostar","og_description":"Turisti\u010dka zajednica Grada Mostara organizira manifestaciju Jesenski ekvinocij na Ruji\u0161tu, koja \u0107e se odr\u017eati u subotu, 20. 9. 2025. godine. Cilj ovog doga\u0111aja je pribli\u017eiti gra\u0111anima i posjetiteljima prirodne ljepote planine Ruji\u0161te kroz edukativne, zabavne i kulturne sadr\u017eaje te stvoriti prostor za zajedni\u010dko dru\u017eenje i aktivan boravak u prirodi. Polazak autobusom predvi\u0111en je u 9 [&hellip;]","og_url":"https:\/\/exploremostar.ba\/en\/turisticka-zajednica-grada-mostara-poziva-na-proslavu-jesenskog-ekvinocija-na-rujistu\/","og_site_name":"exploremostar","article_published_time":"2025-09-17T07:27:24+00:00","article_modified_time":"2025-09-17T08:00:49+00:00","og_image":[{"width":1079,"height":1037,"url":"https:\/\/exploremostar.ba\/wp-content\/uploads\/2025\/09\/Park-Slavena-Rujiste.jpg","type":"image\/jpeg"}],"author":"Dino Jekic","twitter_card":"summary_large_image","twitter_misc":{"Written by":"Dino Jekic","Est. reading time":"2 minutes"},"schema":{"@context":"https:\/\/schema.org","@graph":[{"@type":"WebPage","@id":"https:\/\/exploremostar.ba\/turisticka-zajednica-grada-mostara-poziva-na-proslavu-jesenskog-ekvinocija-na-rujistu\/","url":"https:\/\/exploremostar.ba\/turisticka-zajednica-grada-mostara-poziva-na-proslavu-jesenskog-ekvinocija-na-rujistu\/","name":"Turisti\u010dka zajednica Grada Mostara poziva na proslavu Jesenskog ekvinocija na Ruji\u0161tu - exploremostar","isPartOf":{"@id":"https:\/\/exploremostar.ba\/#website"},"primaryImageOfPage":{"@id":"https:\/\/exploremostar.ba\/turisticka-zajednica-grada-mostara-poziva-na-proslavu-jesenskog-ekvinocija-na-rujistu\/#primaryimage"},"image":{"@id":"https:\/\/exploremostar.ba\/turisticka-zajednica-grada-mostara-poziva-na-proslavu-jesenskog-ekvinocija-na-rujistu\/#primaryimage"},"thumbnailUrl":"https:\/\/exploremostar.ba\/wp-content\/uploads\/2025\/09\/Park-Slavena-Rujiste.jpg","datePublished":"2025-09-17T07:27:24+00:00","dateModified":"2025-09-17T08:00:49+00:00","author":{"@id":"https:\/\/exploremostar.ba\/#\/schema\/person\/ba658e145ceeda3815df65d8fb9915c7"},"breadcrumb":{"@id":"https:\/\/exploremostar.ba\/turisticka-zajednica-grada-mostara-poziva-na-proslavu-jesenskog-ekvinocija-na-rujistu\/#breadcrumb"},"inLanguage":"en-US","potentialAction":[{"@type":"ReadAction","target":["https:\/\/exploremostar.ba\/turisticka-zajednica-grada-mostara-poziva-na-proslavu-jesenskog-ekvinocija-na-rujistu\/"]}]},{"@type":"ImageObject","inLanguage":"en-US","@id":"https:\/\/exploremostar.ba\/turisticka-zajednica-grada-mostara-poziva-na-proslavu-jesenskog-ekvinocija-na-rujistu\/#primaryimage","url":"https:\/\/exploremostar.ba\/wp-content\/uploads\/2025\/09\/Park-Slavena-Rujiste.jpg","contentUrl":"https:\/\/exploremostar.ba\/wp-content\/uploads\/2025\/09\/Park-Slavena-Rujiste.jpg","width":1079,"height":1037},{"@type":"BreadcrumbList","@id":"https:\/\/exploremostar.ba\/turisticka-zajednica-grada-mostara-poziva-na-proslavu-jesenskog-ekvinocija-na-rujistu\/#breadcrumb","itemListElement":[{"@type":"ListItem","position":1,"name":"Home","item":"https:\/\/exploremostar.ba\/"},{"@type":"ListItem","position":2,"name":"Turisti\u010dka zajednica Grada Mostara poziva na proslavu Jesenskog ekvinocija na Ruji\u0161tu"}]},{"@type":"WebSite","@id":"https:\/\/exploremostar.ba\/#website","url":"https:\/\/exploremostar.ba\/","name":"exploremostar","description":"Where bridges tell stories","potentialAction":[{"@type":"SearchAction","target":{"@type":"EntryPoint","urlTemplate":"https:\/\/exploremostar.ba\/?s={search_term_string}"},"query-input":{"@type":"PropertyValueSpecification","valueRequired":true,"valueName":"search_term_string"}}],"inLanguage":"en-US"},{"@type":"Person","@id":"https:\/\/exploremostar.ba\/#\/schema\/person\/ba658e145ceeda3815df65d8fb9915c7","name":"Dino Jekic","image":{"@type":"ImageObject","inLanguage":"en-US","@id":"https:\/\/exploremostar.ba\/#\/schema\/person\/image\/","url":"https:\/\/secure.gravatar.com\/avatar\/069d3f51f3e6bcef26bc4581da3ae12333ce97dcefaf5b817593df50933bfefb?s=96&d=https%3A%2F%2Fui-avatars.com%2Fapi%2FDino%20JekicDino%2F96%2F546de5%2Ffff%2F1%2F0.4%2F%2F1%2F1&r=g","contentUrl":"https:\/\/secure.gravatar.com\/avatar\/069d3f51f3e6bcef26bc4581da3ae12333ce97dcefaf5b817593df50933bfefb?s=96&d=https%3A%2F%2Fui-avatars.com%2Fapi%2FDino%20JekicDino%2F96%2F546de5%2Ffff%2F1%2F0.4%2F%2F1%2F1&r=g","caption":"Dino Jekic"},"url":"https:\/\/exploremostar.ba\/en\/author\/dino\/"}]}},"rttpg_featured_image_url":{"full":["https:\/\/exploremostar.ba\/wp-content\/uploads\/2025\/09\/Park-Slavena-Rujiste.jpg",1079,1037,false],"landscape":["https:\/\/exploremostar.ba\/wp-content\/uploads\/2025\/09\/Park-Slavena-Rujiste.jpg",1079,1037,false],"portraits":["https:\/\/exploremostar.ba\/wp-content\/uploads\/2025\/09\/Park-Slavena-Rujiste.jpg",1079,1037,false],"thumbnail":["https:\/\/exploremostar.ba\/wp-content\/uploads\/2025\/09\/Park-Slavena-Rujiste-150x150.jpg",150,150,true],"medium":["https:\/\/exploremostar.ba\/wp-content\/uploads\/2025\/09\/Park-Slavena-Rujiste-300x288.jpg",300,288,true],"large":["https:\/\/exploremostar.ba\/wp-content\/uploads\/2025\/09\/Park-Slavena-Rujiste-1024x984.jpg",1024,984,true],"1536x1536":["https:\/\/exploremostar.ba\/wp-content\/uploads\/2025\/09\/Park-Slavena-Rujiste.jpg",1079,1037,false],"2048x2048":["https:\/\/exploremostar.ba\/wp-content\/uploads\/2025\/09\/Park-Slavena-Rujiste.jpg",1079,1037,false],"trp-custom-language-flag":["https:\/\/exploremostar.ba\/wp-content\/uploads\/2025\/09\/Park-Slavena-Rujiste-12x12.jpg",12,12,true],"woocommerce_thumbnail":["https:\/\/exploremostar.ba\/wp-content\/uploads\/2025\/09\/Park-Slavena-Rujiste-300x300.jpg",300,300,true],"woocommerce_single":["https:\/\/exploremostar.ba\/wp-content\/uploads\/2025\/09\/Park-Slavena-Rujiste-600x577.jpg",600,577,true],"woocommerce_gallery_thumbnail":["https:\/\/exploremostar.ba\/wp-content\/uploads\/2025\/09\/Park-Slavena-Rujiste-100x100.jpg",100,100,true],"rt_custom":["https:\/\/exploremostar.ba\/wp-content\/uploads\/2025\/09\/Park-Slavena-Rujiste.jpg",1079,1037,false]},"rttpg_author":{"display_name":"Dino Jekic","author_link":"https:\/\/exploremostar.ba\/en\/author\/dino\/"},"rttpg_comment":0,"rttpg_category":"<a href=\"https:\/\/exploremostar.ba\/en\/post-category\/pozitivne-price\/\" rel=\"category tag\">Pozitivne pri\u010de<\/a>","rttpg_excerpt":"Turisti\u010dka zajednica Grada Mostara organizira manifestaciju Jesenski ekvinocij na Ruji\u0161tu, koja \u0107e se odr\u017eati u subotu, 20. 9. 2025. godine. Cilj ovog doga\u0111aja je pribli\u017eiti gra\u0111anima i posjetiteljima prirodne ljepote planine Ruji\u0161te kroz edukativne, zabavne i kulturne sadr\u017eaje te stvoriti prostor za zajedni\u010dko dru\u017eenje i aktivan boravak u prirodi. Polazak autobusom predvi\u0111en je u 9&hellip;","acf":[],"_links":{"self":[{"href":"https:\/\/exploremostar.ba\/en\/wp-json\/wp\/v2\/posts\/5298","targetHints":{"allow":["GET"]}}],"collection":[{"href":"https:\/\/exploremostar.ba\/en\/wp-json\/wp\/v2\/posts"}],"about":[{"href":"https:\/\/exploremostar.ba\/en\/wp-json\/wp\/v2\/types\/post"}],"author":[{"embeddable":true,"href":"https:\/\/exploremostar.ba\/en\/wp-json\/wp\/v2\/users\/11"}],"replies":[{"embeddable":true,"href":"https:\/\/exploremostar.ba\/en\/wp-json\/wp\/v2\/comments?post=5298"}],"version-history":[{"count":2,"href":"https:\/\/exploremostar.ba\/en\/wp-json\/wp\/v2\/posts\/5298\/revisions"}],"predecessor-version":[{"id":5303,"href":"https:\/\/exploremostar.ba\/en\/wp-json\/wp\/v2\/posts\/5298\/revisions\/5303"}],"wp:featuredmedia":[{"embeddable":true,"href":"https:\/\/exploremostar.ba\/en\/wp-json\/wp\/v2\/media\/5302"}],"wp:attachment":[{"href":"https:\/\/exploremostar.ba\/en\/wp-json\/wp\/v2\/media?parent=5298"}],"wp:term":[{"taxonomy":"category","embeddable":true,"href":"https:\/\/exploremostar.ba\/en\/wp-json\/wp\/v2\/categories?post=5298"},{"taxonomy":"post_tag","embeddable":true,"href":"https:\/\/exploremostar.ba\/en\/wp-json\/wp\/v2\/tags?post=5298"}],"curies":[{"name":"wp","href":"https:\/\/api.w.org\/{rel}","templated":true}]}}