{"id":5273,"date":"2025-08-05T09:37:27","date_gmt":"2025-08-05T08:37:27","guid":{"rendered":"https:\/\/exploremostar.ba\/?p=5273"},"modified":"2025-08-05T09:41:33","modified_gmt":"2025-08-05T08:41:33","slug":"okoncan-natjecaj-turisticka-zajednica-grada-mostara-izabrala-najbolje-razglednice","status":"publish","type":"post","link":"https:\/\/exploremostar.ba\/en\/okoncan-natjecaj-turisticka-zajednica-grada-mostara-izabrala-najbolje-razglednice\/","title":{"rendered":"The competition has ended: the Tourist Board of the City of Mostar has chosen the best postcards"},"content":{"rendered":"<p style=\"font-weight: 400;\">The Tourist Board of the City of Mostar, in cooperation with the Mostar Photo Club, has ended the competition for the best postcard of the city of Mostar. The invitation to participate was sent to all lovers of photography and creative people, and the topic included the most beautiful moments and landscapes of our city, from the Old Bridge, the Old Town and natural beauties, to the everyday life and cultural heritage of Mostar.<\/p>\n<p>An expert committee consisting of Alica Jakirovi\u0107, artist, Marin Margeta in front of the Mostar Photo Club and Katarina Marijanovi\u0107 in front of the Tourist Board of the City of Mostar, evaluated the submitted works and selected the three best photos that will be printed as postcards.<\/p>\n<p style=\"font-weight: 400;\"><img fetchpriority=\"high\" decoding=\"async\" class=\"alignnone size-medium wp-image-5276\" src=\"https:\/\/exploremostar.ba\/wp-content\/uploads\/2025\/08\/Sead-Sasivarevic-gOLDenBridge-300x200.jpg\" alt=\"\" width=\"300\" height=\"200\" srcset=\"https:\/\/exploremostar.ba\/wp-content\/uploads\/2025\/08\/Sead-Sasivarevic-gOLDenBridge-300x200.jpg 300w, https:\/\/exploremostar.ba\/wp-content\/uploads\/2025\/08\/Sead-Sasivarevic-gOLDenBridge-1024x683.jpg 1024w, https:\/\/exploremostar.ba\/wp-content\/uploads\/2025\/08\/Sead-Sasivarevic-gOLDenBridge-768x512.jpg 768w, https:\/\/exploremostar.ba\/wp-content\/uploads\/2025\/08\/Sead-Sasivarevic-gOLDenBridge-1536x1025.jpg 1536w, https:\/\/exploremostar.ba\/wp-content\/uploads\/2025\/08\/Sead-Sasivarevic-gOLDenBridge-2048x1366.jpg 2048w, https:\/\/exploremostar.ba\/wp-content\/uploads\/2025\/08\/Sead-Sasivarevic-gOLDenBridge-18x12.jpg 18w, https:\/\/exploremostar.ba\/wp-content\/uploads\/2025\/08\/Sead-Sasivarevic-gOLDenBridge-600x400.jpg 600w\" sizes=\"(max-width: 300px) 100vw, 300px\" \/><br \/>\nFirst place was won by a photographer <strong>Sead Sasivarevic<\/strong> for the photo <strong>&#039;&#039;<\/strong><strong>Golden Bridge<\/strong>, an impressive landscape composition depicting the Old Bridge in Mostar, which brings a perfect combination of architectural magnificence and natural silence.<\/p>\n<p style=\"font-weight: 400;\">&quot;The artist skilfully captures the moment of twilight when the sky has sunk into warm, muted tones and descends over the calm surface of the river. The reflection of the bridge on the water further emphasizes the harmony between man&#039;s creation and the natural environment. The illuminated Old Bridge, a symbol of connection and permanence, rises gracefully over the river, while the soft light of the evening envelops the entire scene in an almost meditative atmosphere. There is a subtle emotional depth \u2014 the work does not leave the viewer indifferent, but invites him to contemplation and inner peace. As a visual homage to the history and beauty of Mostar, this work of art exudes elegance and serenity, making it not only aesthetically attractive, but also emotionally powerful,&#039;&#039; the expert commission stated in its decision.<\/p>\n<p style=\"font-weight: 400;\"><img decoding=\"async\" class=\"alignnone size-medium wp-image-5274\" src=\"https:\/\/exploremostar.ba\/wp-content\/uploads\/2025\/08\/Ivan-Kelava-Mostarska-jutra-300x199.jpg\" alt=\"\" width=\"300\" height=\"199\" srcset=\"https:\/\/exploremostar.ba\/wp-content\/uploads\/2025\/08\/Ivan-Kelava-Mostarska-jutra-300x199.jpg 300w, https:\/\/exploremostar.ba\/wp-content\/uploads\/2025\/08\/Ivan-Kelava-Mostarska-jutra-1024x681.jpg 1024w, https:\/\/exploremostar.ba\/wp-content\/uploads\/2025\/08\/Ivan-Kelava-Mostarska-jutra-768x511.jpg 768w, https:\/\/exploremostar.ba\/wp-content\/uploads\/2025\/08\/Ivan-Kelava-Mostarska-jutra-1536x1021.jpg 1536w, https:\/\/exploremostar.ba\/wp-content\/uploads\/2025\/08\/Ivan-Kelava-Mostarska-jutra-2048x1362.jpg 2048w, https:\/\/exploremostar.ba\/wp-content\/uploads\/2025\/08\/Ivan-Kelava-Mostarska-jutra-18x12.jpg 18w, https:\/\/exploremostar.ba\/wp-content\/uploads\/2025\/08\/Ivan-Kelava-Mostarska-jutra-600x399.jpg 600w\" sizes=\"(max-width: 300px) 100vw, 300px\" \/><br \/>\nSecond place went to <strong>Ivan Kelava<\/strong> for the photo of the name <strong>&#039;&#039;Mostar Mornings&#039;&#039;<\/strong>, a composition that represents an exceptional achievement in which form, light and atmosphere are combined into an almost meditative whole. The central motif \u2013 the Old Bridge in Mostar \u2013 is shown with particular attention to proportions, the rhythm of lines and the relationship between architecture and nature.<\/p>\n<p style=\"font-weight: 400;\">&quot;The bridge rises above the river as a silent vertical of stability, a counterpoint to the fluidity of the water and the gentle mist that envelops the entire scene. The artist masterfully uses a soft palette of morning tones to create a sense of calm and introspective silence. Light contrasts are restrained, but precisely balanced. The atmosphere of a photograph suggests more than a mere representation of a place: it evokes a sense of place and time, presence and memory. The work does not seek drama, but silence. Its strength lies in the subtlety of expression and the ability to communicate universal emotions through the landscape form \u2013 melancholy, peace, nostalgia,&#039;&#039; the explanation states.<\/p>\n<p style=\"font-weight: 400;\"><img decoding=\"async\" class=\"alignnone size-medium wp-image-5275\" src=\"https:\/\/exploremostar.ba\/wp-content\/uploads\/2025\/08\/Emira-Tipura-Emina-300x200.jpg\" alt=\"\" width=\"300\" height=\"200\" srcset=\"https:\/\/exploremostar.ba\/wp-content\/uploads\/2025\/08\/Emira-Tipura-Emina-300x200.jpg 300w, https:\/\/exploremostar.ba\/wp-content\/uploads\/2025\/08\/Emira-Tipura-Emina-1024x683.jpg 1024w, https:\/\/exploremostar.ba\/wp-content\/uploads\/2025\/08\/Emira-Tipura-Emina-768x512.jpg 768w, https:\/\/exploremostar.ba\/wp-content\/uploads\/2025\/08\/Emira-Tipura-Emina-1536x1024.jpg 1536w, https:\/\/exploremostar.ba\/wp-content\/uploads\/2025\/08\/Emira-Tipura-Emina-2048x1365.jpg 2048w, https:\/\/exploremostar.ba\/wp-content\/uploads\/2025\/08\/Emira-Tipura-Emina-18x12.jpg 18w, https:\/\/exploremostar.ba\/wp-content\/uploads\/2025\/08\/Emira-Tipura-Emina-600x400.jpg 600w\" sizes=\"(max-width: 300px) 100vw, 300px\" \/><br \/>\nAccording to the opinion of the expert committee, she won the third prize <strong>Emir Tipur<\/strong>, the author who in the photo &#039;<strong>&#039;Emina&#039;&#039;<\/strong>, carefully shapes not only the frame but also the spirit of the time, space and poetry.<\/p>\n<p style=\"font-weight: 400;\">&quot;In the foreground, we find a girl - contemporary Emina - standing in the semi-shadow under the monumental arch of the Old Bridge. This shot is not just a documentary representation of the tourist scene, but a visual interpretation of one of the most famous songs of Bosnian literature. This photograph manages to combine literature, history, tradition and contemporary aesthetics in a frame that not only deserves a place on a postcard - but also in the memory of every observer,&#039;&#039; the decision stated.<\/p>\n<p style=\"font-weight: 400;\">The authors pointed out that this recognition is a great honor for them, considering that this is a document of the time in which they leave a small mark.<\/p>\n<p style=\"font-weight: 400;\">&quot;For me, this is very important. It is a great honor for me that one of my photos will be a postcard of the City of Mostar. This is the result of my immense love for this city, as well as the effort I put into making my photos&quot;, stated the first prize winner Sead \u0160a\u0161ivarevi\u0107<strong>.<\/strong><\/p>\n<p style=\"font-weight: 400;\">Ivan Kelava pointed out that he was surprised by the recognition considering who all of his fellow photographers participated in this competition, and that for him the most difficult part was choosing the motif.<\/p>\n<p style=\"font-weight: 400;\">&quot;I decided on the most recognizable motif of the city of Mostra, the Old Bridge, and I like to say that it is always a photographic problem for me when I come because there is no one who hasn&#039;t photographed the Old Bridge. When we start from a photographic point of view, it&#039;s very difficult to create something original, impressive, and that&#039;s a challenge for me,&#039;&#039; he said.<\/p>\n<p>Emira Tipura pointed out that she is proud that her photo was recognized in this competition.<\/p>\n<p style=\"font-weight: 400;\">&quot;This success is a great motivation for me to continue capturing the moments and scenes that tell the story of our city,&quot; added Tipura.<\/p>\n<p style=\"font-weight: 400;\">The winners of the competition will be awarded monetary amounts for first place 1,000.00 KM, second place 600.00 KM and third place 400.00 KM.<\/p>\n<p style=\"font-weight: 400;\">The Tourist Board of the City of Mostar will also print postcards with the best photos, which will become new souvenirs and attractions for visitors to Mostar. This contest is just one of a series of initiatives by the Tourist Board of the City of Mostar to promote the beauty of the city and encourage creativity among photography enthusiasts.<\/p>\n<p style=\"font-weight: 400;\"><img loading=\"lazy\" decoding=\"async\" class=\"alignnone size-medium wp-image-5277\" src=\"https:\/\/exploremostar.ba\/wp-content\/uploads\/2025\/08\/MarinMargeta-KatarinaMarijanovic-AlicaJakirevic-300x290.jpg\" alt=\"\" width=\"300\" height=\"290\" srcset=\"https:\/\/exploremostar.ba\/wp-content\/uploads\/2025\/08\/MarinMargeta-KatarinaMarijanovic-AlicaJakirevic-300x290.jpg 300w, https:\/\/exploremostar.ba\/wp-content\/uploads\/2025\/08\/MarinMargeta-KatarinaMarijanovic-AlicaJakirevic-1024x991.jpg 1024w, https:\/\/exploremostar.ba\/wp-content\/uploads\/2025\/08\/MarinMargeta-KatarinaMarijanovic-AlicaJakirevic-768x743.jpg 768w, https:\/\/exploremostar.ba\/wp-content\/uploads\/2025\/08\/MarinMargeta-KatarinaMarijanovic-AlicaJakirevic-1536x1486.jpg 1536w, https:\/\/exploremostar.ba\/wp-content\/uploads\/2025\/08\/MarinMargeta-KatarinaMarijanovic-AlicaJakirevic-2048x1981.jpg 2048w, https:\/\/exploremostar.ba\/wp-content\/uploads\/2025\/08\/MarinMargeta-KatarinaMarijanovic-AlicaJakirevic-12x12.jpg 12w, https:\/\/exploremostar.ba\/wp-content\/uploads\/2025\/08\/MarinMargeta-KatarinaMarijanovic-AlicaJakirevic-600x580.jpg 600w\" sizes=\"(max-width: 300px) 100vw, 300px\" \/><img loading=\"lazy\" decoding=\"async\" class=\"alignnone size-medium wp-image-5278\" src=\"https:\/\/exploremostar.ba\/wp-content\/uploads\/2025\/08\/Nagradeni-autori-clanovi-povjerenstva-Elvira-Cemalovic-300x220.jpg\" alt=\"\" width=\"300\" height=\"220\" srcset=\"https:\/\/exploremostar.ba\/wp-content\/uploads\/2025\/08\/Nagradeni-autori-clanovi-povjerenstva-Elvira-Cemalovic-300x220.jpg 300w, https:\/\/exploremostar.ba\/wp-content\/uploads\/2025\/08\/Nagradeni-autori-clanovi-povjerenstva-Elvira-Cemalovic-1024x750.jpg 1024w, https:\/\/exploremostar.ba\/wp-content\/uploads\/2025\/08\/Nagradeni-autori-clanovi-povjerenstva-Elvira-Cemalovic-768x563.jpg 768w, https:\/\/exploremostar.ba\/wp-content\/uploads\/2025\/08\/Nagradeni-autori-clanovi-povjerenstva-Elvira-Cemalovic-1536x1125.jpg 1536w, https:\/\/exploremostar.ba\/wp-content\/uploads\/2025\/08\/Nagradeni-autori-clanovi-povjerenstva-Elvira-Cemalovic-2048x1501.jpg 2048w, https:\/\/exploremostar.ba\/wp-content\/uploads\/2025\/08\/Nagradeni-autori-clanovi-povjerenstva-Elvira-Cemalovic-16x12.jpg 16w, https:\/\/exploremostar.ba\/wp-content\/uploads\/2025\/08\/Nagradeni-autori-clanovi-povjerenstva-Elvira-Cemalovic-600x440.jpg 600w\" sizes=\"(max-width: 300px) 100vw, 300px\" \/><\/p>\n<p>&nbsp;<\/p>\n<p style=\"font-weight: 400;\">","protected":false},"excerpt":{"rendered":"<p>The Tourist Board of the City of Mostar, in cooperation with the Mostar Photo Club, ended the competition for the best postcard of the city of Mostar. The invitation to participate was sent to all lovers of photography and creative people, and the topic included the most beautiful moments and landscapes of our city, from the Old Bridge, the Old Town and natural beauties, to the everyday life and cultural heritage of Mostar. Expert [\u2026]<\/p>","protected":false},"author":11,"featured_media":5279,"comment_status":"closed","ping_status":"open","sticky":false,"template":"","format":"standard","meta":{"footnotes":""},"categories":[100],"tags":[],"class_list":["post-5273","post","type-post","status-publish","format-standard","has-post-thumbnail","hentry","category-pozitivne-price"],"yoast_head":"<!-- This site is optimized with the Yoast SEO plugin v25.1 - https:\/\/yoast.com\/wordpress\/plugins\/seo\/ -->\n<title>Okon\u010dan natje\u010daj: Turisti\u010dka zajednica Grada Mostara izabrala najbolje razglednice - exploremostar<\/title>\n<meta name=\"robots\" content=\"index, follow, max-snippet:-1, max-image-preview:large, max-video-preview:-1\" \/>\n<link rel=\"canonical\" href=\"https:\/\/exploremostar.ba\/en\/okoncan-natjecaj-turisticka-zajednica-grada-mostara-izabrala-najbolje-razglednice\/\" \/>\n<meta property=\"og:locale\" content=\"en_US\" \/>\n<meta property=\"og:type\" content=\"article\" \/>\n<meta property=\"og:title\" content=\"Okon\u010dan natje\u010daj: Turisti\u010dka zajednica Grada Mostara izabrala najbolje razglednice - exploremostar\" \/>\n<meta property=\"og:description\" content=\"Turisti\u010dka zajednica Grada Mostara, u suradnji s Foto klubom Mostar, okon\u010dala je natje\u010daj za najbolju razglednicu grada Mostara. Poziv za sudjelovanje bio je upu\u0107en svim ljubiteljima fotografije i kreativcima, a tema je obuhvatila najljep\u0161e trenutke i pejza\u017ee na\u0161eg grada, od Starog mosta, Starog grada i prirodnih ljepota, do svakodnevnog \u017eivota i kulturne ba\u0161tine Mostara. Stru\u010dno [&hellip;]\" \/>\n<meta property=\"og:url\" content=\"https:\/\/exploremostar.ba\/en\/okoncan-natjecaj-turisticka-zajednica-grada-mostara-izabrala-najbolje-razglednice\/\" \/>\n<meta property=\"og:site_name\" content=\"exploremostar\" \/>\n<meta property=\"article:published_time\" content=\"2025-08-05T08:37:27+00:00\" \/>\n<meta property=\"article:modified_time\" content=\"2025-08-05T08:41:33+00:00\" \/>\n<meta property=\"og:image\" content=\"https:\/\/exploremostar.ba\/wp-content\/uploads\/2025\/08\/SeadSasivarevic-EmiraTipura-IvanKelava.jpg\" \/>\n\t<meta property=\"og:image:width\" content=\"2560\" \/>\n\t<meta property=\"og:image:height\" content=\"1706\" \/>\n\t<meta property=\"og:image:type\" content=\"image\/jpeg\" \/>\n<meta name=\"author\" content=\"Dino Jekic\" \/>\n<meta name=\"twitter:card\" content=\"summary_large_image\" \/>\n<meta name=\"twitter:label1\" content=\"Written by\" \/>\n\t<meta name=\"twitter:data1\" content=\"Dino Jekic\" \/>\n\t<meta name=\"twitter:label2\" content=\"Est. reading time\" \/>\n\t<meta name=\"twitter:data2\" content=\"5 minutes\" \/>\n<script type=\"application\/ld+json\" class=\"yoast-schema-graph\">{\"@context\":\"https:\/\/schema.org\",\"@graph\":[{\"@type\":\"WebPage\",\"@id\":\"https:\/\/exploremostar.ba\/okoncan-natjecaj-turisticka-zajednica-grada-mostara-izabrala-najbolje-razglednice\/\",\"url\":\"https:\/\/exploremostar.ba\/okoncan-natjecaj-turisticka-zajednica-grada-mostara-izabrala-najbolje-razglednice\/\",\"name\":\"Okon\u010dan natje\u010daj: Turisti\u010dka zajednica Grada Mostara izabrala najbolje razglednice - exploremostar\",\"isPartOf\":{\"@id\":\"https:\/\/exploremostar.ba\/#website\"},\"primaryImageOfPage\":{\"@id\":\"https:\/\/exploremostar.ba\/okoncan-natjecaj-turisticka-zajednica-grada-mostara-izabrala-najbolje-razglednice\/#primaryimage\"},\"image\":{\"@id\":\"https:\/\/exploremostar.ba\/okoncan-natjecaj-turisticka-zajednica-grada-mostara-izabrala-najbolje-razglednice\/#primaryimage\"},\"thumbnailUrl\":\"https:\/\/exploremostar.ba\/wp-content\/uploads\/2025\/08\/SeadSasivarevic-EmiraTipura-IvanKelava.jpg\",\"datePublished\":\"2025-08-05T08:37:27+00:00\",\"dateModified\":\"2025-08-05T08:41:33+00:00\",\"author\":{\"@id\":\"https:\/\/exploremostar.ba\/#\/schema\/person\/ba658e145ceeda3815df65d8fb9915c7\"},\"breadcrumb\":{\"@id\":\"https:\/\/exploremostar.ba\/okoncan-natjecaj-turisticka-zajednica-grada-mostara-izabrala-najbolje-razglednice\/#breadcrumb\"},\"inLanguage\":\"en-US\",\"potentialAction\":[{\"@type\":\"ReadAction\",\"target\":[\"https:\/\/exploremostar.ba\/okoncan-natjecaj-turisticka-zajednica-grada-mostara-izabrala-najbolje-razglednice\/\"]}]},{\"@type\":\"ImageObject\",\"inLanguage\":\"en-US\",\"@id\":\"https:\/\/exploremostar.ba\/okoncan-natjecaj-turisticka-zajednica-grada-mostara-izabrala-najbolje-razglednice\/#primaryimage\",\"url\":\"https:\/\/exploremostar.ba\/wp-content\/uploads\/2025\/08\/SeadSasivarevic-EmiraTipura-IvanKelava.jpg\",\"contentUrl\":\"https:\/\/exploremostar.ba\/wp-content\/uploads\/2025\/08\/SeadSasivarevic-EmiraTipura-IvanKelava.jpg\",\"width\":2560,\"height\":1706},{\"@type\":\"BreadcrumbList\",\"@id\":\"https:\/\/exploremostar.ba\/okoncan-natjecaj-turisticka-zajednica-grada-mostara-izabrala-najbolje-razglednice\/#breadcrumb\",\"itemListElement\":[{\"@type\":\"ListItem\",\"position\":1,\"name\":\"Home\",\"item\":\"https:\/\/exploremostar.ba\/\"},{\"@type\":\"ListItem\",\"position\":2,\"name\":\"Okon\u010dan natje\u010daj: Turisti\u010dka zajednica Grada Mostara izabrala najbolje razglednice\"}]},{\"@type\":\"WebSite\",\"@id\":\"https:\/\/exploremostar.ba\/#website\",\"url\":\"https:\/\/exploremostar.ba\/\",\"name\":\"exploremostar\",\"description\":\"Where bridges tell stories\",\"potentialAction\":[{\"@type\":\"SearchAction\",\"target\":{\"@type\":\"EntryPoint\",\"urlTemplate\":\"https:\/\/exploremostar.ba\/?s={search_term_string}\"},\"query-input\":{\"@type\":\"PropertyValueSpecification\",\"valueRequired\":true,\"valueName\":\"search_term_string\"}}],\"inLanguage\":\"en-US\"},{\"@type\":\"Person\",\"@id\":\"https:\/\/exploremostar.ba\/#\/schema\/person\/ba658e145ceeda3815df65d8fb9915c7\",\"name\":\"Dino Jekic\",\"image\":{\"@type\":\"ImageObject\",\"inLanguage\":\"en-US\",\"@id\":\"https:\/\/exploremostar.ba\/#\/schema\/person\/image\/\",\"url\":\"https:\/\/secure.gravatar.com\/avatar\/069d3f51f3e6bcef26bc4581da3ae12333ce97dcefaf5b817593df50933bfefb?s=96&d=https%3A%2F%2Fui-avatars.com%2Fapi%2FDino%20JekicDino%2F96%2F546de5%2Ffff%2F1%2F0.4%2F%2F1%2F1&r=g\",\"contentUrl\":\"https:\/\/secure.gravatar.com\/avatar\/069d3f51f3e6bcef26bc4581da3ae12333ce97dcefaf5b817593df50933bfefb?s=96&d=https%3A%2F%2Fui-avatars.com%2Fapi%2FDino%20JekicDino%2F96%2F546de5%2Ffff%2F1%2F0.4%2F%2F1%2F1&r=g\",\"caption\":\"Dino Jekic\"},\"url\":\"https:\/\/exploremostar.ba\/en\/author\/dino\/\"}]}<\/script>\n<!-- \/ Yoast SEO plugin. -->","yoast_head_json":{"title":"Okon\u010dan natje\u010daj: Turisti\u010dka zajednica Grada Mostara izabrala najbolje razglednice - exploremostar","robots":{"index":"index","follow":"follow","max-snippet":"max-snippet:-1","max-image-preview":"max-image-preview:large","max-video-preview":"max-video-preview:-1"},"canonical":"https:\/\/exploremostar.ba\/en\/okoncan-natjecaj-turisticka-zajednica-grada-mostara-izabrala-najbolje-razglednice\/","og_locale":"en_US","og_type":"article","og_title":"Okon\u010dan natje\u010daj: Turisti\u010dka zajednica Grada Mostara izabrala najbolje razglednice - exploremostar","og_description":"Turisti\u010dka zajednica Grada Mostara, u suradnji s Foto klubom Mostar, okon\u010dala je natje\u010daj za najbolju razglednicu grada Mostara. Poziv za sudjelovanje bio je upu\u0107en svim ljubiteljima fotografije i kreativcima, a tema je obuhvatila najljep\u0161e trenutke i pejza\u017ee na\u0161eg grada, od Starog mosta, Starog grada i prirodnih ljepota, do svakodnevnog \u017eivota i kulturne ba\u0161tine Mostara. Stru\u010dno [&hellip;]","og_url":"https:\/\/exploremostar.ba\/en\/okoncan-natjecaj-turisticka-zajednica-grada-mostara-izabrala-najbolje-razglednice\/","og_site_name":"exploremostar","article_published_time":"2025-08-05T08:37:27+00:00","article_modified_time":"2025-08-05T08:41:33+00:00","og_image":[{"width":2560,"height":1706,"url":"https:\/\/exploremostar.ba\/wp-content\/uploads\/2025\/08\/SeadSasivarevic-EmiraTipura-IvanKelava.jpg","type":"image\/jpeg"}],"author":"Dino Jekic","twitter_card":"summary_large_image","twitter_misc":{"Written by":"Dino Jekic","Est. reading time":"5 minutes"},"schema":{"@context":"https:\/\/schema.org","@graph":[{"@type":"WebPage","@id":"https:\/\/exploremostar.ba\/okoncan-natjecaj-turisticka-zajednica-grada-mostara-izabrala-najbolje-razglednice\/","url":"https:\/\/exploremostar.ba\/okoncan-natjecaj-turisticka-zajednica-grada-mostara-izabrala-najbolje-razglednice\/","name":"Okon\u010dan natje\u010daj: Turisti\u010dka zajednica Grada Mostara izabrala najbolje razglednice - exploremostar","isPartOf":{"@id":"https:\/\/exploremostar.ba\/#website"},"primaryImageOfPage":{"@id":"https:\/\/exploremostar.ba\/okoncan-natjecaj-turisticka-zajednica-grada-mostara-izabrala-najbolje-razglednice\/#primaryimage"},"image":{"@id":"https:\/\/exploremostar.ba\/okoncan-natjecaj-turisticka-zajednica-grada-mostara-izabrala-najbolje-razglednice\/#primaryimage"},"thumbnailUrl":"https:\/\/exploremostar.ba\/wp-content\/uploads\/2025\/08\/SeadSasivarevic-EmiraTipura-IvanKelava.jpg","datePublished":"2025-08-05T08:37:27+00:00","dateModified":"2025-08-05T08:41:33+00:00","author":{"@id":"https:\/\/exploremostar.ba\/#\/schema\/person\/ba658e145ceeda3815df65d8fb9915c7"},"breadcrumb":{"@id":"https:\/\/exploremostar.ba\/okoncan-natjecaj-turisticka-zajednica-grada-mostara-izabrala-najbolje-razglednice\/#breadcrumb"},"inLanguage":"en-US","potentialAction":[{"@type":"ReadAction","target":["https:\/\/exploremostar.ba\/okoncan-natjecaj-turisticka-zajednica-grada-mostara-izabrala-najbolje-razglednice\/"]}]},{"@type":"ImageObject","inLanguage":"en-US","@id":"https:\/\/exploremostar.ba\/okoncan-natjecaj-turisticka-zajednica-grada-mostara-izabrala-najbolje-razglednice\/#primaryimage","url":"https:\/\/exploremostar.ba\/wp-content\/uploads\/2025\/08\/SeadSasivarevic-EmiraTipura-IvanKelava.jpg","contentUrl":"https:\/\/exploremostar.ba\/wp-content\/uploads\/2025\/08\/SeadSasivarevic-EmiraTipura-IvanKelava.jpg","width":2560,"height":1706},{"@type":"BreadcrumbList","@id":"https:\/\/exploremostar.ba\/okoncan-natjecaj-turisticka-zajednica-grada-mostara-izabrala-najbolje-razglednice\/#breadcrumb","itemListElement":[{"@type":"ListItem","position":1,"name":"Home","item":"https:\/\/exploremostar.ba\/"},{"@type":"ListItem","position":2,"name":"Okon\u010dan natje\u010daj: Turisti\u010dka zajednica Grada Mostara izabrala najbolje razglednice"}]},{"@type":"WebSite","@id":"https:\/\/exploremostar.ba\/#website","url":"https:\/\/exploremostar.ba\/","name":"exploremostar","description":"Where bridges tell stories","potentialAction":[{"@type":"SearchAction","target":{"@type":"EntryPoint","urlTemplate":"https:\/\/exploremostar.ba\/?s={search_term_string}"},"query-input":{"@type":"PropertyValueSpecification","valueRequired":true,"valueName":"search_term_string"}}],"inLanguage":"en-US"},{"@type":"Person","@id":"https:\/\/exploremostar.ba\/#\/schema\/person\/ba658e145ceeda3815df65d8fb9915c7","name":"Dino Jekic","image":{"@type":"ImageObject","inLanguage":"en-US","@id":"https:\/\/exploremostar.ba\/#\/schema\/person\/image\/","url":"https:\/\/secure.gravatar.com\/avatar\/069d3f51f3e6bcef26bc4581da3ae12333ce97dcefaf5b817593df50933bfefb?s=96&d=https%3A%2F%2Fui-avatars.com%2Fapi%2FDino%20JekicDino%2F96%2F546de5%2Ffff%2F1%2F0.4%2F%2F1%2F1&r=g","contentUrl":"https:\/\/secure.gravatar.com\/avatar\/069d3f51f3e6bcef26bc4581da3ae12333ce97dcefaf5b817593df50933bfefb?s=96&d=https%3A%2F%2Fui-avatars.com%2Fapi%2FDino%20JekicDino%2F96%2F546de5%2Ffff%2F1%2F0.4%2F%2F1%2F1&r=g","caption":"Dino Jekic"},"url":"https:\/\/exploremostar.ba\/en\/author\/dino\/"}]}},"rttpg_featured_image_url":{"full":["https:\/\/exploremostar.ba\/wp-content\/uploads\/2025\/08\/SeadSasivarevic-EmiraTipura-IvanKelava.jpg",2560,1706,false],"landscape":["https:\/\/exploremostar.ba\/wp-content\/uploads\/2025\/08\/SeadSasivarevic-EmiraTipura-IvanKelava.jpg",2560,1706,false],"portraits":["https:\/\/exploremostar.ba\/wp-content\/uploads\/2025\/08\/SeadSasivarevic-EmiraTipura-IvanKelava.jpg",2560,1706,false],"thumbnail":["https:\/\/exploremostar.ba\/wp-content\/uploads\/2025\/08\/SeadSasivarevic-EmiraTipura-IvanKelava-150x150.jpg",150,150,true],"medium":["https:\/\/exploremostar.ba\/wp-content\/uploads\/2025\/08\/SeadSasivarevic-EmiraTipura-IvanKelava-300x200.jpg",300,200,true],"large":["https:\/\/exploremostar.ba\/wp-content\/uploads\/2025\/08\/SeadSasivarevic-EmiraTipura-IvanKelava-1024x682.jpg",1024,682,true],"1536x1536":["https:\/\/exploremostar.ba\/wp-content\/uploads\/2025\/08\/SeadSasivarevic-EmiraTipura-IvanKelava-1536x1024.jpg",1536,1024,true],"2048x2048":["https:\/\/exploremostar.ba\/wp-content\/uploads\/2025\/08\/SeadSasivarevic-EmiraTipura-IvanKelava-2048x1365.jpg",2048,1365,true],"trp-custom-language-flag":["https:\/\/exploremostar.ba\/wp-content\/uploads\/2025\/08\/SeadSasivarevic-EmiraTipura-IvanKelava-18x12.jpg",18,12,true],"woocommerce_thumbnail":["https:\/\/exploremostar.ba\/wp-content\/uploads\/2025\/08\/SeadSasivarevic-EmiraTipura-IvanKelava-300x300.jpg",300,300,true],"woocommerce_single":["https:\/\/exploremostar.ba\/wp-content\/uploads\/2025\/08\/SeadSasivarevic-EmiraTipura-IvanKelava-600x400.jpg",600,400,true],"woocommerce_gallery_thumbnail":["https:\/\/exploremostar.ba\/wp-content\/uploads\/2025\/08\/SeadSasivarevic-EmiraTipura-IvanKelava-100x100.jpg",100,100,true],"rt_custom":["https:\/\/exploremostar.ba\/wp-content\/uploads\/2025\/08\/SeadSasivarevic-EmiraTipura-IvanKelava.jpg",2560,1706,false]},"rttpg_author":{"display_name":"Dino Jekic","author_link":"https:\/\/exploremostar.ba\/en\/author\/dino\/"},"rttpg_comment":0,"rttpg_category":"<a href=\"https:\/\/exploremostar.ba\/en\/post-category\/pozitivne-price\/\" rel=\"category tag\">Pozitivne pri\u010de<\/a>","rttpg_excerpt":"Turisti\u010dka zajednica Grada Mostara, u suradnji s Foto klubom Mostar, okon\u010dala je natje\u010daj za najbolju razglednicu grada Mostara. Poziv za sudjelovanje bio je upu\u0107en svim ljubiteljima fotografije i kreativcima, a tema je obuhvatila najljep\u0161e trenutke i pejza\u017ee na\u0161eg grada, od Starog mosta, Starog grada i prirodnih ljepota, do svakodnevnog \u017eivota i kulturne ba\u0161tine Mostara. Stru\u010dno&hellip;","acf":[],"_links":{"self":[{"href":"https:\/\/exploremostar.ba\/en\/wp-json\/wp\/v2\/posts\/5273","targetHints":{"allow":["GET"]}}],"collection":[{"href":"https:\/\/exploremostar.ba\/en\/wp-json\/wp\/v2\/posts"}],"about":[{"href":"https:\/\/exploremostar.ba\/en\/wp-json\/wp\/v2\/types\/post"}],"author":[{"embeddable":true,"href":"https:\/\/exploremostar.ba\/en\/wp-json\/wp\/v2\/users\/11"}],"replies":[{"embeddable":true,"href":"https:\/\/exploremostar.ba\/en\/wp-json\/wp\/v2\/comments?post=5273"}],"version-history":[{"count":3,"href":"https:\/\/exploremostar.ba\/en\/wp-json\/wp\/v2\/posts\/5273\/revisions"}],"predecessor-version":[{"id":5282,"href":"https:\/\/exploremostar.ba\/en\/wp-json\/wp\/v2\/posts\/5273\/revisions\/5282"}],"wp:featuredmedia":[{"embeddable":true,"href":"https:\/\/exploremostar.ba\/en\/wp-json\/wp\/v2\/media\/5279"}],"wp:attachment":[{"href":"https:\/\/exploremostar.ba\/en\/wp-json\/wp\/v2\/media?parent=5273"}],"wp:term":[{"taxonomy":"category","embeddable":true,"href":"https:\/\/exploremostar.ba\/en\/wp-json\/wp\/v2\/categories?post=5273"},{"taxonomy":"post_tag","embeddable":true,"href":"https:\/\/exploremostar.ba\/en\/wp-json\/wp\/v2\/tags?post=5273"}],"curies":[{"name":"wp","href":"https:\/\/api.w.org\/{rel}","templated":true}]}}