{"id":5168,"date":"2025-08-03T09:00:00","date_gmt":"2025-08-03T08:00:00","guid":{"rendered":"https:\/\/exploremostar.ba\/?p=5168"},"modified":"2025-08-03T09:00:00","modified_gmt":"2025-08-03T08:00:00","slug":"zavrseno-ljeto-s-turistickom-zajednicom-grada-mostara","status":"publish","type":"post","link":"https:\/\/exploremostar.ba\/en\/zavrseno-ljeto-s-turistickom-zajednicom-grada-mostara\/","title":{"rendered":"&quot;Summer with the Tourist Board of the City of Mostar&quot; has ended"},"content":{"rendered":"<p style=\"font-weight: 400;\">The final evening of the event &quot;Summer with the Tourist Board of the City of Mostar&quot; was held on Saturday, August 2, on the plateau behind Mujaga Komadine&#039;s house, which symbolically closed the ten-day cultural and artistic gathering under the starry Mostar sky.<\/p>\n<p>The finale of the event was marked by the French animated sci-fi film &quot;Mars Express&quot; and an energetic musical performance by DJ Lubnya, who brought the atmosphere to a climax with her set. During the day, an artistic mural created in cooperation with the association Rezon and visitors was completed, which further enriched the visual identity of the event.<\/p>\n<p>We remind you that from July 24 to August 2, the event &quot;Summer with TZ Mostar&quot; offered a variety of cultural and artistic content at two attractive locations - under the Old Bridge and behind Mujaga Komadine&#039;s house.<\/p>\n<p style=\"font-weight: 400;\">The program included open-air screenings of European films (France, Norway, Switzerland, Spain, Italy), performances by musicians and DJs, including DJ Zlaja, DJ Amer \u0160ehovi\u0107, DJ Amir Groove, DJ Lubnya, and Mostar performers Sanel Mari\u0107 Mara, Benewrecks and Em&amp;Em.<\/p>\n<p style=\"font-weight: 400;\">A music workshop for children was held under the leadership of Marko Jakovljevi\u0107, in cooperation with the Down syndrome Mostar Association, and an exhibition of children&#039;s works was also opened.<\/p>\n<p style=\"font-weight: 400;\">The evenings of poetry were performed by Mostar poets and the Women with a Book association, while an artistic mural was created on the plateau behind Mujaga Komadine&#039;s house on all days of the event in collaboration with the Rezon association and visitors.<\/p>\n<p style=\"font-weight: 400;\">The Tourist Board of the City of Mostar thanks all visitors, artists and partners for their participation and support. This manifestation once again showed that Mostar has the capacity to be the center of summer cultural offer, open to all generations and tastes.<img fetchpriority=\"high\" decoding=\"async\" class=\"alignnone size-medium wp-image-5169\" src=\"https:\/\/exploremostar.ba\/wp-content\/uploads\/2025\/08\/ljetoTZ-Mara-01-300x200.jpg\" alt=\"\" width=\"300\" height=\"200\" srcset=\"https:\/\/exploremostar.ba\/wp-content\/uploads\/2025\/08\/ljetoTZ-Mara-01-300x200.jpg 300w, https:\/\/exploremostar.ba\/wp-content\/uploads\/2025\/08\/ljetoTZ-Mara-01-1024x683.jpg 1024w, https:\/\/exploremostar.ba\/wp-content\/uploads\/2025\/08\/ljetoTZ-Mara-01-768x512.jpg 768w, https:\/\/exploremostar.ba\/wp-content\/uploads\/2025\/08\/ljetoTZ-Mara-01-1536x1025.jpg 1536w, https:\/\/exploremostar.ba\/wp-content\/uploads\/2025\/08\/ljetoTZ-Mara-01-18x12.jpg 18w, https:\/\/exploremostar.ba\/wp-content\/uploads\/2025\/08\/ljetoTZ-Mara-01-600x400.jpg 600w, https:\/\/exploremostar.ba\/wp-content\/uploads\/2025\/08\/ljetoTZ-Mara-01.jpg 2000w\" sizes=\"(max-width: 300px) 100vw, 300px\" \/> <img decoding=\"async\" class=\"alignnone size-medium wp-image-5170\" src=\"https:\/\/exploremostar.ba\/wp-content\/uploads\/2025\/08\/Petak1TZ-300x200.jpg\" alt=\"\" width=\"300\" height=\"200\" srcset=\"https:\/\/exploremostar.ba\/wp-content\/uploads\/2025\/08\/Petak1TZ-300x200.jpg 300w, https:\/\/exploremostar.ba\/wp-content\/uploads\/2025\/08\/Petak1TZ-1024x683.jpg 1024w, https:\/\/exploremostar.ba\/wp-content\/uploads\/2025\/08\/Petak1TZ-768x512.jpg 768w, https:\/\/exploremostar.ba\/wp-content\/uploads\/2025\/08\/Petak1TZ-1536x1024.jpg 1536w, https:\/\/exploremostar.ba\/wp-content\/uploads\/2025\/08\/Petak1TZ-2048x1366.jpg 2048w, https:\/\/exploremostar.ba\/wp-content\/uploads\/2025\/08\/Petak1TZ-18x12.jpg 18w, https:\/\/exploremostar.ba\/wp-content\/uploads\/2025\/08\/Petak1TZ-600x400.jpg 600w\" sizes=\"(max-width: 300px) 100vw, 300px\" \/> <img decoding=\"async\" class=\"alignnone size-medium wp-image-5171\" src=\"https:\/\/exploremostar.ba\/wp-content\/uploads\/2025\/08\/Petak2TZ-300x200.jpg\" alt=\"\" width=\"300\" height=\"200\" srcset=\"https:\/\/exploremostar.ba\/wp-content\/uploads\/2025\/08\/Petak2TZ-300x200.jpg 300w, https:\/\/exploremostar.ba\/wp-content\/uploads\/2025\/08\/Petak2TZ-1024x683.jpg 1024w, https:\/\/exploremostar.ba\/wp-content\/uploads\/2025\/08\/Petak2TZ-768x512.jpg 768w, https:\/\/exploremostar.ba\/wp-content\/uploads\/2025\/08\/Petak2TZ-1536x1024.jpg 1536w, https:\/\/exploremostar.ba\/wp-content\/uploads\/2025\/08\/Petak2TZ-2048x1366.jpg 2048w, https:\/\/exploremostar.ba\/wp-content\/uploads\/2025\/08\/Petak2TZ-18x12.jpg 18w, https:\/\/exploremostar.ba\/wp-content\/uploads\/2025\/08\/Petak2TZ-600x400.jpg 600w\" sizes=\"(max-width: 300px) 100vw, 300px\" \/> <img loading=\"lazy\" decoding=\"async\" class=\"alignnone size-medium wp-image-5172\" src=\"https:\/\/exploremostar.ba\/wp-content\/uploads\/2025\/08\/Petak3-TZ-300x200.jpg\" alt=\"\" width=\"300\" height=\"200\" srcset=\"https:\/\/exploremostar.ba\/wp-content\/uploads\/2025\/08\/Petak3-TZ-300x200.jpg 300w, https:\/\/exploremostar.ba\/wp-content\/uploads\/2025\/08\/Petak3-TZ-1024x683.jpg 1024w, https:\/\/exploremostar.ba\/wp-content\/uploads\/2025\/08\/Petak3-TZ-768x512.jpg 768w, https:\/\/exploremostar.ba\/wp-content\/uploads\/2025\/08\/Petak3-TZ-1536x1024.jpg 1536w, https:\/\/exploremostar.ba\/wp-content\/uploads\/2025\/08\/Petak3-TZ-2048x1366.jpg 2048w, https:\/\/exploremostar.ba\/wp-content\/uploads\/2025\/08\/Petak3-TZ-18x12.jpg 18w, https:\/\/exploremostar.ba\/wp-content\/uploads\/2025\/08\/Petak3-TZ-600x400.jpg 600w\" sizes=\"(max-width: 300px) 100vw, 300px\" \/> <img loading=\"lazy\" decoding=\"async\" class=\"alignnone size-medium wp-image-5173\" src=\"https:\/\/exploremostar.ba\/wp-content\/uploads\/2025\/08\/Petak3TZ-300x200.jpg\" alt=\"\" width=\"300\" height=\"200\" srcset=\"https:\/\/exploremostar.ba\/wp-content\/uploads\/2025\/08\/Petak3TZ-300x200.jpg 300w, https:\/\/exploremostar.ba\/wp-content\/uploads\/2025\/08\/Petak3TZ-1024x683.jpg 1024w, https:\/\/exploremostar.ba\/wp-content\/uploads\/2025\/08\/Petak3TZ-768x512.jpg 768w, https:\/\/exploremostar.ba\/wp-content\/uploads\/2025\/08\/Petak3TZ-1536x1024.jpg 1536w, https:\/\/exploremostar.ba\/wp-content\/uploads\/2025\/08\/Petak3TZ-2048x1366.jpg 2048w, https:\/\/exploremostar.ba\/wp-content\/uploads\/2025\/08\/Petak3TZ-18x12.jpg 18w, https:\/\/exploremostar.ba\/wp-content\/uploads\/2025\/08\/Petak3TZ-600x400.jpg 600w\" sizes=\"(max-width: 300px) 100vw, 300px\" \/> <img loading=\"lazy\" decoding=\"async\" class=\"alignnone size-medium wp-image-5174\" src=\"https:\/\/exploremostar.ba\/wp-content\/uploads\/2025\/08\/Petak4-TZ-300x200.jpg\" alt=\"\" width=\"300\" height=\"200\" srcset=\"https:\/\/exploremostar.ba\/wp-content\/uploads\/2025\/08\/Petak4-TZ-300x200.jpg 300w, https:\/\/exploremostar.ba\/wp-content\/uploads\/2025\/08\/Petak4-TZ-1024x683.jpg 1024w, https:\/\/exploremostar.ba\/wp-content\/uploads\/2025\/08\/Petak4-TZ-768x512.jpg 768w, https:\/\/exploremostar.ba\/wp-content\/uploads\/2025\/08\/Petak4-TZ-1536x1024.jpg 1536w, https:\/\/exploremostar.ba\/wp-content\/uploads\/2025\/08\/Petak4-TZ-2048x1366.jpg 2048w, https:\/\/exploremostar.ba\/wp-content\/uploads\/2025\/08\/Petak4-TZ-18x12.jpg 18w, https:\/\/exploremostar.ba\/wp-content\/uploads\/2025\/08\/Petak4-TZ-600x400.jpg 600w\" sizes=\"(max-width: 300px) 100vw, 300px\" \/><\/p>","protected":false},"excerpt":{"rendered":"<p>The final evening of the event &quot;Summer with the Tourist Board of the City of Mostar&quot; was held on Saturday, August 2, on the plateau behind Mujaga Komadine&#039;s house, which symbolically closed the ten-day cultural and artistic gathering under the starry Mostar sky. The finale of the event was marked by the French animated sci-fi film &quot;Mars Express&quot; and an energetic musical performance by DJ Lubnya, who brought the atmosphere to its peak [...]<\/p>","protected":false},"author":11,"featured_media":5169,"comment_status":"closed","ping_status":"open","sticky":false,"template":"","format":"standard","meta":{"footnotes":""},"categories":[100],"tags":[],"class_list":["post-5168","post","type-post","status-publish","format-standard","has-post-thumbnail","hentry","category-pozitivne-price"],"yoast_head":"<!-- This site is optimized with the Yoast SEO plugin v25.1 - https:\/\/yoast.com\/wordpress\/plugins\/seo\/ -->\n<title>Zavr\u0161eno \u2018\u2019Ljeto s Turisti\u010dkom zajednicom Grada Mostara\u2019\u2019 - exploremostar<\/title>\n<meta name=\"robots\" content=\"index, follow, max-snippet:-1, max-image-preview:large, max-video-preview:-1\" \/>\n<link rel=\"canonical\" href=\"https:\/\/exploremostar.ba\/en\/zavrseno-ljeto-s-turistickom-zajednicom-grada-mostara\/\" \/>\n<meta property=\"og:locale\" content=\"en_US\" \/>\n<meta property=\"og:type\" content=\"article\" \/>\n<meta property=\"og:title\" content=\"Zavr\u0161eno \u2018\u2019Ljeto s Turisti\u010dkom zajednicom Grada Mostara\u2019\u2019 - exploremostar\" \/>\n<meta property=\"og:description\" content=\"Zavr\u0161na ve\u010der manifestacije\u00a0\u201eLjeto s Turisti\u010dkom zajednicom Grada Mostara\u201c\u00a0odr\u017eana je u subotu, 2. kolovoza, na platou iza ku\u0107e Mujage Komadine, \u010dime je simboli\u010dno zatvoreno desetodnevno kulturno i umjetni\u010dko dru\u017eenje pod zvjezdanim mostarskim nebom. Zavr\u0161nica manifestacije protekla je u znaku francuskog animiranog SF filma\u00a0\u201eMars Express\u201c, te energi\u010dnog glazbenog nastupa DJ-ice Lubnye, koja je atmosferu dovela do vrhunca [&hellip;]\" \/>\n<meta property=\"og:url\" content=\"https:\/\/exploremostar.ba\/en\/zavrseno-ljeto-s-turistickom-zajednicom-grada-mostara\/\" \/>\n<meta property=\"og:site_name\" content=\"exploremostar\" \/>\n<meta property=\"article:published_time\" content=\"2025-08-03T08:00:00+00:00\" \/>\n<meta property=\"og:image\" content=\"https:\/\/exploremostar.ba\/wp-content\/uploads\/2025\/08\/ljetoTZ-Mara-01.jpg\" \/>\n\t<meta property=\"og:image:width\" content=\"2000\" \/>\n\t<meta property=\"og:image:height\" content=\"1334\" \/>\n\t<meta property=\"og:image:type\" content=\"image\/jpeg\" \/>\n<meta name=\"author\" content=\"Dino Jekic\" \/>\n<meta name=\"twitter:card\" content=\"summary_large_image\" \/>\n<meta name=\"twitter:label1\" content=\"Written by\" \/>\n\t<meta name=\"twitter:data1\" content=\"Dino Jekic\" \/>\n\t<meta name=\"twitter:label2\" content=\"Est. reading time\" \/>\n\t<meta name=\"twitter:data2\" content=\"3 minutes\" \/>\n<script type=\"application\/ld+json\" class=\"yoast-schema-graph\">{\"@context\":\"https:\/\/schema.org\",\"@graph\":[{\"@type\":\"WebPage\",\"@id\":\"https:\/\/exploremostar.ba\/zavrseno-ljeto-s-turistickom-zajednicom-grada-mostara\/\",\"url\":\"https:\/\/exploremostar.ba\/zavrseno-ljeto-s-turistickom-zajednicom-grada-mostara\/\",\"name\":\"Zavr\u0161eno \u2018\u2019Ljeto s Turisti\u010dkom zajednicom Grada Mostara\u2019\u2019 - exploremostar\",\"isPartOf\":{\"@id\":\"https:\/\/exploremostar.ba\/#website\"},\"primaryImageOfPage\":{\"@id\":\"https:\/\/exploremostar.ba\/zavrseno-ljeto-s-turistickom-zajednicom-grada-mostara\/#primaryimage\"},\"image\":{\"@id\":\"https:\/\/exploremostar.ba\/zavrseno-ljeto-s-turistickom-zajednicom-grada-mostara\/#primaryimage\"},\"thumbnailUrl\":\"https:\/\/exploremostar.ba\/wp-content\/uploads\/2025\/08\/ljetoTZ-Mara-01.jpg\",\"datePublished\":\"2025-08-03T08:00:00+00:00\",\"author\":{\"@id\":\"https:\/\/exploremostar.ba\/#\/schema\/person\/ba658e145ceeda3815df65d8fb9915c7\"},\"breadcrumb\":{\"@id\":\"https:\/\/exploremostar.ba\/zavrseno-ljeto-s-turistickom-zajednicom-grada-mostara\/#breadcrumb\"},\"inLanguage\":\"en-US\",\"potentialAction\":[{\"@type\":\"ReadAction\",\"target\":[\"https:\/\/exploremostar.ba\/zavrseno-ljeto-s-turistickom-zajednicom-grada-mostara\/\"]}]},{\"@type\":\"ImageObject\",\"inLanguage\":\"en-US\",\"@id\":\"https:\/\/exploremostar.ba\/zavrseno-ljeto-s-turistickom-zajednicom-grada-mostara\/#primaryimage\",\"url\":\"https:\/\/exploremostar.ba\/wp-content\/uploads\/2025\/08\/ljetoTZ-Mara-01.jpg\",\"contentUrl\":\"https:\/\/exploremostar.ba\/wp-content\/uploads\/2025\/08\/ljetoTZ-Mara-01.jpg\",\"width\":2000,\"height\":1334},{\"@type\":\"BreadcrumbList\",\"@id\":\"https:\/\/exploremostar.ba\/zavrseno-ljeto-s-turistickom-zajednicom-grada-mostara\/#breadcrumb\",\"itemListElement\":[{\"@type\":\"ListItem\",\"position\":1,\"name\":\"Home\",\"item\":\"https:\/\/exploremostar.ba\/\"},{\"@type\":\"ListItem\",\"position\":2,\"name\":\"Zavr\u0161eno \u2018\u2019Ljeto s Turisti\u010dkom zajednicom Grada Mostara\u2019\u2019\"}]},{\"@type\":\"WebSite\",\"@id\":\"https:\/\/exploremostar.ba\/#website\",\"url\":\"https:\/\/exploremostar.ba\/\",\"name\":\"exploremostar\",\"description\":\"Where bridges tell stories\",\"potentialAction\":[{\"@type\":\"SearchAction\",\"target\":{\"@type\":\"EntryPoint\",\"urlTemplate\":\"https:\/\/exploremostar.ba\/?s={search_term_string}\"},\"query-input\":{\"@type\":\"PropertyValueSpecification\",\"valueRequired\":true,\"valueName\":\"search_term_string\"}}],\"inLanguage\":\"en-US\"},{\"@type\":\"Person\",\"@id\":\"https:\/\/exploremostar.ba\/#\/schema\/person\/ba658e145ceeda3815df65d8fb9915c7\",\"name\":\"Dino Jekic\",\"image\":{\"@type\":\"ImageObject\",\"inLanguage\":\"en-US\",\"@id\":\"https:\/\/exploremostar.ba\/#\/schema\/person\/image\/\",\"url\":\"https:\/\/secure.gravatar.com\/avatar\/069d3f51f3e6bcef26bc4581da3ae12333ce97dcefaf5b817593df50933bfefb?s=96&d=https%3A%2F%2Fui-avatars.com%2Fapi%2FDino%20JekicDino%2F96%2F546de5%2Ffff%2F1%2F0.4%2F%2F1%2F1&r=g\",\"contentUrl\":\"https:\/\/secure.gravatar.com\/avatar\/069d3f51f3e6bcef26bc4581da3ae12333ce97dcefaf5b817593df50933bfefb?s=96&d=https%3A%2F%2Fui-avatars.com%2Fapi%2FDino%20JekicDino%2F96%2F546de5%2Ffff%2F1%2F0.4%2F%2F1%2F1&r=g\",\"caption\":\"Dino Jekic\"},\"url\":\"https:\/\/exploremostar.ba\/en\/author\/dino\/\"}]}<\/script>\n<!-- \/ Yoast SEO plugin. -->","yoast_head_json":{"title":"Zavr\u0161eno \u2018\u2019Ljeto s Turisti\u010dkom zajednicom Grada Mostara\u2019\u2019 - exploremostar","robots":{"index":"index","follow":"follow","max-snippet":"max-snippet:-1","max-image-preview":"max-image-preview:large","max-video-preview":"max-video-preview:-1"},"canonical":"https:\/\/exploremostar.ba\/en\/zavrseno-ljeto-s-turistickom-zajednicom-grada-mostara\/","og_locale":"en_US","og_type":"article","og_title":"Zavr\u0161eno \u2018\u2019Ljeto s Turisti\u010dkom zajednicom Grada Mostara\u2019\u2019 - exploremostar","og_description":"Zavr\u0161na ve\u010der manifestacije\u00a0\u201eLjeto s Turisti\u010dkom zajednicom Grada Mostara\u201c\u00a0odr\u017eana je u subotu, 2. kolovoza, na platou iza ku\u0107e Mujage Komadine, \u010dime je simboli\u010dno zatvoreno desetodnevno kulturno i umjetni\u010dko dru\u017eenje pod zvjezdanim mostarskim nebom. Zavr\u0161nica manifestacije protekla je u znaku francuskog animiranog SF filma\u00a0\u201eMars Express\u201c, te energi\u010dnog glazbenog nastupa DJ-ice Lubnye, koja je atmosferu dovela do vrhunca [&hellip;]","og_url":"https:\/\/exploremostar.ba\/en\/zavrseno-ljeto-s-turistickom-zajednicom-grada-mostara\/","og_site_name":"exploremostar","article_published_time":"2025-08-03T08:00:00+00:00","og_image":[{"width":2000,"height":1334,"url":"https:\/\/exploremostar.ba\/wp-content\/uploads\/2025\/08\/ljetoTZ-Mara-01.jpg","type":"image\/jpeg"}],"author":"Dino Jekic","twitter_card":"summary_large_image","twitter_misc":{"Written by":"Dino Jekic","Est. reading time":"3 minutes"},"schema":{"@context":"https:\/\/schema.org","@graph":[{"@type":"WebPage","@id":"https:\/\/exploremostar.ba\/zavrseno-ljeto-s-turistickom-zajednicom-grada-mostara\/","url":"https:\/\/exploremostar.ba\/zavrseno-ljeto-s-turistickom-zajednicom-grada-mostara\/","name":"Zavr\u0161eno \u2018\u2019Ljeto s Turisti\u010dkom zajednicom Grada Mostara\u2019\u2019 - exploremostar","isPartOf":{"@id":"https:\/\/exploremostar.ba\/#website"},"primaryImageOfPage":{"@id":"https:\/\/exploremostar.ba\/zavrseno-ljeto-s-turistickom-zajednicom-grada-mostara\/#primaryimage"},"image":{"@id":"https:\/\/exploremostar.ba\/zavrseno-ljeto-s-turistickom-zajednicom-grada-mostara\/#primaryimage"},"thumbnailUrl":"https:\/\/exploremostar.ba\/wp-content\/uploads\/2025\/08\/ljetoTZ-Mara-01.jpg","datePublished":"2025-08-03T08:00:00+00:00","author":{"@id":"https:\/\/exploremostar.ba\/#\/schema\/person\/ba658e145ceeda3815df65d8fb9915c7"},"breadcrumb":{"@id":"https:\/\/exploremostar.ba\/zavrseno-ljeto-s-turistickom-zajednicom-grada-mostara\/#breadcrumb"},"inLanguage":"en-US","potentialAction":[{"@type":"ReadAction","target":["https:\/\/exploremostar.ba\/zavrseno-ljeto-s-turistickom-zajednicom-grada-mostara\/"]}]},{"@type":"ImageObject","inLanguage":"en-US","@id":"https:\/\/exploremostar.ba\/zavrseno-ljeto-s-turistickom-zajednicom-grada-mostara\/#primaryimage","url":"https:\/\/exploremostar.ba\/wp-content\/uploads\/2025\/08\/ljetoTZ-Mara-01.jpg","contentUrl":"https:\/\/exploremostar.ba\/wp-content\/uploads\/2025\/08\/ljetoTZ-Mara-01.jpg","width":2000,"height":1334},{"@type":"BreadcrumbList","@id":"https:\/\/exploremostar.ba\/zavrseno-ljeto-s-turistickom-zajednicom-grada-mostara\/#breadcrumb","itemListElement":[{"@type":"ListItem","position":1,"name":"Home","item":"https:\/\/exploremostar.ba\/"},{"@type":"ListItem","position":2,"name":"Zavr\u0161eno \u2018\u2019Ljeto s Turisti\u010dkom zajednicom Grada Mostara\u2019\u2019"}]},{"@type":"WebSite","@id":"https:\/\/exploremostar.ba\/#website","url":"https:\/\/exploremostar.ba\/","name":"exploremostar","description":"Where bridges tell stories","potentialAction":[{"@type":"SearchAction","target":{"@type":"EntryPoint","urlTemplate":"https:\/\/exploremostar.ba\/?s={search_term_string}"},"query-input":{"@type":"PropertyValueSpecification","valueRequired":true,"valueName":"search_term_string"}}],"inLanguage":"en-US"},{"@type":"Person","@id":"https:\/\/exploremostar.ba\/#\/schema\/person\/ba658e145ceeda3815df65d8fb9915c7","name":"Dino Jekic","image":{"@type":"ImageObject","inLanguage":"en-US","@id":"https:\/\/exploremostar.ba\/#\/schema\/person\/image\/","url":"https:\/\/secure.gravatar.com\/avatar\/069d3f51f3e6bcef26bc4581da3ae12333ce97dcefaf5b817593df50933bfefb?s=96&d=https%3A%2F%2Fui-avatars.com%2Fapi%2FDino%20JekicDino%2F96%2F546de5%2Ffff%2F1%2F0.4%2F%2F1%2F1&r=g","contentUrl":"https:\/\/secure.gravatar.com\/avatar\/069d3f51f3e6bcef26bc4581da3ae12333ce97dcefaf5b817593df50933bfefb?s=96&d=https%3A%2F%2Fui-avatars.com%2Fapi%2FDino%20JekicDino%2F96%2F546de5%2Ffff%2F1%2F0.4%2F%2F1%2F1&r=g","caption":"Dino Jekic"},"url":"https:\/\/exploremostar.ba\/en\/author\/dino\/"}]}},"rttpg_featured_image_url":{"full":["https:\/\/exploremostar.ba\/wp-content\/uploads\/2025\/08\/ljetoTZ-Mara-01.jpg",2000,1334,false],"landscape":["https:\/\/exploremostar.ba\/wp-content\/uploads\/2025\/08\/ljetoTZ-Mara-01.jpg",2000,1334,false],"portraits":["https:\/\/exploremostar.ba\/wp-content\/uploads\/2025\/08\/ljetoTZ-Mara-01.jpg",2000,1334,false],"thumbnail":["https:\/\/exploremostar.ba\/wp-content\/uploads\/2025\/08\/ljetoTZ-Mara-01-150x150.jpg",150,150,true],"medium":["https:\/\/exploremostar.ba\/wp-content\/uploads\/2025\/08\/ljetoTZ-Mara-01-300x200.jpg",300,200,true],"large":["https:\/\/exploremostar.ba\/wp-content\/uploads\/2025\/08\/ljetoTZ-Mara-01-1024x683.jpg",1024,683,true],"1536x1536":["https:\/\/exploremostar.ba\/wp-content\/uploads\/2025\/08\/ljetoTZ-Mara-01-1536x1025.jpg",1536,1025,true],"2048x2048":["https:\/\/exploremostar.ba\/wp-content\/uploads\/2025\/08\/ljetoTZ-Mara-01.jpg",2000,1334,false],"trp-custom-language-flag":["https:\/\/exploremostar.ba\/wp-content\/uploads\/2025\/08\/ljetoTZ-Mara-01-18x12.jpg",18,12,true],"woocommerce_thumbnail":["https:\/\/exploremostar.ba\/wp-content\/uploads\/2025\/08\/ljetoTZ-Mara-01-300x300.jpg",300,300,true],"woocommerce_single":["https:\/\/exploremostar.ba\/wp-content\/uploads\/2025\/08\/ljetoTZ-Mara-01-600x400.jpg",600,400,true],"woocommerce_gallery_thumbnail":["https:\/\/exploremostar.ba\/wp-content\/uploads\/2025\/08\/ljetoTZ-Mara-01-100x100.jpg",100,100,true],"rt_custom":["https:\/\/exploremostar.ba\/wp-content\/uploads\/2025\/08\/ljetoTZ-Mara-01.jpg",2000,1334,false]},"rttpg_author":{"display_name":"Dino Jekic","author_link":"https:\/\/exploremostar.ba\/en\/author\/dino\/"},"rttpg_comment":0,"rttpg_category":"<a href=\"https:\/\/exploremostar.ba\/en\/post-category\/pozitivne-price\/\" rel=\"category tag\">Pozitivne pri\u010de<\/a>","rttpg_excerpt":"Zavr\u0161na ve\u010der manifestacije\u00a0\u201eLjeto s Turisti\u010dkom zajednicom Grada Mostara\u201c\u00a0odr\u017eana je u subotu, 2. kolovoza, na platou iza ku\u0107e Mujage Komadine, \u010dime je simboli\u010dno zatvoreno desetodnevno kulturno i umjetni\u010dko dru\u017eenje pod zvjezdanim mostarskim nebom. Zavr\u0161nica manifestacije protekla je u znaku francuskog animiranog SF filma\u00a0\u201eMars Express\u201c, te energi\u010dnog glazbenog nastupa DJ-ice Lubnye, koja je atmosferu dovela do vrhunca&hellip;","acf":[],"_links":{"self":[{"href":"https:\/\/exploremostar.ba\/en\/wp-json\/wp\/v2\/posts\/5168","targetHints":{"allow":["GET"]}}],"collection":[{"href":"https:\/\/exploremostar.ba\/en\/wp-json\/wp\/v2\/posts"}],"about":[{"href":"https:\/\/exploremostar.ba\/en\/wp-json\/wp\/v2\/types\/post"}],"author":[{"embeddable":true,"href":"https:\/\/exploremostar.ba\/en\/wp-json\/wp\/v2\/users\/11"}],"replies":[{"embeddable":true,"href":"https:\/\/exploremostar.ba\/en\/wp-json\/wp\/v2\/comments?post=5168"}],"version-history":[{"count":1,"href":"https:\/\/exploremostar.ba\/en\/wp-json\/wp\/v2\/posts\/5168\/revisions"}],"predecessor-version":[{"id":5175,"href":"https:\/\/exploremostar.ba\/en\/wp-json\/wp\/v2\/posts\/5168\/revisions\/5175"}],"wp:featuredmedia":[{"embeddable":true,"href":"https:\/\/exploremostar.ba\/en\/wp-json\/wp\/v2\/media\/5169"}],"wp:attachment":[{"href":"https:\/\/exploremostar.ba\/en\/wp-json\/wp\/v2\/media?parent=5168"}],"wp:term":[{"taxonomy":"category","embeddable":true,"href":"https:\/\/exploremostar.ba\/en\/wp-json\/wp\/v2\/categories?post=5168"},{"taxonomy":"post_tag","embeddable":true,"href":"https:\/\/exploremostar.ba\/en\/wp-json\/wp\/v2\/tags?post=5168"}],"curies":[{"name":"wp","href":"https:\/\/api.w.org\/{rel}","templated":true}]}}