{"id":5157,"date":"2025-08-02T07:38:40","date_gmt":"2025-08-02T06:38:40","guid":{"rendered":"https:\/\/exploremostar.ba\/?p=5157"},"modified":"2025-08-02T07:38:40","modified_gmt":"2025-08-02T06:38:40","slug":"vecer-s-marom-i-najava-za-posljednji-dan","status":"publish","type":"post","link":"https:\/\/exploremostar.ba\/en\/vecer-s-marom-i-najava-za-posljednji-dan\/","title":{"rendered":"An evening with Mara and an announcement for the last day"},"content":{"rendered":"<p style=\"font-weight: 400;\">As part of the summer manifestation &quot;Summer with the Mostar Tourist Board&quot;, on Friday 8\/1\/2025. year, the plateau behind Mujaga Komadine&#039;s house was once again the center of cultural events.<\/p>\n<p style=\"font-weight: 400;\">The evening was marked by an excellent audience response, which enjoyed the film and music program and the performance of the Mostar singer-songwriter Sanel Mari\u0107 Mara.<\/p>\n<p style=\"font-weight: 400;\">Mara once again showed why the local audience especially appreciates him - his authentic sound and introspective songs created a strong connection with the audience and rounded off an evening full of artistic expression.<\/p>\n<p style=\"font-weight: 400;\">The Italian film &quot;Tramite Amicizia&quot; was shown at the same place. During the day, together with the visitors, a mural was created in cooperation with the association Rezon, which further enriched the creative spirit of the event.<\/p>\n<p style=\"font-weight: 400;\">We remind you that &quot;Summer with TZ Mostar&quot; ends on Saturday, August 2, 2025. year, with a festive finale that includes the completion of the mural in cooperation with the association Rezon, the screening of the French film &quot;Mars Express&quot;, and a musical performance by DJ Lubnya, which will symbolically close this creative and meaningful summer with the Tourist Board of the City of Mostar.<\/p>\n<p style=\"font-weight: 400;\">Admission to all events is free.<\/p>\n<p style=\"font-weight: 400;\">For the latest information and possible changes, follow the official pages and social networks of the Tourist Board of the City of Mostar.<\/p>\n<p><img fetchpriority=\"high\" decoding=\"async\" class=\"alignnone size-medium wp-image-5158\" src=\"https:\/\/exploremostar.ba\/wp-content\/uploads\/2025\/08\/Petak-TZ1-300x200.jpg\" alt=\"\" width=\"300\" height=\"200\" srcset=\"https:\/\/exploremostar.ba\/wp-content\/uploads\/2025\/08\/Petak-TZ1-300x200.jpg 300w, https:\/\/exploremostar.ba\/wp-content\/uploads\/2025\/08\/Petak-TZ1-1024x684.jpg 1024w, https:\/\/exploremostar.ba\/wp-content\/uploads\/2025\/08\/Petak-TZ1-768x513.jpg 768w, https:\/\/exploremostar.ba\/wp-content\/uploads\/2025\/08\/Petak-TZ1-1536x1025.jpg 1536w, https:\/\/exploremostar.ba\/wp-content\/uploads\/2025\/08\/Petak-TZ1-18x12.jpg 18w, https:\/\/exploremostar.ba\/wp-content\/uploads\/2025\/08\/Petak-TZ1-600x401.jpg 600w, https:\/\/exploremostar.ba\/wp-content\/uploads\/2025\/08\/Petak-TZ1.jpg 1600w\" sizes=\"(max-width: 300px) 100vw, 300px\" \/> <img decoding=\"async\" class=\"alignnone size-medium wp-image-5159\" src=\"https:\/\/exploremostar.ba\/wp-content\/uploads\/2025\/08\/Petak-TZ2-300x200.jpg\" alt=\"\" width=\"300\" height=\"200\" srcset=\"https:\/\/exploremostar.ba\/wp-content\/uploads\/2025\/08\/Petak-TZ2-300x200.jpg 300w, https:\/\/exploremostar.ba\/wp-content\/uploads\/2025\/08\/Petak-TZ2-1024x684.jpg 1024w, https:\/\/exploremostar.ba\/wp-content\/uploads\/2025\/08\/Petak-TZ2-768x513.jpg 768w, https:\/\/exploremostar.ba\/wp-content\/uploads\/2025\/08\/Petak-TZ2-1536x1025.jpg 1536w, https:\/\/exploremostar.ba\/wp-content\/uploads\/2025\/08\/Petak-TZ2-18x12.jpg 18w, https:\/\/exploremostar.ba\/wp-content\/uploads\/2025\/08\/Petak-TZ2-600x401.jpg 600w, https:\/\/exploremostar.ba\/wp-content\/uploads\/2025\/08\/Petak-TZ2.jpg 1600w\" sizes=\"(max-width: 300px) 100vw, 300px\" \/> <img decoding=\"async\" class=\"alignnone size-medium wp-image-5160\" src=\"https:\/\/exploremostar.ba\/wp-content\/uploads\/2025\/08\/Petak-TZ3-300x200.jpg\" alt=\"\" width=\"300\" height=\"200\" srcset=\"https:\/\/exploremostar.ba\/wp-content\/uploads\/2025\/08\/Petak-TZ3-300x200.jpg 300w, https:\/\/exploremostar.ba\/wp-content\/uploads\/2025\/08\/Petak-TZ3-1024x684.jpg 1024w, https:\/\/exploremostar.ba\/wp-content\/uploads\/2025\/08\/Petak-TZ3-768x513.jpg 768w, https:\/\/exploremostar.ba\/wp-content\/uploads\/2025\/08\/Petak-TZ3-1536x1025.jpg 1536w, https:\/\/exploremostar.ba\/wp-content\/uploads\/2025\/08\/Petak-TZ3-18x12.jpg 18w, https:\/\/exploremostar.ba\/wp-content\/uploads\/2025\/08\/Petak-TZ3-600x401.jpg 600w, https:\/\/exploremostar.ba\/wp-content\/uploads\/2025\/08\/Petak-TZ3.jpg 1600w\" sizes=\"(max-width: 300px) 100vw, 300px\" \/> <img loading=\"lazy\" decoding=\"async\" class=\"alignnone size-medium wp-image-5161\" src=\"https:\/\/exploremostar.ba\/wp-content\/uploads\/2025\/08\/Petak-TZ4-300x200.jpg\" alt=\"\" width=\"300\" height=\"200\" srcset=\"https:\/\/exploremostar.ba\/wp-content\/uploads\/2025\/08\/Petak-TZ4-300x200.jpg 300w, https:\/\/exploremostar.ba\/wp-content\/uploads\/2025\/08\/Petak-TZ4-1024x684.jpg 1024w, https:\/\/exploremostar.ba\/wp-content\/uploads\/2025\/08\/Petak-TZ4-768x513.jpg 768w, https:\/\/exploremostar.ba\/wp-content\/uploads\/2025\/08\/Petak-TZ4-1536x1025.jpg 1536w, https:\/\/exploremostar.ba\/wp-content\/uploads\/2025\/08\/Petak-TZ4-18x12.jpg 18w, https:\/\/exploremostar.ba\/wp-content\/uploads\/2025\/08\/Petak-TZ4-600x401.jpg 600w, https:\/\/exploremostar.ba\/wp-content\/uploads\/2025\/08\/Petak-TZ4.jpg 1600w\" sizes=\"(max-width: 300px) 100vw, 300px\" \/> <img loading=\"lazy\" decoding=\"async\" class=\"alignnone size-medium wp-image-5162\" src=\"https:\/\/exploremostar.ba\/wp-content\/uploads\/2025\/08\/Petak-Tz5-300x200.jpg\" alt=\"\" width=\"300\" height=\"200\" srcset=\"https:\/\/exploremostar.ba\/wp-content\/uploads\/2025\/08\/Petak-Tz5-300x200.jpg 300w, https:\/\/exploremostar.ba\/wp-content\/uploads\/2025\/08\/Petak-Tz5-1024x684.jpg 1024w, https:\/\/exploremostar.ba\/wp-content\/uploads\/2025\/08\/Petak-Tz5-768x513.jpg 768w, https:\/\/exploremostar.ba\/wp-content\/uploads\/2025\/08\/Petak-Tz5-1536x1025.jpg 1536w, https:\/\/exploremostar.ba\/wp-content\/uploads\/2025\/08\/Petak-Tz5-18x12.jpg 18w, https:\/\/exploremostar.ba\/wp-content\/uploads\/2025\/08\/Petak-Tz5-600x401.jpg 600w, https:\/\/exploremostar.ba\/wp-content\/uploads\/2025\/08\/Petak-Tz5.jpg 1600w\" sizes=\"(max-width: 300px) 100vw, 300px\" \/> <img loading=\"lazy\" decoding=\"async\" class=\"alignnone size-medium wp-image-5163\" src=\"https:\/\/exploremostar.ba\/wp-content\/uploads\/2025\/08\/Petak-TZ6-300x200.jpg\" alt=\"\" width=\"300\" height=\"200\" srcset=\"https:\/\/exploremostar.ba\/wp-content\/uploads\/2025\/08\/Petak-TZ6-300x200.jpg 300w, https:\/\/exploremostar.ba\/wp-content\/uploads\/2025\/08\/Petak-TZ6-1024x684.jpg 1024w, https:\/\/exploremostar.ba\/wp-content\/uploads\/2025\/08\/Petak-TZ6-768x513.jpg 768w, https:\/\/exploremostar.ba\/wp-content\/uploads\/2025\/08\/Petak-TZ6-1536x1025.jpg 1536w, https:\/\/exploremostar.ba\/wp-content\/uploads\/2025\/08\/Petak-TZ6-18x12.jpg 18w, https:\/\/exploremostar.ba\/wp-content\/uploads\/2025\/08\/Petak-TZ6-600x401.jpg 600w, https:\/\/exploremostar.ba\/wp-content\/uploads\/2025\/08\/Petak-TZ6.jpg 1600w\" sizes=\"(max-width: 300px) 100vw, 300px\" \/><\/p>","protected":false},"excerpt":{"rendered":"<p>As part of the summer manifestation &quot;Summer with the Mostar Tourist Board&quot;, on Friday 8\/1\/2025. year, the plateau behind Mujaga Komadine&#039;s house was once again the center of cultural events. The evening was marked by an excellent audience response, which enjoyed the film and music program and the performance of the Mostar singer-songwriter Sanel Mari\u0107 Mara. Mara once again showed why the local audience especially appreciates him - [...]<\/p>","protected":false},"author":11,"featured_media":5158,"comment_status":"closed","ping_status":"open","sticky":false,"template":"","format":"standard","meta":{"footnotes":""},"categories":[100],"tags":[],"class_list":["post-5157","post","type-post","status-publish","format-standard","has-post-thumbnail","hentry","category-pozitivne-price"],"yoast_head":"<!-- This site is optimized with the Yoast SEO plugin v25.1 - https:\/\/yoast.com\/wordpress\/plugins\/seo\/ -->\n<title>Ve\u010der s Marom i najava za posljednji dan - exploremostar<\/title>\n<meta name=\"robots\" content=\"index, follow, max-snippet:-1, max-image-preview:large, max-video-preview:-1\" \/>\n<link rel=\"canonical\" href=\"https:\/\/exploremostar.ba\/en\/vecer-s-marom-i-najava-za-posljednji-dan\/\" \/>\n<meta property=\"og:locale\" content=\"en_US\" \/>\n<meta property=\"og:type\" content=\"article\" \/>\n<meta property=\"og:title\" content=\"Ve\u010der s Marom i najava za posljednji dan - exploremostar\" \/>\n<meta property=\"og:description\" content=\"U sklopu ljetne manifestacije \u201eLjeto s Turisti\u010dkom zajednicom Mostar\u201c, u petak 1.8.2025. godine plato iza ku\u0107e Mujage Komadine ponovno je bio sredi\u0161te kulturnih doga\u0111anja. Ve\u010der je obilje\u017eena odli\u010dnim odazivom publike, koja je u\u017eivala u filmsko-glazbenom programu i nastupu mostarskog kantautora Sanela Mari\u0107a Mare. Mara je jo\u0161 jednom pokazao za\u0161to ga doma\u0107a publika posebno cijeni \u2013 [&hellip;]\" \/>\n<meta property=\"og:url\" content=\"https:\/\/exploremostar.ba\/en\/vecer-s-marom-i-najava-za-posljednji-dan\/\" \/>\n<meta property=\"og:site_name\" content=\"exploremostar\" \/>\n<meta property=\"article:published_time\" content=\"2025-08-02T06:38:40+00:00\" \/>\n<meta property=\"og:image\" content=\"https:\/\/exploremostar.ba\/wp-content\/uploads\/2025\/08\/Petak-TZ1.jpg\" \/>\n\t<meta property=\"og:image:width\" content=\"1600\" \/>\n\t<meta property=\"og:image:height\" content=\"1068\" \/>\n\t<meta property=\"og:image:type\" content=\"image\/jpeg\" \/>\n<meta name=\"author\" content=\"Dino Jekic\" \/>\n<meta name=\"twitter:card\" content=\"summary_large_image\" \/>\n<meta name=\"twitter:label1\" content=\"Written by\" \/>\n\t<meta name=\"twitter:data1\" content=\"Dino Jekic\" \/>\n\t<meta name=\"twitter:label2\" content=\"Est. reading time\" \/>\n\t<meta name=\"twitter:data2\" content=\"3 minutes\" \/>\n<script type=\"application\/ld+json\" class=\"yoast-schema-graph\">{\"@context\":\"https:\/\/schema.org\",\"@graph\":[{\"@type\":\"WebPage\",\"@id\":\"https:\/\/exploremostar.ba\/vecer-s-marom-i-najava-za-posljednji-dan\/\",\"url\":\"https:\/\/exploremostar.ba\/vecer-s-marom-i-najava-za-posljednji-dan\/\",\"name\":\"Ve\u010der s Marom i najava za posljednji dan - exploremostar\",\"isPartOf\":{\"@id\":\"https:\/\/exploremostar.ba\/#website\"},\"primaryImageOfPage\":{\"@id\":\"https:\/\/exploremostar.ba\/vecer-s-marom-i-najava-za-posljednji-dan\/#primaryimage\"},\"image\":{\"@id\":\"https:\/\/exploremostar.ba\/vecer-s-marom-i-najava-za-posljednji-dan\/#primaryimage\"},\"thumbnailUrl\":\"https:\/\/exploremostar.ba\/wp-content\/uploads\/2025\/08\/Petak-TZ1.jpg\",\"datePublished\":\"2025-08-02T06:38:40+00:00\",\"author\":{\"@id\":\"https:\/\/exploremostar.ba\/#\/schema\/person\/ba658e145ceeda3815df65d8fb9915c7\"},\"breadcrumb\":{\"@id\":\"https:\/\/exploremostar.ba\/vecer-s-marom-i-najava-za-posljednji-dan\/#breadcrumb\"},\"inLanguage\":\"en-US\",\"potentialAction\":[{\"@type\":\"ReadAction\",\"target\":[\"https:\/\/exploremostar.ba\/vecer-s-marom-i-najava-za-posljednji-dan\/\"]}]},{\"@type\":\"ImageObject\",\"inLanguage\":\"en-US\",\"@id\":\"https:\/\/exploremostar.ba\/vecer-s-marom-i-najava-za-posljednji-dan\/#primaryimage\",\"url\":\"https:\/\/exploremostar.ba\/wp-content\/uploads\/2025\/08\/Petak-TZ1.jpg\",\"contentUrl\":\"https:\/\/exploremostar.ba\/wp-content\/uploads\/2025\/08\/Petak-TZ1.jpg\",\"width\":1600,\"height\":1068},{\"@type\":\"BreadcrumbList\",\"@id\":\"https:\/\/exploremostar.ba\/vecer-s-marom-i-najava-za-posljednji-dan\/#breadcrumb\",\"itemListElement\":[{\"@type\":\"ListItem\",\"position\":1,\"name\":\"Home\",\"item\":\"https:\/\/exploremostar.ba\/\"},{\"@type\":\"ListItem\",\"position\":2,\"name\":\"Ve\u010der s Marom i najava za posljednji dan\"}]},{\"@type\":\"WebSite\",\"@id\":\"https:\/\/exploremostar.ba\/#website\",\"url\":\"https:\/\/exploremostar.ba\/\",\"name\":\"exploremostar\",\"description\":\"Where bridges tell stories\",\"potentialAction\":[{\"@type\":\"SearchAction\",\"target\":{\"@type\":\"EntryPoint\",\"urlTemplate\":\"https:\/\/exploremostar.ba\/?s={search_term_string}\"},\"query-input\":{\"@type\":\"PropertyValueSpecification\",\"valueRequired\":true,\"valueName\":\"search_term_string\"}}],\"inLanguage\":\"en-US\"},{\"@type\":\"Person\",\"@id\":\"https:\/\/exploremostar.ba\/#\/schema\/person\/ba658e145ceeda3815df65d8fb9915c7\",\"name\":\"Dino Jekic\",\"image\":{\"@type\":\"ImageObject\",\"inLanguage\":\"en-US\",\"@id\":\"https:\/\/exploremostar.ba\/#\/schema\/person\/image\/\",\"url\":\"https:\/\/secure.gravatar.com\/avatar\/069d3f51f3e6bcef26bc4581da3ae12333ce97dcefaf5b817593df50933bfefb?s=96&d=https%3A%2F%2Fui-avatars.com%2Fapi%2FDino%20JekicDino%2F96%2F546de5%2Ffff%2F1%2F0.4%2F%2F1%2F1&r=g\",\"contentUrl\":\"https:\/\/secure.gravatar.com\/avatar\/069d3f51f3e6bcef26bc4581da3ae12333ce97dcefaf5b817593df50933bfefb?s=96&d=https%3A%2F%2Fui-avatars.com%2Fapi%2FDino%20JekicDino%2F96%2F546de5%2Ffff%2F1%2F0.4%2F%2F1%2F1&r=g\",\"caption\":\"Dino Jekic\"},\"url\":\"https:\/\/exploremostar.ba\/en\/author\/dino\/\"}]}<\/script>\n<!-- \/ Yoast SEO plugin. -->","yoast_head_json":{"title":"Ve\u010der s Marom i najava za posljednji dan - exploremostar","robots":{"index":"index","follow":"follow","max-snippet":"max-snippet:-1","max-image-preview":"max-image-preview:large","max-video-preview":"max-video-preview:-1"},"canonical":"https:\/\/exploremostar.ba\/en\/vecer-s-marom-i-najava-za-posljednji-dan\/","og_locale":"en_US","og_type":"article","og_title":"Ve\u010der s Marom i najava za posljednji dan - exploremostar","og_description":"U sklopu ljetne manifestacije \u201eLjeto s Turisti\u010dkom zajednicom Mostar\u201c, u petak 1.8.2025. godine plato iza ku\u0107e Mujage Komadine ponovno je bio sredi\u0161te kulturnih doga\u0111anja. Ve\u010der je obilje\u017eena odli\u010dnim odazivom publike, koja je u\u017eivala u filmsko-glazbenom programu i nastupu mostarskog kantautora Sanela Mari\u0107a Mare. Mara je jo\u0161 jednom pokazao za\u0161to ga doma\u0107a publika posebno cijeni \u2013 [&hellip;]","og_url":"https:\/\/exploremostar.ba\/en\/vecer-s-marom-i-najava-za-posljednji-dan\/","og_site_name":"exploremostar","article_published_time":"2025-08-02T06:38:40+00:00","og_image":[{"width":1600,"height":1068,"url":"https:\/\/exploremostar.ba\/wp-content\/uploads\/2025\/08\/Petak-TZ1.jpg","type":"image\/jpeg"}],"author":"Dino Jekic","twitter_card":"summary_large_image","twitter_misc":{"Written by":"Dino Jekic","Est. reading time":"3 minutes"},"schema":{"@context":"https:\/\/schema.org","@graph":[{"@type":"WebPage","@id":"https:\/\/exploremostar.ba\/vecer-s-marom-i-najava-za-posljednji-dan\/","url":"https:\/\/exploremostar.ba\/vecer-s-marom-i-najava-za-posljednji-dan\/","name":"Ve\u010der s Marom i najava za posljednji dan - exploremostar","isPartOf":{"@id":"https:\/\/exploremostar.ba\/#website"},"primaryImageOfPage":{"@id":"https:\/\/exploremostar.ba\/vecer-s-marom-i-najava-za-posljednji-dan\/#primaryimage"},"image":{"@id":"https:\/\/exploremostar.ba\/vecer-s-marom-i-najava-za-posljednji-dan\/#primaryimage"},"thumbnailUrl":"https:\/\/exploremostar.ba\/wp-content\/uploads\/2025\/08\/Petak-TZ1.jpg","datePublished":"2025-08-02T06:38:40+00:00","author":{"@id":"https:\/\/exploremostar.ba\/#\/schema\/person\/ba658e145ceeda3815df65d8fb9915c7"},"breadcrumb":{"@id":"https:\/\/exploremostar.ba\/vecer-s-marom-i-najava-za-posljednji-dan\/#breadcrumb"},"inLanguage":"en-US","potentialAction":[{"@type":"ReadAction","target":["https:\/\/exploremostar.ba\/vecer-s-marom-i-najava-za-posljednji-dan\/"]}]},{"@type":"ImageObject","inLanguage":"en-US","@id":"https:\/\/exploremostar.ba\/vecer-s-marom-i-najava-za-posljednji-dan\/#primaryimage","url":"https:\/\/exploremostar.ba\/wp-content\/uploads\/2025\/08\/Petak-TZ1.jpg","contentUrl":"https:\/\/exploremostar.ba\/wp-content\/uploads\/2025\/08\/Petak-TZ1.jpg","width":1600,"height":1068},{"@type":"BreadcrumbList","@id":"https:\/\/exploremostar.ba\/vecer-s-marom-i-najava-za-posljednji-dan\/#breadcrumb","itemListElement":[{"@type":"ListItem","position":1,"name":"Home","item":"https:\/\/exploremostar.ba\/"},{"@type":"ListItem","position":2,"name":"Ve\u010der s Marom i najava za posljednji dan"}]},{"@type":"WebSite","@id":"https:\/\/exploremostar.ba\/#website","url":"https:\/\/exploremostar.ba\/","name":"exploremostar","description":"Where bridges tell stories","potentialAction":[{"@type":"SearchAction","target":{"@type":"EntryPoint","urlTemplate":"https:\/\/exploremostar.ba\/?s={search_term_string}"},"query-input":{"@type":"PropertyValueSpecification","valueRequired":true,"valueName":"search_term_string"}}],"inLanguage":"en-US"},{"@type":"Person","@id":"https:\/\/exploremostar.ba\/#\/schema\/person\/ba658e145ceeda3815df65d8fb9915c7","name":"Dino Jekic","image":{"@type":"ImageObject","inLanguage":"en-US","@id":"https:\/\/exploremostar.ba\/#\/schema\/person\/image\/","url":"https:\/\/secure.gravatar.com\/avatar\/069d3f51f3e6bcef26bc4581da3ae12333ce97dcefaf5b817593df50933bfefb?s=96&d=https%3A%2F%2Fui-avatars.com%2Fapi%2FDino%20JekicDino%2F96%2F546de5%2Ffff%2F1%2F0.4%2F%2F1%2F1&r=g","contentUrl":"https:\/\/secure.gravatar.com\/avatar\/069d3f51f3e6bcef26bc4581da3ae12333ce97dcefaf5b817593df50933bfefb?s=96&d=https%3A%2F%2Fui-avatars.com%2Fapi%2FDino%20JekicDino%2F96%2F546de5%2Ffff%2F1%2F0.4%2F%2F1%2F1&r=g","caption":"Dino Jekic"},"url":"https:\/\/exploremostar.ba\/en\/author\/dino\/"}]}},"rttpg_featured_image_url":{"full":["https:\/\/exploremostar.ba\/wp-content\/uploads\/2025\/08\/Petak-TZ1.jpg",1600,1068,false],"landscape":["https:\/\/exploremostar.ba\/wp-content\/uploads\/2025\/08\/Petak-TZ1.jpg",1600,1068,false],"portraits":["https:\/\/exploremostar.ba\/wp-content\/uploads\/2025\/08\/Petak-TZ1.jpg",1600,1068,false],"thumbnail":["https:\/\/exploremostar.ba\/wp-content\/uploads\/2025\/08\/Petak-TZ1-150x150.jpg",150,150,true],"medium":["https:\/\/exploremostar.ba\/wp-content\/uploads\/2025\/08\/Petak-TZ1-300x200.jpg",300,200,true],"large":["https:\/\/exploremostar.ba\/wp-content\/uploads\/2025\/08\/Petak-TZ1-1024x684.jpg",1024,684,true],"1536x1536":["https:\/\/exploremostar.ba\/wp-content\/uploads\/2025\/08\/Petak-TZ1-1536x1025.jpg",1536,1025,true],"2048x2048":["https:\/\/exploremostar.ba\/wp-content\/uploads\/2025\/08\/Petak-TZ1.jpg",1600,1068,false],"trp-custom-language-flag":["https:\/\/exploremostar.ba\/wp-content\/uploads\/2025\/08\/Petak-TZ1-18x12.jpg",18,12,true],"woocommerce_thumbnail":["https:\/\/exploremostar.ba\/wp-content\/uploads\/2025\/08\/Petak-TZ1-300x300.jpg",300,300,true],"woocommerce_single":["https:\/\/exploremostar.ba\/wp-content\/uploads\/2025\/08\/Petak-TZ1-600x401.jpg",600,401,true],"woocommerce_gallery_thumbnail":["https:\/\/exploremostar.ba\/wp-content\/uploads\/2025\/08\/Petak-TZ1-100x100.jpg",100,100,true],"rt_custom":["https:\/\/exploremostar.ba\/wp-content\/uploads\/2025\/08\/Petak-TZ1.jpg",1600,1068,false]},"rttpg_author":{"display_name":"Dino Jekic","author_link":"https:\/\/exploremostar.ba\/en\/author\/dino\/"},"rttpg_comment":0,"rttpg_category":"<a href=\"https:\/\/exploremostar.ba\/en\/post-category\/pozitivne-price\/\" rel=\"category tag\">Pozitivne pri\u010de<\/a>","rttpg_excerpt":"U sklopu ljetne manifestacije \u201eLjeto s Turisti\u010dkom zajednicom Mostar\u201c, u petak 1.8.2025. godine plato iza ku\u0107e Mujage Komadine ponovno je bio sredi\u0161te kulturnih doga\u0111anja. Ve\u010der je obilje\u017eena odli\u010dnim odazivom publike, koja je u\u017eivala u filmsko-glazbenom programu i nastupu mostarskog kantautora Sanela Mari\u0107a Mare. Mara je jo\u0161 jednom pokazao za\u0161to ga doma\u0107a publika posebno cijeni \u2013&hellip;","acf":[],"_links":{"self":[{"href":"https:\/\/exploremostar.ba\/en\/wp-json\/wp\/v2\/posts\/5157","targetHints":{"allow":["GET"]}}],"collection":[{"href":"https:\/\/exploremostar.ba\/en\/wp-json\/wp\/v2\/posts"}],"about":[{"href":"https:\/\/exploremostar.ba\/en\/wp-json\/wp\/v2\/types\/post"}],"author":[{"embeddable":true,"href":"https:\/\/exploremostar.ba\/en\/wp-json\/wp\/v2\/users\/11"}],"replies":[{"embeddable":true,"href":"https:\/\/exploremostar.ba\/en\/wp-json\/wp\/v2\/comments?post=5157"}],"version-history":[{"count":2,"href":"https:\/\/exploremostar.ba\/en\/wp-json\/wp\/v2\/posts\/5157\/revisions"}],"predecessor-version":[{"id":5165,"href":"https:\/\/exploremostar.ba\/en\/wp-json\/wp\/v2\/posts\/5157\/revisions\/5165"}],"wp:featuredmedia":[{"embeddable":true,"href":"https:\/\/exploremostar.ba\/en\/wp-json\/wp\/v2\/media\/5158"}],"wp:attachment":[{"href":"https:\/\/exploremostar.ba\/en\/wp-json\/wp\/v2\/media?parent=5157"}],"wp:term":[{"taxonomy":"category","embeddable":true,"href":"https:\/\/exploremostar.ba\/en\/wp-json\/wp\/v2\/categories?post=5157"},{"taxonomy":"post_tag","embeddable":true,"href":"https:\/\/exploremostar.ba\/en\/wp-json\/wp\/v2\/tags?post=5157"}],"curies":[{"name":"wp","href":"https:\/\/api.w.org\/{rel}","templated":true}]}}