{"id":5148,"date":"2025-08-01T09:06:49","date_gmt":"2025-08-01T08:06:49","guid":{"rendered":"https:\/\/exploremostar.ba\/?p=5148"},"modified":"2025-08-01T09:06:49","modified_gmt":"2025-08-01T08:06:49","slug":"vecer-poezije-i-filma-odusevila-publiku-u-petak-nastavljamo-uz-sanela-marica-maru","status":"publish","type":"post","link":"https:\/\/exploremostar.ba\/en\/vecer-poezije-i-filma-odusevila-publiku-u-petak-nastavljamo-uz-sanela-marica-maru\/","title":{"rendered":"The evening of poetry and film delighted the audience - on Friday we continue with Sanel Mari\u0107 Mara"},"content":{"rendered":"<p>As part of the summer event &quot;Summer with the Mostar Tourist Board&quot;, Thursday evening was also marked by an exceptional atmosphere on the plateau behind Mujaga Komadina&#039;s house. Art lovers enjoyed the combination of poetry and film - the evening was opened by poets Sanela Kuko, Sanela \u010copelj, Arnela Dabi\u0107 and Edita Mulaosmanovi\u0107, while the Swiss comedy &quot;Bonjour Switzerland&quot; further complemented the cultural atmosphere.<\/p>\n<p>The literary block was concluded by Mirko Bo\u017ei\u0107, Marko Toma\u0161, Anita Pajevi\u0107 and Adnan \u017detica, presenting a cross-section of the contemporary Mostar literary scene.<\/p>\n<p>Tonight&#039;s program was proof of how much the combination of different arts can bring the audience closer and create a sense of community in the heart of summer.<\/p>\n<p>The program continues on Friday, August 1, 2025, when all visitors can expect the continuation of film and music evenings. At the same place, on the plateau behind Mujaga Komadine&#039;s house, we will show the Italian film &quot;Tramite Amicizia&quot;, followed by a performance by the Mostar singer-songwriter Sanel Mari\u0107 Mara.<\/p>\n<p>We would like to remind you that the event ends on Saturday, August 2, with a ceremonial finale that includes the completion of the mural in cooperation with the Rezon association, a film screening, and a musical performance by DJ Lubnya, which will symbolically close this creative and meaningful summer with the Tourist Board of the City of Mostar.<\/p>\n<p>Admission to all events is free. For the latest information and possible changes, follow the official website and social networks of the Tourist Board of the City of Mostar.<\/p>\n<p><img fetchpriority=\"high\" decoding=\"async\" class=\"alignnone size-medium wp-image-5152\" src=\"https:\/\/exploremostar.ba\/wp-content\/uploads\/2025\/08\/cetvrtak-TZ4-300x225.jpg\" alt=\"\" width=\"300\" height=\"225\" srcset=\"https:\/\/exploremostar.ba\/wp-content\/uploads\/2025\/08\/cetvrtak-TZ4-300x225.jpg 300w, https:\/\/exploremostar.ba\/wp-content\/uploads\/2025\/08\/cetvrtak-TZ4-1024x768.jpg 1024w, https:\/\/exploremostar.ba\/wp-content\/uploads\/2025\/08\/cetvrtak-TZ4-768x576.jpg 768w, https:\/\/exploremostar.ba\/wp-content\/uploads\/2025\/08\/cetvrtak-TZ4-1536x1152.jpg 1536w, https:\/\/exploremostar.ba\/wp-content\/uploads\/2025\/08\/cetvrtak-TZ4-2048x1536.jpg 2048w, https:\/\/exploremostar.ba\/wp-content\/uploads\/2025\/08\/cetvrtak-TZ4-16x12.jpg 16w, https:\/\/exploremostar.ba\/wp-content\/uploads\/2025\/08\/cetvrtak-TZ4-600x450.jpg 600w\" sizes=\"(max-width: 300px) 100vw, 300px\" \/> <img decoding=\"async\" class=\"alignnone size-medium wp-image-5153\" src=\"https:\/\/exploremostar.ba\/wp-content\/uploads\/2025\/08\/Cetvrtak-TZ5-300x225.jpg\" alt=\"\" width=\"300\" height=\"225\" srcset=\"https:\/\/exploremostar.ba\/wp-content\/uploads\/2025\/08\/Cetvrtak-TZ5-300x225.jpg 300w, https:\/\/exploremostar.ba\/wp-content\/uploads\/2025\/08\/Cetvrtak-TZ5-1024x768.jpg 1024w, https:\/\/exploremostar.ba\/wp-content\/uploads\/2025\/08\/Cetvrtak-TZ5-768x576.jpg 768w, https:\/\/exploremostar.ba\/wp-content\/uploads\/2025\/08\/Cetvrtak-TZ5-1536x1152.jpg 1536w, https:\/\/exploremostar.ba\/wp-content\/uploads\/2025\/08\/Cetvrtak-TZ5-2048x1536.jpg 2048w, https:\/\/exploremostar.ba\/wp-content\/uploads\/2025\/08\/Cetvrtak-TZ5-16x12.jpg 16w, https:\/\/exploremostar.ba\/wp-content\/uploads\/2025\/08\/Cetvrtak-TZ5-600x450.jpg 600w\" sizes=\"(max-width: 300px) 100vw, 300px\" \/> <img decoding=\"async\" class=\"alignnone size-medium wp-image-5151\" src=\"https:\/\/exploremostar.ba\/wp-content\/uploads\/2025\/08\/Cetvrtak-TZ3-300x194.jpg\" alt=\"\" width=\"300\" height=\"194\" srcset=\"https:\/\/exploremostar.ba\/wp-content\/uploads\/2025\/08\/Cetvrtak-TZ3-300x194.jpg 300w, https:\/\/exploremostar.ba\/wp-content\/uploads\/2025\/08\/Cetvrtak-TZ3-1024x662.jpg 1024w, https:\/\/exploremostar.ba\/wp-content\/uploads\/2025\/08\/Cetvrtak-TZ3-768x496.jpg 768w, https:\/\/exploremostar.ba\/wp-content\/uploads\/2025\/08\/Cetvrtak-TZ3-1536x993.jpg 1536w, https:\/\/exploremostar.ba\/wp-content\/uploads\/2025\/08\/Cetvrtak-TZ3-2048x1324.jpg 2048w, https:\/\/exploremostar.ba\/wp-content\/uploads\/2025\/08\/Cetvrtak-TZ3-18x12.jpg 18w, https:\/\/exploremostar.ba\/wp-content\/uploads\/2025\/08\/Cetvrtak-TZ3-600x388.jpg 600w\" sizes=\"(max-width: 300px) 100vw, 300px\" \/> <img loading=\"lazy\" decoding=\"async\" class=\"alignnone size-medium wp-image-5150\" src=\"https:\/\/exploremostar.ba\/wp-content\/uploads\/2025\/08\/Cetvrtak-TZ2-300x225.jpg\" alt=\"\" width=\"300\" height=\"225\" srcset=\"https:\/\/exploremostar.ba\/wp-content\/uploads\/2025\/08\/Cetvrtak-TZ2-300x225.jpg 300w, https:\/\/exploremostar.ba\/wp-content\/uploads\/2025\/08\/Cetvrtak-TZ2-1024x768.jpg 1024w, https:\/\/exploremostar.ba\/wp-content\/uploads\/2025\/08\/Cetvrtak-TZ2-768x576.jpg 768w, https:\/\/exploremostar.ba\/wp-content\/uploads\/2025\/08\/Cetvrtak-TZ2-1536x1152.jpg 1536w, https:\/\/exploremostar.ba\/wp-content\/uploads\/2025\/08\/Cetvrtak-TZ2-2048x1536.jpg 2048w, https:\/\/exploremostar.ba\/wp-content\/uploads\/2025\/08\/Cetvrtak-TZ2-16x12.jpg 16w, https:\/\/exploremostar.ba\/wp-content\/uploads\/2025\/08\/Cetvrtak-TZ2-600x450.jpg 600w\" sizes=\"(max-width: 300px) 100vw, 300px\" \/> <img loading=\"lazy\" decoding=\"async\" class=\"alignnone size-medium wp-image-5149\" src=\"https:\/\/exploremostar.ba\/wp-content\/uploads\/2025\/08\/Cetvrtak-TZ1-300x225.jpg\" alt=\"\" width=\"300\" height=\"225\" srcset=\"https:\/\/exploremostar.ba\/wp-content\/uploads\/2025\/08\/Cetvrtak-TZ1-300x225.jpg 300w, https:\/\/exploremostar.ba\/wp-content\/uploads\/2025\/08\/Cetvrtak-TZ1-1024x768.jpg 1024w, https:\/\/exploremostar.ba\/wp-content\/uploads\/2025\/08\/Cetvrtak-TZ1-768x576.jpg 768w, https:\/\/exploremostar.ba\/wp-content\/uploads\/2025\/08\/Cetvrtak-TZ1-1536x1152.jpg 1536w, https:\/\/exploremostar.ba\/wp-content\/uploads\/2025\/08\/Cetvrtak-TZ1-2048x1536.jpg 2048w, https:\/\/exploremostar.ba\/wp-content\/uploads\/2025\/08\/Cetvrtak-TZ1-16x12.jpg 16w, https:\/\/exploremostar.ba\/wp-content\/uploads\/2025\/08\/Cetvrtak-TZ1-600x450.jpg 600w\" sizes=\"(max-width: 300px) 100vw, 300px\" \/><\/p>","protected":false},"excerpt":{"rendered":"<p>As part of the summer event &quot;Summer with the Mostar Tourist Board&quot;, Thursday evening was also marked by an exceptional atmosphere on the plateau behind Mujaga Komadina&#039;s house. Art lovers enjoyed the combination of poetry and film - the evening was opened by poets Sanela Kuko, Sanela \u010copelj, Arnela Dabi\u0107 and Edita Mulaosmanovi\u0107, while the Swiss comedy &quot;Bonjour Switzerland&quot; further complemented the cultural atmosphere. [\u2026]<\/p>","protected":false},"author":11,"featured_media":5151,"comment_status":"closed","ping_status":"open","sticky":false,"template":"","format":"standard","meta":{"footnotes":""},"categories":[100],"tags":[],"class_list":["post-5148","post","type-post","status-publish","format-standard","has-post-thumbnail","hentry","category-pozitivne-price"],"yoast_head":"<!-- This site is optimized with the Yoast SEO plugin v25.1 - https:\/\/yoast.com\/wordpress\/plugins\/seo\/ -->\n<title>Ve\u010der poezije i filma odu\u0161evila publiku \u2013 u petak nastavljamo uz Sanela Mari\u0107a Maru - exploremostar<\/title>\n<meta name=\"robots\" content=\"index, follow, max-snippet:-1, max-image-preview:large, max-video-preview:-1\" \/>\n<link rel=\"canonical\" href=\"https:\/\/exploremostar.ba\/en\/vecer-poezije-i-filma-odusevila-publiku-u-petak-nastavljamo-uz-sanela-marica-maru\/\" \/>\n<meta property=\"og:locale\" content=\"en_US\" \/>\n<meta property=\"og:type\" content=\"article\" \/>\n<meta property=\"og:title\" content=\"Ve\u010der poezije i filma odu\u0161evila publiku \u2013 u petak nastavljamo uz Sanela Mari\u0107a Maru - exploremostar\" \/>\n<meta property=\"og:description\" content=\"U sklopu ljetne manifestacije \u201eLjeto s Turisti\u010dkom zajednicom Mostar\u201c, i \u010detvrtak nave\u010der obilje\u017een je iznimnom atmosferom na platou iza ku\u0107e Mujage Komadine. Ljubitelji umjetnosti u\u017eivali su u spoju poezije i filma \u2013 ve\u010der su otvorile pjesnikinje Sanela Kuko, Sanela \u010copelj, Arnela Dabi\u0107 i Edita Mulaosmanovi\u0107, dok je \u0161vicarska komedija \u201eBonjour Switzerland\u201c dodatno upotpunila kulturni ugo\u0111aj. [&hellip;]\" \/>\n<meta property=\"og:url\" content=\"https:\/\/exploremostar.ba\/en\/vecer-poezije-i-filma-odusevila-publiku-u-petak-nastavljamo-uz-sanela-marica-maru\/\" \/>\n<meta property=\"og:site_name\" content=\"exploremostar\" \/>\n<meta property=\"article:published_time\" content=\"2025-08-01T08:06:49+00:00\" \/>\n<meta property=\"og:image\" content=\"https:\/\/exploremostar.ba\/wp-content\/uploads\/2025\/08\/Cetvrtak-TZ3-scaled.jpg\" \/>\n\t<meta property=\"og:image:width\" content=\"2560\" \/>\n\t<meta property=\"og:image:height\" content=\"1655\" \/>\n\t<meta property=\"og:image:type\" content=\"image\/jpeg\" \/>\n<meta name=\"author\" content=\"Dino Jekic\" \/>\n<meta name=\"twitter:card\" content=\"summary_large_image\" \/>\n<meta name=\"twitter:label1\" content=\"Written by\" \/>\n\t<meta name=\"twitter:data1\" content=\"Dino Jekic\" \/>\n\t<meta name=\"twitter:label2\" content=\"Est. reading time\" \/>\n\t<meta name=\"twitter:data2\" content=\"3 minutes\" \/>\n<script type=\"application\/ld+json\" class=\"yoast-schema-graph\">{\"@context\":\"https:\/\/schema.org\",\"@graph\":[{\"@type\":\"WebPage\",\"@id\":\"https:\/\/exploremostar.ba\/vecer-poezije-i-filma-odusevila-publiku-u-petak-nastavljamo-uz-sanela-marica-maru\/\",\"url\":\"https:\/\/exploremostar.ba\/vecer-poezije-i-filma-odusevila-publiku-u-petak-nastavljamo-uz-sanela-marica-maru\/\",\"name\":\"Ve\u010der poezije i filma odu\u0161evila publiku \u2013 u petak nastavljamo uz Sanela Mari\u0107a Maru - exploremostar\",\"isPartOf\":{\"@id\":\"https:\/\/exploremostar.ba\/#website\"},\"primaryImageOfPage\":{\"@id\":\"https:\/\/exploremostar.ba\/vecer-poezije-i-filma-odusevila-publiku-u-petak-nastavljamo-uz-sanela-marica-maru\/#primaryimage\"},\"image\":{\"@id\":\"https:\/\/exploremostar.ba\/vecer-poezije-i-filma-odusevila-publiku-u-petak-nastavljamo-uz-sanela-marica-maru\/#primaryimage\"},\"thumbnailUrl\":\"https:\/\/exploremostar.ba\/wp-content\/uploads\/2025\/08\/Cetvrtak-TZ3-scaled.jpg\",\"datePublished\":\"2025-08-01T08:06:49+00:00\",\"author\":{\"@id\":\"https:\/\/exploremostar.ba\/#\/schema\/person\/ba658e145ceeda3815df65d8fb9915c7\"},\"breadcrumb\":{\"@id\":\"https:\/\/exploremostar.ba\/vecer-poezije-i-filma-odusevila-publiku-u-petak-nastavljamo-uz-sanela-marica-maru\/#breadcrumb\"},\"inLanguage\":\"en-US\",\"potentialAction\":[{\"@type\":\"ReadAction\",\"target\":[\"https:\/\/exploremostar.ba\/vecer-poezije-i-filma-odusevila-publiku-u-petak-nastavljamo-uz-sanela-marica-maru\/\"]}]},{\"@type\":\"ImageObject\",\"inLanguage\":\"en-US\",\"@id\":\"https:\/\/exploremostar.ba\/vecer-poezije-i-filma-odusevila-publiku-u-petak-nastavljamo-uz-sanela-marica-maru\/#primaryimage\",\"url\":\"https:\/\/exploremostar.ba\/wp-content\/uploads\/2025\/08\/Cetvrtak-TZ3-scaled.jpg\",\"contentUrl\":\"https:\/\/exploremostar.ba\/wp-content\/uploads\/2025\/08\/Cetvrtak-TZ3-scaled.jpg\",\"width\":2560,\"height\":1655},{\"@type\":\"BreadcrumbList\",\"@id\":\"https:\/\/exploremostar.ba\/vecer-poezije-i-filma-odusevila-publiku-u-petak-nastavljamo-uz-sanela-marica-maru\/#breadcrumb\",\"itemListElement\":[{\"@type\":\"ListItem\",\"position\":1,\"name\":\"Home\",\"item\":\"https:\/\/exploremostar.ba\/\"},{\"@type\":\"ListItem\",\"position\":2,\"name\":\"Ve\u010der poezije i filma odu\u0161evila publiku \u2013 u petak nastavljamo uz Sanela Mari\u0107a Maru\"}]},{\"@type\":\"WebSite\",\"@id\":\"https:\/\/exploremostar.ba\/#website\",\"url\":\"https:\/\/exploremostar.ba\/\",\"name\":\"exploremostar\",\"description\":\"Where bridges tell stories\",\"potentialAction\":[{\"@type\":\"SearchAction\",\"target\":{\"@type\":\"EntryPoint\",\"urlTemplate\":\"https:\/\/exploremostar.ba\/?s={search_term_string}\"},\"query-input\":{\"@type\":\"PropertyValueSpecification\",\"valueRequired\":true,\"valueName\":\"search_term_string\"}}],\"inLanguage\":\"en-US\"},{\"@type\":\"Person\",\"@id\":\"https:\/\/exploremostar.ba\/#\/schema\/person\/ba658e145ceeda3815df65d8fb9915c7\",\"name\":\"Dino Jekic\",\"image\":{\"@type\":\"ImageObject\",\"inLanguage\":\"en-US\",\"@id\":\"https:\/\/exploremostar.ba\/#\/schema\/person\/image\/\",\"url\":\"https:\/\/secure.gravatar.com\/avatar\/069d3f51f3e6bcef26bc4581da3ae12333ce97dcefaf5b817593df50933bfefb?s=96&d=https%3A%2F%2Fui-avatars.com%2Fapi%2FDino%20JekicDino%2F96%2F546de5%2Ffff%2F1%2F0.4%2F%2F1%2F1&r=g\",\"contentUrl\":\"https:\/\/secure.gravatar.com\/avatar\/069d3f51f3e6bcef26bc4581da3ae12333ce97dcefaf5b817593df50933bfefb?s=96&d=https%3A%2F%2Fui-avatars.com%2Fapi%2FDino%20JekicDino%2F96%2F546de5%2Ffff%2F1%2F0.4%2F%2F1%2F1&r=g\",\"caption\":\"Dino Jekic\"},\"url\":\"https:\/\/exploremostar.ba\/en\/author\/dino\/\"}]}<\/script>\n<!-- \/ Yoast SEO plugin. -->","yoast_head_json":{"title":"Ve\u010der poezije i filma odu\u0161evila publiku \u2013 u petak nastavljamo uz Sanela Mari\u0107a Maru - exploremostar","robots":{"index":"index","follow":"follow","max-snippet":"max-snippet:-1","max-image-preview":"max-image-preview:large","max-video-preview":"max-video-preview:-1"},"canonical":"https:\/\/exploremostar.ba\/en\/vecer-poezije-i-filma-odusevila-publiku-u-petak-nastavljamo-uz-sanela-marica-maru\/","og_locale":"en_US","og_type":"article","og_title":"Ve\u010der poezije i filma odu\u0161evila publiku \u2013 u petak nastavljamo uz Sanela Mari\u0107a Maru - exploremostar","og_description":"U sklopu ljetne manifestacije \u201eLjeto s Turisti\u010dkom zajednicom Mostar\u201c, i \u010detvrtak nave\u010der obilje\u017een je iznimnom atmosferom na platou iza ku\u0107e Mujage Komadine. Ljubitelji umjetnosti u\u017eivali su u spoju poezije i filma \u2013 ve\u010der su otvorile pjesnikinje Sanela Kuko, Sanela \u010copelj, Arnela Dabi\u0107 i Edita Mulaosmanovi\u0107, dok je \u0161vicarska komedija \u201eBonjour Switzerland\u201c dodatno upotpunila kulturni ugo\u0111aj. [&hellip;]","og_url":"https:\/\/exploremostar.ba\/en\/vecer-poezije-i-filma-odusevila-publiku-u-petak-nastavljamo-uz-sanela-marica-maru\/","og_site_name":"exploremostar","article_published_time":"2025-08-01T08:06:49+00:00","og_image":[{"width":2560,"height":1655,"url":"https:\/\/exploremostar.ba\/wp-content\/uploads\/2025\/08\/Cetvrtak-TZ3-scaled.jpg","type":"image\/jpeg"}],"author":"Dino Jekic","twitter_card":"summary_large_image","twitter_misc":{"Written by":"Dino Jekic","Est. reading time":"3 minutes"},"schema":{"@context":"https:\/\/schema.org","@graph":[{"@type":"WebPage","@id":"https:\/\/exploremostar.ba\/vecer-poezije-i-filma-odusevila-publiku-u-petak-nastavljamo-uz-sanela-marica-maru\/","url":"https:\/\/exploremostar.ba\/vecer-poezije-i-filma-odusevila-publiku-u-petak-nastavljamo-uz-sanela-marica-maru\/","name":"Ve\u010der poezije i filma odu\u0161evila publiku \u2013 u petak nastavljamo uz Sanela Mari\u0107a Maru - exploremostar","isPartOf":{"@id":"https:\/\/exploremostar.ba\/#website"},"primaryImageOfPage":{"@id":"https:\/\/exploremostar.ba\/vecer-poezije-i-filma-odusevila-publiku-u-petak-nastavljamo-uz-sanela-marica-maru\/#primaryimage"},"image":{"@id":"https:\/\/exploremostar.ba\/vecer-poezije-i-filma-odusevila-publiku-u-petak-nastavljamo-uz-sanela-marica-maru\/#primaryimage"},"thumbnailUrl":"https:\/\/exploremostar.ba\/wp-content\/uploads\/2025\/08\/Cetvrtak-TZ3-scaled.jpg","datePublished":"2025-08-01T08:06:49+00:00","author":{"@id":"https:\/\/exploremostar.ba\/#\/schema\/person\/ba658e145ceeda3815df65d8fb9915c7"},"breadcrumb":{"@id":"https:\/\/exploremostar.ba\/vecer-poezije-i-filma-odusevila-publiku-u-petak-nastavljamo-uz-sanela-marica-maru\/#breadcrumb"},"inLanguage":"en-US","potentialAction":[{"@type":"ReadAction","target":["https:\/\/exploremostar.ba\/vecer-poezije-i-filma-odusevila-publiku-u-petak-nastavljamo-uz-sanela-marica-maru\/"]}]},{"@type":"ImageObject","inLanguage":"en-US","@id":"https:\/\/exploremostar.ba\/vecer-poezije-i-filma-odusevila-publiku-u-petak-nastavljamo-uz-sanela-marica-maru\/#primaryimage","url":"https:\/\/exploremostar.ba\/wp-content\/uploads\/2025\/08\/Cetvrtak-TZ3-scaled.jpg","contentUrl":"https:\/\/exploremostar.ba\/wp-content\/uploads\/2025\/08\/Cetvrtak-TZ3-scaled.jpg","width":2560,"height":1655},{"@type":"BreadcrumbList","@id":"https:\/\/exploremostar.ba\/vecer-poezije-i-filma-odusevila-publiku-u-petak-nastavljamo-uz-sanela-marica-maru\/#breadcrumb","itemListElement":[{"@type":"ListItem","position":1,"name":"Home","item":"https:\/\/exploremostar.ba\/"},{"@type":"ListItem","position":2,"name":"Ve\u010der poezije i filma odu\u0161evila publiku \u2013 u petak nastavljamo uz Sanela Mari\u0107a Maru"}]},{"@type":"WebSite","@id":"https:\/\/exploremostar.ba\/#website","url":"https:\/\/exploremostar.ba\/","name":"exploremostar","description":"Where bridges tell stories","potentialAction":[{"@type":"SearchAction","target":{"@type":"EntryPoint","urlTemplate":"https:\/\/exploremostar.ba\/?s={search_term_string}"},"query-input":{"@type":"PropertyValueSpecification","valueRequired":true,"valueName":"search_term_string"}}],"inLanguage":"en-US"},{"@type":"Person","@id":"https:\/\/exploremostar.ba\/#\/schema\/person\/ba658e145ceeda3815df65d8fb9915c7","name":"Dino Jekic","image":{"@type":"ImageObject","inLanguage":"en-US","@id":"https:\/\/exploremostar.ba\/#\/schema\/person\/image\/","url":"https:\/\/secure.gravatar.com\/avatar\/069d3f51f3e6bcef26bc4581da3ae12333ce97dcefaf5b817593df50933bfefb?s=96&d=https%3A%2F%2Fui-avatars.com%2Fapi%2FDino%20JekicDino%2F96%2F546de5%2Ffff%2F1%2F0.4%2F%2F1%2F1&r=g","contentUrl":"https:\/\/secure.gravatar.com\/avatar\/069d3f51f3e6bcef26bc4581da3ae12333ce97dcefaf5b817593df50933bfefb?s=96&d=https%3A%2F%2Fui-avatars.com%2Fapi%2FDino%20JekicDino%2F96%2F546de5%2Ffff%2F1%2F0.4%2F%2F1%2F1&r=g","caption":"Dino Jekic"},"url":"https:\/\/exploremostar.ba\/en\/author\/dino\/"}]}},"rttpg_featured_image_url":{"full":["https:\/\/exploremostar.ba\/wp-content\/uploads\/2025\/08\/Cetvrtak-TZ3-scaled.jpg",2560,1655,false],"landscape":["https:\/\/exploremostar.ba\/wp-content\/uploads\/2025\/08\/Cetvrtak-TZ3-scaled.jpg",2560,1655,false],"portraits":["https:\/\/exploremostar.ba\/wp-content\/uploads\/2025\/08\/Cetvrtak-TZ3-scaled.jpg",2560,1655,false],"thumbnail":["https:\/\/exploremostar.ba\/wp-content\/uploads\/2025\/08\/Cetvrtak-TZ3-150x150.jpg",150,150,true],"medium":["https:\/\/exploremostar.ba\/wp-content\/uploads\/2025\/08\/Cetvrtak-TZ3-300x194.jpg",300,194,true],"large":["https:\/\/exploremostar.ba\/wp-content\/uploads\/2025\/08\/Cetvrtak-TZ3-1024x662.jpg",1024,662,true],"1536x1536":["https:\/\/exploremostar.ba\/wp-content\/uploads\/2025\/08\/Cetvrtak-TZ3-1536x993.jpg",1536,993,true],"2048x2048":["https:\/\/exploremostar.ba\/wp-content\/uploads\/2025\/08\/Cetvrtak-TZ3-2048x1324.jpg",2048,1324,true],"trp-custom-language-flag":["https:\/\/exploremostar.ba\/wp-content\/uploads\/2025\/08\/Cetvrtak-TZ3-18x12.jpg",18,12,true],"woocommerce_thumbnail":["https:\/\/exploremostar.ba\/wp-content\/uploads\/2025\/08\/Cetvrtak-TZ3-300x300.jpg",300,300,true],"woocommerce_single":["https:\/\/exploremostar.ba\/wp-content\/uploads\/2025\/08\/Cetvrtak-TZ3-600x388.jpg",600,388,true],"woocommerce_gallery_thumbnail":["https:\/\/exploremostar.ba\/wp-content\/uploads\/2025\/08\/Cetvrtak-TZ3-100x100.jpg",100,100,true],"rt_custom":["https:\/\/exploremostar.ba\/wp-content\/uploads\/2025\/08\/Cetvrtak-TZ3-scaled.jpg",2560,1655,false]},"rttpg_author":{"display_name":"Dino Jekic","author_link":"https:\/\/exploremostar.ba\/en\/author\/dino\/"},"rttpg_comment":0,"rttpg_category":"<a href=\"https:\/\/exploremostar.ba\/en\/post-category\/pozitivne-price\/\" rel=\"category tag\">Pozitivne pri\u010de<\/a>","rttpg_excerpt":"U sklopu ljetne manifestacije \u201eLjeto s Turisti\u010dkom zajednicom Mostar\u201c, i \u010detvrtak nave\u010der obilje\u017een je iznimnom atmosferom na platou iza ku\u0107e Mujage Komadine. Ljubitelji umjetnosti u\u017eivali su u spoju poezije i filma \u2013 ve\u010der su otvorile pjesnikinje Sanela Kuko, Sanela \u010copelj, Arnela Dabi\u0107 i Edita Mulaosmanovi\u0107, dok je \u0161vicarska komedija \u201eBonjour Switzerland\u201c dodatno upotpunila kulturni ugo\u0111aj.&hellip;","acf":[],"_links":{"self":[{"href":"https:\/\/exploremostar.ba\/en\/wp-json\/wp\/v2\/posts\/5148","targetHints":{"allow":["GET"]}}],"collection":[{"href":"https:\/\/exploremostar.ba\/en\/wp-json\/wp\/v2\/posts"}],"about":[{"href":"https:\/\/exploremostar.ba\/en\/wp-json\/wp\/v2\/types\/post"}],"author":[{"embeddable":true,"href":"https:\/\/exploremostar.ba\/en\/wp-json\/wp\/v2\/users\/11"}],"replies":[{"embeddable":true,"href":"https:\/\/exploremostar.ba\/en\/wp-json\/wp\/v2\/comments?post=5148"}],"version-history":[{"count":1,"href":"https:\/\/exploremostar.ba\/en\/wp-json\/wp\/v2\/posts\/5148\/revisions"}],"predecessor-version":[{"id":5154,"href":"https:\/\/exploremostar.ba\/en\/wp-json\/wp\/v2\/posts\/5148\/revisions\/5154"}],"wp:featuredmedia":[{"embeddable":true,"href":"https:\/\/exploremostar.ba\/en\/wp-json\/wp\/v2\/media\/5151"}],"wp:attachment":[{"href":"https:\/\/exploremostar.ba\/en\/wp-json\/wp\/v2\/media?parent=5148"}],"wp:term":[{"taxonomy":"category","embeddable":true,"href":"https:\/\/exploremostar.ba\/en\/wp-json\/wp\/v2\/categories?post=5148"},{"taxonomy":"post_tag","embeddable":true,"href":"https:\/\/exploremostar.ba\/en\/wp-json\/wp\/v2\/tags?post=5148"}],"curies":[{"name":"wp","href":"https:\/\/api.w.org\/{rel}","templated":true}]}}