{"id":5138,"date":"2025-07-31T08:48:43","date_gmt":"2025-07-31T07:48:43","guid":{"rendered":"https:\/\/exploremostar.ba\/?p=5138"},"modified":"2025-07-31T08:51:40","modified_gmt":"2025-07-31T07:51:40","slug":"sjajna-atmosfera-na-filmskim-i-glazbenim-vecerima-slijedi-poetska-vecer","status":"publish","type":"post","link":"https:\/\/exploremostar.ba\/en\/sjajna-atmosfera-na-filmskim-i-glazbenim-vecerima-slijedi-poetska-vecer\/","title":{"rendered":"Mural, film, music under the stars - a poetic evening follows"},"content":{"rendered":"<p>The summer event &quot;Summer with the Mostar Tourist Board&quot; continues to enrich the city&#039;s cultural offer through a diverse outdoor program, gathering audiences of all generations.<\/p>\n<p>On Wednesday, July 30, 2025, the plateau behind Mujaga Komadine&#039;s house was once again the meeting place of film and music. The evening opened with the Spanish film &quot;Maslina&quot;, and continued with an energetic music set by DJ Amir Groove, who kept the Mostar crowd dancing until late.<\/p>\n<p>During the day, visitors had the opportunity to participate in the creation of a mural in cooperation with the association Rezon, which further enriched the event with interactive artistic content.<\/p>\n<p>The program continues tonight, Thursday, July 31, 2025, when visitors can expect a rich cultural content that combines poetry and film.<\/p>\n<p>At 7:30 pm, poets Sanela Kuko, Sanela \u010copelj, Arnela Dabi\u0107 and Edita Mulaosmanovi\u0107 will present their work.<\/p>\n<p>At 20 and 30, film lovers will have the opportunity to watch the Swiss comedy &quot;Bonjour Switzerland&quot;.<\/p>\n<p>On the plateau behind Mujaga Komadine&#039;s house, the Mostar literary scene will be presented from 10:00 PM by Mirko Bo\u017ei\u0107, Marko Toma\u0161, Anita Pajevi\u0107 and Adnan \u017detica.<\/p>\n<p>The event continues in the coming days with screenings of European films, DJ sets and a concert by Mostar singer-songwriter Sanel Mari\u0107 Mara. &#039;&#039;Summer with the Tourist Board of the City of Mostar&#039;&#039; will close on Saturday, August 2, 2025, with the completion of the Rezon mural and another film screening and a performance by DJ Lubnya.<\/p>\n<p>Admission to all events is free.<\/p>\n<p>For daily announcements and possible changes, follow the official pages and social networks of the Tourist Board of the City of Mostar.<\/p>\n<p><img fetchpriority=\"high\" decoding=\"async\" class=\"alignnone size-medium wp-image-5139\" src=\"https:\/\/exploremostar.ba\/wp-content\/uploads\/2025\/07\/SrijedaTZ1-300x225.jpg\" alt=\"\" width=\"300\" height=\"225\" srcset=\"https:\/\/exploremostar.ba\/wp-content\/uploads\/2025\/07\/SrijedaTZ1-300x225.jpg 300w, https:\/\/exploremostar.ba\/wp-content\/uploads\/2025\/07\/SrijedaTZ1-1024x768.jpg 1024w, https:\/\/exploremostar.ba\/wp-content\/uploads\/2025\/07\/SrijedaTZ1-768x576.jpg 768w, https:\/\/exploremostar.ba\/wp-content\/uploads\/2025\/07\/SrijedaTZ1-1536x1152.jpg 1536w, https:\/\/exploremostar.ba\/wp-content\/uploads\/2025\/07\/SrijedaTZ1-2048x1536.jpg 2048w, https:\/\/exploremostar.ba\/wp-content\/uploads\/2025\/07\/SrijedaTZ1-16x12.jpg 16w, https:\/\/exploremostar.ba\/wp-content\/uploads\/2025\/07\/SrijedaTZ1-600x450.jpg 600w\" sizes=\"(max-width: 300px) 100vw, 300px\" \/> <img decoding=\"async\" class=\"alignnone size-medium wp-image-5140\" src=\"https:\/\/exploremostar.ba\/wp-content\/uploads\/2025\/07\/Srijeda-TZ2-300x225.jpg\" alt=\"\" width=\"300\" height=\"225\" srcset=\"https:\/\/exploremostar.ba\/wp-content\/uploads\/2025\/07\/Srijeda-TZ2-300x225.jpg 300w, https:\/\/exploremostar.ba\/wp-content\/uploads\/2025\/07\/Srijeda-TZ2-1024x768.jpg 1024w, https:\/\/exploremostar.ba\/wp-content\/uploads\/2025\/07\/Srijeda-TZ2-768x576.jpg 768w, https:\/\/exploremostar.ba\/wp-content\/uploads\/2025\/07\/Srijeda-TZ2-1536x1152.jpg 1536w, https:\/\/exploremostar.ba\/wp-content\/uploads\/2025\/07\/Srijeda-TZ2-16x12.jpg 16w, https:\/\/exploremostar.ba\/wp-content\/uploads\/2025\/07\/Srijeda-TZ2-600x450.jpg 600w, https:\/\/exploremostar.ba\/wp-content\/uploads\/2025\/07\/Srijeda-TZ2.jpg 2048w\" sizes=\"(max-width: 300px) 100vw, 300px\" \/> <img decoding=\"async\" class=\"alignnone size-medium wp-image-5141\" src=\"https:\/\/exploremostar.ba\/wp-content\/uploads\/2025\/07\/Srijeda-TZ3-300x207.jpg\" alt=\"\" width=\"300\" height=\"207\" srcset=\"https:\/\/exploremostar.ba\/wp-content\/uploads\/2025\/07\/Srijeda-TZ3-300x207.jpg 300w, https:\/\/exploremostar.ba\/wp-content\/uploads\/2025\/07\/Srijeda-TZ3-1024x707.jpg 1024w, https:\/\/exploremostar.ba\/wp-content\/uploads\/2025\/07\/Srijeda-TZ3-768x530.jpg 768w, https:\/\/exploremostar.ba\/wp-content\/uploads\/2025\/07\/Srijeda-TZ3-1536x1060.jpg 1536w, https:\/\/exploremostar.ba\/wp-content\/uploads\/2025\/07\/Srijeda-TZ3-2048x1414.jpg 2048w, https:\/\/exploremostar.ba\/wp-content\/uploads\/2025\/07\/Srijeda-TZ3-18x12.jpg 18w, https:\/\/exploremostar.ba\/wp-content\/uploads\/2025\/07\/Srijeda-TZ3-600x414.jpg 600w\" sizes=\"(max-width: 300px) 100vw, 300px\" \/> <img loading=\"lazy\" decoding=\"async\" class=\"alignnone size-medium wp-image-5142\" src=\"https:\/\/exploremostar.ba\/wp-content\/uploads\/2025\/07\/Srijeda-TZ4-300x229.jpg\" alt=\"\" width=\"300\" height=\"229\" srcset=\"https:\/\/exploremostar.ba\/wp-content\/uploads\/2025\/07\/Srijeda-TZ4-300x229.jpg 300w, https:\/\/exploremostar.ba\/wp-content\/uploads\/2025\/07\/Srijeda-TZ4-1024x781.jpg 1024w, https:\/\/exploremostar.ba\/wp-content\/uploads\/2025\/07\/Srijeda-TZ4-768x586.jpg 768w, https:\/\/exploremostar.ba\/wp-content\/uploads\/2025\/07\/Srijeda-TZ4-1536x1171.jpg 1536w, https:\/\/exploremostar.ba\/wp-content\/uploads\/2025\/07\/Srijeda-TZ4-2048x1561.jpg 2048w, https:\/\/exploremostar.ba\/wp-content\/uploads\/2025\/07\/Srijeda-TZ4-16x12.jpg 16w, https:\/\/exploremostar.ba\/wp-content\/uploads\/2025\/07\/Srijeda-TZ4-600x457.jpg 600w\" sizes=\"(max-width: 300px) 100vw, 300px\" \/><\/p>","protected":false},"excerpt":{"rendered":"<p>The summer event &quot;Summer with the Mostar Tourist Board&quot; continues to enrich the cultural offer of the city through a diverse outdoor program, gathering audiences of all generations. On Wednesday, July 30, 2025, the plateau behind Mujaga Komadine&#039;s house was once again the meeting place of film and music. The evening opened with the Spanish film &quot;Maslina&quot;, and continued with an energetic music set by DJ Amir Groove, who [...]<\/p>","protected":false},"author":11,"featured_media":5141,"comment_status":"closed","ping_status":"open","sticky":false,"template":"","format":"standard","meta":{"footnotes":""},"categories":[100],"tags":[],"class_list":["post-5138","post","type-post","status-publish","format-standard","has-post-thumbnail","hentry","category-pozitivne-price"],"yoast_head":"<!-- This site is optimized with the Yoast SEO plugin v25.1 - https:\/\/yoast.com\/wordpress\/plugins\/seo\/ -->\n<title>Mural, film, glazba pod zvijezdama \u2013 slijedi poetska ve\u010der - exploremostar<\/title>\n<meta name=\"robots\" content=\"index, follow, max-snippet:-1, max-image-preview:large, max-video-preview:-1\" \/>\n<link rel=\"canonical\" href=\"https:\/\/exploremostar.ba\/en\/sjajna-atmosfera-na-filmskim-i-glazbenim-vecerima-slijedi-poetska-vecer\/\" \/>\n<meta property=\"og:locale\" content=\"en_US\" \/>\n<meta property=\"og:type\" content=\"article\" \/>\n<meta property=\"og:title\" content=\"Mural, film, glazba pod zvijezdama \u2013 slijedi poetska ve\u010der - exploremostar\" \/>\n<meta property=\"og:description\" content=\"Ljetna manifestacija \u201eLjeto s Turisti\u010dkom zajednicom Mostar\u201c nastavlja oboga\u0107ivati kulturnu ponudu grada kroz raznovrstan program na otvorenom, okupljaju\u0107i publiku svih generacija. U srijedu, 30. 7.2025.godine, plato iza ku\u0107e Mujage Komadine ponovno je bio mjesto susreta filma i glazbe. Ve\u010der je otvorena \u0161panjolskim filmom \u201eMaslina\u201c, a nastavila se energi\u010dnim glazbenim setom DJ Amira Groovea, koji je [&hellip;]\" \/>\n<meta property=\"og:url\" content=\"https:\/\/exploremostar.ba\/en\/sjajna-atmosfera-na-filmskim-i-glazbenim-vecerima-slijedi-poetska-vecer\/\" \/>\n<meta property=\"og:site_name\" content=\"exploremostar\" \/>\n<meta property=\"article:published_time\" content=\"2025-07-31T07:48:43+00:00\" \/>\n<meta property=\"article:modified_time\" content=\"2025-07-31T07:51:40+00:00\" \/>\n<meta property=\"og:image\" content=\"https:\/\/exploremostar.ba\/wp-content\/uploads\/2025\/07\/Srijeda-TZ3.jpg\" \/>\n\t<meta property=\"og:image:width\" content=\"2500\" \/>\n\t<meta property=\"og:image:height\" content=\"1726\" \/>\n\t<meta property=\"og:image:type\" content=\"image\/jpeg\" \/>\n<meta name=\"author\" content=\"Dino Jekic\" \/>\n<meta name=\"twitter:card\" content=\"summary_large_image\" \/>\n<meta name=\"twitter:label1\" content=\"Written by\" \/>\n\t<meta name=\"twitter:data1\" content=\"Dino Jekic\" \/>\n\t<meta name=\"twitter:label2\" content=\"Est. reading time\" \/>\n\t<meta name=\"twitter:data2\" content=\"2 minutes\" \/>\n<script type=\"application\/ld+json\" class=\"yoast-schema-graph\">{\"@context\":\"https:\/\/schema.org\",\"@graph\":[{\"@type\":\"WebPage\",\"@id\":\"https:\/\/exploremostar.ba\/sjajna-atmosfera-na-filmskim-i-glazbenim-vecerima-slijedi-poetska-vecer\/\",\"url\":\"https:\/\/exploremostar.ba\/sjajna-atmosfera-na-filmskim-i-glazbenim-vecerima-slijedi-poetska-vecer\/\",\"name\":\"Mural, film, glazba pod zvijezdama \u2013 slijedi poetska ve\u010der - exploremostar\",\"isPartOf\":{\"@id\":\"https:\/\/exploremostar.ba\/#website\"},\"primaryImageOfPage\":{\"@id\":\"https:\/\/exploremostar.ba\/sjajna-atmosfera-na-filmskim-i-glazbenim-vecerima-slijedi-poetska-vecer\/#primaryimage\"},\"image\":{\"@id\":\"https:\/\/exploremostar.ba\/sjajna-atmosfera-na-filmskim-i-glazbenim-vecerima-slijedi-poetska-vecer\/#primaryimage\"},\"thumbnailUrl\":\"https:\/\/exploremostar.ba\/wp-content\/uploads\/2025\/07\/Srijeda-TZ3.jpg\",\"datePublished\":\"2025-07-31T07:48:43+00:00\",\"dateModified\":\"2025-07-31T07:51:40+00:00\",\"author\":{\"@id\":\"https:\/\/exploremostar.ba\/#\/schema\/person\/ba658e145ceeda3815df65d8fb9915c7\"},\"breadcrumb\":{\"@id\":\"https:\/\/exploremostar.ba\/sjajna-atmosfera-na-filmskim-i-glazbenim-vecerima-slijedi-poetska-vecer\/#breadcrumb\"},\"inLanguage\":\"en-US\",\"potentialAction\":[{\"@type\":\"ReadAction\",\"target\":[\"https:\/\/exploremostar.ba\/sjajna-atmosfera-na-filmskim-i-glazbenim-vecerima-slijedi-poetska-vecer\/\"]}]},{\"@type\":\"ImageObject\",\"inLanguage\":\"en-US\",\"@id\":\"https:\/\/exploremostar.ba\/sjajna-atmosfera-na-filmskim-i-glazbenim-vecerima-slijedi-poetska-vecer\/#primaryimage\",\"url\":\"https:\/\/exploremostar.ba\/wp-content\/uploads\/2025\/07\/Srijeda-TZ3.jpg\",\"contentUrl\":\"https:\/\/exploremostar.ba\/wp-content\/uploads\/2025\/07\/Srijeda-TZ3.jpg\",\"width\":2500,\"height\":1726},{\"@type\":\"BreadcrumbList\",\"@id\":\"https:\/\/exploremostar.ba\/sjajna-atmosfera-na-filmskim-i-glazbenim-vecerima-slijedi-poetska-vecer\/#breadcrumb\",\"itemListElement\":[{\"@type\":\"ListItem\",\"position\":1,\"name\":\"Home\",\"item\":\"https:\/\/exploremostar.ba\/\"},{\"@type\":\"ListItem\",\"position\":2,\"name\":\"Mural, film, glazba pod zvijezdama \u2013 slijedi poetska ve\u010der\"}]},{\"@type\":\"WebSite\",\"@id\":\"https:\/\/exploremostar.ba\/#website\",\"url\":\"https:\/\/exploremostar.ba\/\",\"name\":\"exploremostar\",\"description\":\"Where bridges tell stories\",\"potentialAction\":[{\"@type\":\"SearchAction\",\"target\":{\"@type\":\"EntryPoint\",\"urlTemplate\":\"https:\/\/exploremostar.ba\/?s={search_term_string}\"},\"query-input\":{\"@type\":\"PropertyValueSpecification\",\"valueRequired\":true,\"valueName\":\"search_term_string\"}}],\"inLanguage\":\"en-US\"},{\"@type\":\"Person\",\"@id\":\"https:\/\/exploremostar.ba\/#\/schema\/person\/ba658e145ceeda3815df65d8fb9915c7\",\"name\":\"Dino Jekic\",\"image\":{\"@type\":\"ImageObject\",\"inLanguage\":\"en-US\",\"@id\":\"https:\/\/exploremostar.ba\/#\/schema\/person\/image\/\",\"url\":\"https:\/\/secure.gravatar.com\/avatar\/069d3f51f3e6bcef26bc4581da3ae12333ce97dcefaf5b817593df50933bfefb?s=96&d=https%3A%2F%2Fui-avatars.com%2Fapi%2FDino%20JekicDino%2F96%2F546de5%2Ffff%2F1%2F0.4%2F%2F1%2F1&r=g\",\"contentUrl\":\"https:\/\/secure.gravatar.com\/avatar\/069d3f51f3e6bcef26bc4581da3ae12333ce97dcefaf5b817593df50933bfefb?s=96&d=https%3A%2F%2Fui-avatars.com%2Fapi%2FDino%20JekicDino%2F96%2F546de5%2Ffff%2F1%2F0.4%2F%2F1%2F1&r=g\",\"caption\":\"Dino Jekic\"},\"url\":\"https:\/\/exploremostar.ba\/en\/author\/dino\/\"}]}<\/script>\n<!-- \/ Yoast SEO plugin. -->","yoast_head_json":{"title":"Mural, film, glazba pod zvijezdama \u2013 slijedi poetska ve\u010der - exploremostar","robots":{"index":"index","follow":"follow","max-snippet":"max-snippet:-1","max-image-preview":"max-image-preview:large","max-video-preview":"max-video-preview:-1"},"canonical":"https:\/\/exploremostar.ba\/en\/sjajna-atmosfera-na-filmskim-i-glazbenim-vecerima-slijedi-poetska-vecer\/","og_locale":"en_US","og_type":"article","og_title":"Mural, film, glazba pod zvijezdama \u2013 slijedi poetska ve\u010der - exploremostar","og_description":"Ljetna manifestacija \u201eLjeto s Turisti\u010dkom zajednicom Mostar\u201c nastavlja oboga\u0107ivati kulturnu ponudu grada kroz raznovrstan program na otvorenom, okupljaju\u0107i publiku svih generacija. U srijedu, 30. 7.2025.godine, plato iza ku\u0107e Mujage Komadine ponovno je bio mjesto susreta filma i glazbe. Ve\u010der je otvorena \u0161panjolskim filmom \u201eMaslina\u201c, a nastavila se energi\u010dnim glazbenim setom DJ Amira Groovea, koji je [&hellip;]","og_url":"https:\/\/exploremostar.ba\/en\/sjajna-atmosfera-na-filmskim-i-glazbenim-vecerima-slijedi-poetska-vecer\/","og_site_name":"exploremostar","article_published_time":"2025-07-31T07:48:43+00:00","article_modified_time":"2025-07-31T07:51:40+00:00","og_image":[{"width":2500,"height":1726,"url":"https:\/\/exploremostar.ba\/wp-content\/uploads\/2025\/07\/Srijeda-TZ3.jpg","type":"image\/jpeg"}],"author":"Dino Jekic","twitter_card":"summary_large_image","twitter_misc":{"Written by":"Dino Jekic","Est. reading time":"2 minutes"},"schema":{"@context":"https:\/\/schema.org","@graph":[{"@type":"WebPage","@id":"https:\/\/exploremostar.ba\/sjajna-atmosfera-na-filmskim-i-glazbenim-vecerima-slijedi-poetska-vecer\/","url":"https:\/\/exploremostar.ba\/sjajna-atmosfera-na-filmskim-i-glazbenim-vecerima-slijedi-poetska-vecer\/","name":"Mural, film, glazba pod zvijezdama \u2013 slijedi poetska ve\u010der - exploremostar","isPartOf":{"@id":"https:\/\/exploremostar.ba\/#website"},"primaryImageOfPage":{"@id":"https:\/\/exploremostar.ba\/sjajna-atmosfera-na-filmskim-i-glazbenim-vecerima-slijedi-poetska-vecer\/#primaryimage"},"image":{"@id":"https:\/\/exploremostar.ba\/sjajna-atmosfera-na-filmskim-i-glazbenim-vecerima-slijedi-poetska-vecer\/#primaryimage"},"thumbnailUrl":"https:\/\/exploremostar.ba\/wp-content\/uploads\/2025\/07\/Srijeda-TZ3.jpg","datePublished":"2025-07-31T07:48:43+00:00","dateModified":"2025-07-31T07:51:40+00:00","author":{"@id":"https:\/\/exploremostar.ba\/#\/schema\/person\/ba658e145ceeda3815df65d8fb9915c7"},"breadcrumb":{"@id":"https:\/\/exploremostar.ba\/sjajna-atmosfera-na-filmskim-i-glazbenim-vecerima-slijedi-poetska-vecer\/#breadcrumb"},"inLanguage":"en-US","potentialAction":[{"@type":"ReadAction","target":["https:\/\/exploremostar.ba\/sjajna-atmosfera-na-filmskim-i-glazbenim-vecerima-slijedi-poetska-vecer\/"]}]},{"@type":"ImageObject","inLanguage":"en-US","@id":"https:\/\/exploremostar.ba\/sjajna-atmosfera-na-filmskim-i-glazbenim-vecerima-slijedi-poetska-vecer\/#primaryimage","url":"https:\/\/exploremostar.ba\/wp-content\/uploads\/2025\/07\/Srijeda-TZ3.jpg","contentUrl":"https:\/\/exploremostar.ba\/wp-content\/uploads\/2025\/07\/Srijeda-TZ3.jpg","width":2500,"height":1726},{"@type":"BreadcrumbList","@id":"https:\/\/exploremostar.ba\/sjajna-atmosfera-na-filmskim-i-glazbenim-vecerima-slijedi-poetska-vecer\/#breadcrumb","itemListElement":[{"@type":"ListItem","position":1,"name":"Home","item":"https:\/\/exploremostar.ba\/"},{"@type":"ListItem","position":2,"name":"Mural, film, glazba pod zvijezdama \u2013 slijedi poetska ve\u010der"}]},{"@type":"WebSite","@id":"https:\/\/exploremostar.ba\/#website","url":"https:\/\/exploremostar.ba\/","name":"exploremostar","description":"Where bridges tell stories","potentialAction":[{"@type":"SearchAction","target":{"@type":"EntryPoint","urlTemplate":"https:\/\/exploremostar.ba\/?s={search_term_string}"},"query-input":{"@type":"PropertyValueSpecification","valueRequired":true,"valueName":"search_term_string"}}],"inLanguage":"en-US"},{"@type":"Person","@id":"https:\/\/exploremostar.ba\/#\/schema\/person\/ba658e145ceeda3815df65d8fb9915c7","name":"Dino Jekic","image":{"@type":"ImageObject","inLanguage":"en-US","@id":"https:\/\/exploremostar.ba\/#\/schema\/person\/image\/","url":"https:\/\/secure.gravatar.com\/avatar\/069d3f51f3e6bcef26bc4581da3ae12333ce97dcefaf5b817593df50933bfefb?s=96&d=https%3A%2F%2Fui-avatars.com%2Fapi%2FDino%20JekicDino%2F96%2F546de5%2Ffff%2F1%2F0.4%2F%2F1%2F1&r=g","contentUrl":"https:\/\/secure.gravatar.com\/avatar\/069d3f51f3e6bcef26bc4581da3ae12333ce97dcefaf5b817593df50933bfefb?s=96&d=https%3A%2F%2Fui-avatars.com%2Fapi%2FDino%20JekicDino%2F96%2F546de5%2Ffff%2F1%2F0.4%2F%2F1%2F1&r=g","caption":"Dino Jekic"},"url":"https:\/\/exploremostar.ba\/en\/author\/dino\/"}]}},"rttpg_featured_image_url":{"full":["https:\/\/exploremostar.ba\/wp-content\/uploads\/2025\/07\/Srijeda-TZ3.jpg",2500,1726,false],"landscape":["https:\/\/exploremostar.ba\/wp-content\/uploads\/2025\/07\/Srijeda-TZ3.jpg",2500,1726,false],"portraits":["https:\/\/exploremostar.ba\/wp-content\/uploads\/2025\/07\/Srijeda-TZ3.jpg",2500,1726,false],"thumbnail":["https:\/\/exploremostar.ba\/wp-content\/uploads\/2025\/07\/Srijeda-TZ3-150x150.jpg",150,150,true],"medium":["https:\/\/exploremostar.ba\/wp-content\/uploads\/2025\/07\/Srijeda-TZ3-300x207.jpg",300,207,true],"large":["https:\/\/exploremostar.ba\/wp-content\/uploads\/2025\/07\/Srijeda-TZ3-1024x707.jpg",1024,707,true],"1536x1536":["https:\/\/exploremostar.ba\/wp-content\/uploads\/2025\/07\/Srijeda-TZ3-1536x1060.jpg",1536,1060,true],"2048x2048":["https:\/\/exploremostar.ba\/wp-content\/uploads\/2025\/07\/Srijeda-TZ3-2048x1414.jpg",2048,1414,true],"trp-custom-language-flag":["https:\/\/exploremostar.ba\/wp-content\/uploads\/2025\/07\/Srijeda-TZ3-18x12.jpg",18,12,true],"woocommerce_thumbnail":["https:\/\/exploremostar.ba\/wp-content\/uploads\/2025\/07\/Srijeda-TZ3-300x300.jpg",300,300,true],"woocommerce_single":["https:\/\/exploremostar.ba\/wp-content\/uploads\/2025\/07\/Srijeda-TZ3-600x414.jpg",600,414,true],"woocommerce_gallery_thumbnail":["https:\/\/exploremostar.ba\/wp-content\/uploads\/2025\/07\/Srijeda-TZ3-100x100.jpg",100,100,true],"rt_custom":["https:\/\/exploremostar.ba\/wp-content\/uploads\/2025\/07\/Srijeda-TZ3.jpg",2500,1726,false]},"rttpg_author":{"display_name":"Dino Jekic","author_link":"https:\/\/exploremostar.ba\/en\/author\/dino\/"},"rttpg_comment":0,"rttpg_category":"<a href=\"https:\/\/exploremostar.ba\/en\/post-category\/pozitivne-price\/\" rel=\"category tag\">Pozitivne pri\u010de<\/a>","rttpg_excerpt":"Ljetna manifestacija \u201eLjeto s Turisti\u010dkom zajednicom Mostar\u201c nastavlja oboga\u0107ivati kulturnu ponudu grada kroz raznovrstan program na otvorenom, okupljaju\u0107i publiku svih generacija. U srijedu, 30. 7.2025.godine, plato iza ku\u0107e Mujage Komadine ponovno je bio mjesto susreta filma i glazbe. Ve\u010der je otvorena \u0161panjolskim filmom \u201eMaslina\u201c, a nastavila se energi\u010dnim glazbenim setom DJ Amira Groovea, koji je&hellip;","acf":[],"_links":{"self":[{"href":"https:\/\/exploremostar.ba\/en\/wp-json\/wp\/v2\/posts\/5138","targetHints":{"allow":["GET"]}}],"collection":[{"href":"https:\/\/exploremostar.ba\/en\/wp-json\/wp\/v2\/posts"}],"about":[{"href":"https:\/\/exploremostar.ba\/en\/wp-json\/wp\/v2\/types\/post"}],"author":[{"embeddable":true,"href":"https:\/\/exploremostar.ba\/en\/wp-json\/wp\/v2\/users\/11"}],"replies":[{"embeddable":true,"href":"https:\/\/exploremostar.ba\/en\/wp-json\/wp\/v2\/comments?post=5138"}],"version-history":[{"count":4,"href":"https:\/\/exploremostar.ba\/en\/wp-json\/wp\/v2\/posts\/5138\/revisions"}],"predecessor-version":[{"id":5146,"href":"https:\/\/exploremostar.ba\/en\/wp-json\/wp\/v2\/posts\/5138\/revisions\/5146"}],"wp:featuredmedia":[{"embeddable":true,"href":"https:\/\/exploremostar.ba\/en\/wp-json\/wp\/v2\/media\/5141"}],"wp:attachment":[{"href":"https:\/\/exploremostar.ba\/en\/wp-json\/wp\/v2\/media?parent=5138"}],"wp:term":[{"taxonomy":"category","embeddable":true,"href":"https:\/\/exploremostar.ba\/en\/wp-json\/wp\/v2\/categories?post=5138"},{"taxonomy":"post_tag","embeddable":true,"href":"https:\/\/exploremostar.ba\/en\/wp-json\/wp\/v2\/tags?post=5138"}],"curies":[{"name":"wp","href":"https:\/\/api.w.org\/{rel}","templated":true}]}}