{"id":5130,"date":"2025-07-30T09:35:39","date_gmt":"2025-07-30T08:35:39","guid":{"rendered":"https:\/\/exploremostar.ba\/?p=5130"},"modified":"2025-07-30T09:35:39","modified_gmt":"2025-07-30T08:35:39","slug":"ljeto-s-turistickom-zajednicom-mostar-ide-dalje-uz-odlicne-filmove-i-glazbu","status":"publish","type":"post","link":"https:\/\/exploremostar.ba\/en\/ljeto-s-turistickom-zajednicom-mostar-ide-dalje-uz-odlicne-filmove-i-glazbu\/","title":{"rendered":"The summer continues with the Mostar Tourist Board with excellent films and music"},"content":{"rendered":"<p>The Tourist Board of the City of Mostar is happy to announce the continuation of the summer event &quot;Summer with the Mostar Tourist Board&quot;, which enriches the cultural life of the city with various outdoor programs.<\/p>\n<p>On Tuesday, July 29, the audience enjoyed the Spanish film &quot;Sad Stories&quot;, shown on the plateau behind Mujaga Komadine&#039;s house, followed by the performance of the rock band &quot;Benewrecks&quot;, which further warmed the atmosphere and attracted numerous visitors.<\/p>\n<p>The program continues tonight, Wednesday, July 30, 2025, at the same place, on the plateau behind Mujaga Komadine&#039;s house:<\/p>\n<p><strong>\u2022 Screening of the Spanish film Maslina&quot; \u2013 8:30 p.m<br \/>\n\u2022 DJ Amir Groove \u2013 10:00 PM<\/strong><\/p>\n<p>In the coming days, visitors can expect film evenings with productions from France, Switzerland, Spain and Italy, which will be followed by concerts and DJ sets. The music scene will be further enriched by rock bands from Mostar and singer-songwriter Sanel Mari\u0107 Mara.<\/p>\n<p>For lovers of the written word, we also announce an evening of poetry that will take place on Thursday, 31 July 2025, bringing a special artistic atmosphere to the event.<\/p>\n<p>The final evening of the event is planned for Saturday, August 2, 2025, when we will celebrate the completion of the Rezon mural, and the evening will be rounded off with another film screening and a performance by DJ Lubnya.<\/p>\n<p>Admission to all events is free. For daily announcements and possible program changes, follow the official website and social networks of the Tourist Board of the City of Mostar.<\/p>\n<p><img fetchpriority=\"high\" decoding=\"async\" class=\"alignnone size-medium wp-image-5131\" src=\"https:\/\/exploremostar.ba\/wp-content\/uploads\/2025\/07\/Utorak-TZ1-300x187.jpg\" alt=\"\" width=\"300\" height=\"187\" srcset=\"https:\/\/exploremostar.ba\/wp-content\/uploads\/2025\/07\/Utorak-TZ1-300x187.jpg 300w, https:\/\/exploremostar.ba\/wp-content\/uploads\/2025\/07\/Utorak-TZ1-1024x639.jpg 1024w, https:\/\/exploremostar.ba\/wp-content\/uploads\/2025\/07\/Utorak-TZ1-768x479.jpg 768w, https:\/\/exploremostar.ba\/wp-content\/uploads\/2025\/07\/Utorak-TZ1-1536x958.jpg 1536w, https:\/\/exploremostar.ba\/wp-content\/uploads\/2025\/07\/Utorak-TZ1-2048x1277.jpg 2048w, https:\/\/exploremostar.ba\/wp-content\/uploads\/2025\/07\/Utorak-TZ1-18x12.jpg 18w, https:\/\/exploremostar.ba\/wp-content\/uploads\/2025\/07\/Utorak-TZ1-600x374.jpg 600w\" sizes=\"(max-width: 300px) 100vw, 300px\" \/> <img decoding=\"async\" class=\"alignnone size-medium wp-image-5132\" src=\"https:\/\/exploremostar.ba\/wp-content\/uploads\/2025\/07\/Utorak-TZ2-300x190.jpg\" alt=\"\" width=\"300\" height=\"190\" srcset=\"https:\/\/exploremostar.ba\/wp-content\/uploads\/2025\/07\/Utorak-TZ2-300x190.jpg 300w, https:\/\/exploremostar.ba\/wp-content\/uploads\/2025\/07\/Utorak-TZ2-1024x649.jpg 1024w, https:\/\/exploremostar.ba\/wp-content\/uploads\/2025\/07\/Utorak-TZ2-768x486.jpg 768w, https:\/\/exploremostar.ba\/wp-content\/uploads\/2025\/07\/Utorak-TZ2-1536x973.jpg 1536w, https:\/\/exploremostar.ba\/wp-content\/uploads\/2025\/07\/Utorak-TZ2-2048x1297.jpg 2048w, https:\/\/exploremostar.ba\/wp-content\/uploads\/2025\/07\/Utorak-TZ2-18x12.jpg 18w, https:\/\/exploremostar.ba\/wp-content\/uploads\/2025\/07\/Utorak-TZ2-600x380.jpg 600w\" sizes=\"(max-width: 300px) 100vw, 300px\" \/> <img decoding=\"async\" class=\"alignnone size-medium wp-image-5133\" src=\"https:\/\/exploremostar.ba\/wp-content\/uploads\/2025\/07\/Utorak-TZ3-300x225.jpg\" alt=\"\" width=\"300\" height=\"225\" srcset=\"https:\/\/exploremostar.ba\/wp-content\/uploads\/2025\/07\/Utorak-TZ3-300x225.jpg 300w, https:\/\/exploremostar.ba\/wp-content\/uploads\/2025\/07\/Utorak-TZ3-1024x768.jpg 1024w, https:\/\/exploremostar.ba\/wp-content\/uploads\/2025\/07\/Utorak-TZ3-768x576.jpg 768w, https:\/\/exploremostar.ba\/wp-content\/uploads\/2025\/07\/Utorak-TZ3-1536x1152.jpg 1536w, https:\/\/exploremostar.ba\/wp-content\/uploads\/2025\/07\/Utorak-TZ3-2048x1536.jpg 2048w, https:\/\/exploremostar.ba\/wp-content\/uploads\/2025\/07\/Utorak-TZ3-16x12.jpg 16w, https:\/\/exploremostar.ba\/wp-content\/uploads\/2025\/07\/Utorak-TZ3-600x450.jpg 600w\" sizes=\"(max-width: 300px) 100vw, 300px\" \/> <img loading=\"lazy\" decoding=\"async\" class=\"alignnone size-medium wp-image-5134\" src=\"https:\/\/exploremostar.ba\/wp-content\/uploads\/2025\/07\/Utorak-TZ4-300x200.jpg\" alt=\"\" width=\"300\" height=\"200\" srcset=\"https:\/\/exploremostar.ba\/wp-content\/uploads\/2025\/07\/Utorak-TZ4-300x200.jpg 300w, https:\/\/exploremostar.ba\/wp-content\/uploads\/2025\/07\/Utorak-TZ4-1024x683.jpg 1024w, https:\/\/exploremostar.ba\/wp-content\/uploads\/2025\/07\/Utorak-TZ4-768x512.jpg 768w, https:\/\/exploremostar.ba\/wp-content\/uploads\/2025\/07\/Utorak-TZ4-1536x1024.jpg 1536w, https:\/\/exploremostar.ba\/wp-content\/uploads\/2025\/07\/Utorak-TZ4-2048x1366.jpg 2048w, https:\/\/exploremostar.ba\/wp-content\/uploads\/2025\/07\/Utorak-TZ4-18x12.jpg 18w, https:\/\/exploremostar.ba\/wp-content\/uploads\/2025\/07\/Utorak-TZ4-600x400.jpg 600w\" sizes=\"(max-width: 300px) 100vw, 300px\" \/><\/p>","protected":false},"excerpt":{"rendered":"<p>The Tourist Board of the City of Mostar is happy to announce the continuation of the summer event &quot;Summer with the Mostar Tourist Board&quot;, which enriches the cultural life of the city with various outdoor programs. On Tuesday, July 29, the audience enjoyed the Spanish film &quot;Sad Stories&quot;, shown on the plateau behind Mujaga Komadine&#039;s house, followed by the performance of the rock band &quot;Benewrecks&quot;, which additionally warmed [...]<\/p>","protected":false},"author":11,"featured_media":5131,"comment_status":"closed","ping_status":"open","sticky":false,"template":"","format":"standard","meta":{"footnotes":""},"categories":[100],"tags":[],"class_list":["post-5130","post","type-post","status-publish","format-standard","has-post-thumbnail","hentry","category-pozitivne-price"],"yoast_head":"<!-- This site is optimized with the Yoast SEO plugin v25.1 - https:\/\/yoast.com\/wordpress\/plugins\/seo\/ -->\n<title>Ljeto s Turisti\u010dkom zajednicom Mostar ide dalje uz odli\u010dne filmove i glazbu - exploremostar<\/title>\n<meta name=\"robots\" content=\"index, follow, max-snippet:-1, max-image-preview:large, max-video-preview:-1\" \/>\n<link rel=\"canonical\" href=\"https:\/\/exploremostar.ba\/en\/ljeto-s-turistickom-zajednicom-mostar-ide-dalje-uz-odlicne-filmove-i-glazbu\/\" \/>\n<meta property=\"og:locale\" content=\"en_US\" \/>\n<meta property=\"og:type\" content=\"article\" \/>\n<meta property=\"og:title\" content=\"Ljeto s Turisti\u010dkom zajednicom Mostar ide dalje uz odli\u010dne filmove i glazbu - exploremostar\" \/>\n<meta property=\"og:description\" content=\"Turisti\u010dka zajednica Grada Mostara s veseljem najavljuje nastavak ljetne manifestacije &#8220;Ljeto s Turisti\u010dkom zajednicom Mostar&#8221;, koja oboga\u0107uje kulturni \u017eivot grada raznovrsnim programima na otvorenom. U utorak, 29. srpnja, publika je u\u017eivala u \u0161panjolskom filmu &#8221;\u017dalosne pri\u010de&#8221;, prikazanom na platou iza ku\u0107e Mujage Komadine, nakon \u010dega je uslijedio nastup rock benda &#8221;Benewrecks&#8221;, koji je dodatno zagrijao [&hellip;]\" \/>\n<meta property=\"og:url\" content=\"https:\/\/exploremostar.ba\/en\/ljeto-s-turistickom-zajednicom-mostar-ide-dalje-uz-odlicne-filmove-i-glazbu\/\" \/>\n<meta property=\"og:site_name\" content=\"exploremostar\" \/>\n<meta property=\"article:published_time\" content=\"2025-07-30T08:35:39+00:00\" \/>\n<meta property=\"og:image\" content=\"https:\/\/exploremostar.ba\/wp-content\/uploads\/2025\/07\/Utorak-TZ1.jpg\" \/>\n\t<meta property=\"og:image:width\" content=\"2500\" \/>\n\t<meta property=\"og:image:height\" content=\"1559\" \/>\n\t<meta property=\"og:image:type\" content=\"image\/jpeg\" \/>\n<meta name=\"author\" content=\"Dino Jekic\" \/>\n<meta name=\"twitter:card\" content=\"summary_large_image\" \/>\n<meta name=\"twitter:label1\" content=\"Written by\" \/>\n\t<meta name=\"twitter:data1\" content=\"Dino Jekic\" \/>\n\t<meta name=\"twitter:label2\" content=\"Est. reading time\" \/>\n\t<meta name=\"twitter:data2\" content=\"2 minutes\" \/>\n<script type=\"application\/ld+json\" class=\"yoast-schema-graph\">{\"@context\":\"https:\/\/schema.org\",\"@graph\":[{\"@type\":\"WebPage\",\"@id\":\"https:\/\/exploremostar.ba\/ljeto-s-turistickom-zajednicom-mostar-ide-dalje-uz-odlicne-filmove-i-glazbu\/\",\"url\":\"https:\/\/exploremostar.ba\/ljeto-s-turistickom-zajednicom-mostar-ide-dalje-uz-odlicne-filmove-i-glazbu\/\",\"name\":\"Ljeto s Turisti\u010dkom zajednicom Mostar ide dalje uz odli\u010dne filmove i glazbu - exploremostar\",\"isPartOf\":{\"@id\":\"https:\/\/exploremostar.ba\/#website\"},\"primaryImageOfPage\":{\"@id\":\"https:\/\/exploremostar.ba\/ljeto-s-turistickom-zajednicom-mostar-ide-dalje-uz-odlicne-filmove-i-glazbu\/#primaryimage\"},\"image\":{\"@id\":\"https:\/\/exploremostar.ba\/ljeto-s-turistickom-zajednicom-mostar-ide-dalje-uz-odlicne-filmove-i-glazbu\/#primaryimage\"},\"thumbnailUrl\":\"https:\/\/exploremostar.ba\/wp-content\/uploads\/2025\/07\/Utorak-TZ1.jpg\",\"datePublished\":\"2025-07-30T08:35:39+00:00\",\"author\":{\"@id\":\"https:\/\/exploremostar.ba\/#\/schema\/person\/ba658e145ceeda3815df65d8fb9915c7\"},\"breadcrumb\":{\"@id\":\"https:\/\/exploremostar.ba\/ljeto-s-turistickom-zajednicom-mostar-ide-dalje-uz-odlicne-filmove-i-glazbu\/#breadcrumb\"},\"inLanguage\":\"en-US\",\"potentialAction\":[{\"@type\":\"ReadAction\",\"target\":[\"https:\/\/exploremostar.ba\/ljeto-s-turistickom-zajednicom-mostar-ide-dalje-uz-odlicne-filmove-i-glazbu\/\"]}]},{\"@type\":\"ImageObject\",\"inLanguage\":\"en-US\",\"@id\":\"https:\/\/exploremostar.ba\/ljeto-s-turistickom-zajednicom-mostar-ide-dalje-uz-odlicne-filmove-i-glazbu\/#primaryimage\",\"url\":\"https:\/\/exploremostar.ba\/wp-content\/uploads\/2025\/07\/Utorak-TZ1.jpg\",\"contentUrl\":\"https:\/\/exploremostar.ba\/wp-content\/uploads\/2025\/07\/Utorak-TZ1.jpg\",\"width\":2500,\"height\":1559},{\"@type\":\"BreadcrumbList\",\"@id\":\"https:\/\/exploremostar.ba\/ljeto-s-turistickom-zajednicom-mostar-ide-dalje-uz-odlicne-filmove-i-glazbu\/#breadcrumb\",\"itemListElement\":[{\"@type\":\"ListItem\",\"position\":1,\"name\":\"Home\",\"item\":\"https:\/\/exploremostar.ba\/\"},{\"@type\":\"ListItem\",\"position\":2,\"name\":\"Ljeto s Turisti\u010dkom zajednicom Mostar ide dalje uz odli\u010dne filmove i glazbu\"}]},{\"@type\":\"WebSite\",\"@id\":\"https:\/\/exploremostar.ba\/#website\",\"url\":\"https:\/\/exploremostar.ba\/\",\"name\":\"exploremostar\",\"description\":\"Where bridges tell stories\",\"potentialAction\":[{\"@type\":\"SearchAction\",\"target\":{\"@type\":\"EntryPoint\",\"urlTemplate\":\"https:\/\/exploremostar.ba\/?s={search_term_string}\"},\"query-input\":{\"@type\":\"PropertyValueSpecification\",\"valueRequired\":true,\"valueName\":\"search_term_string\"}}],\"inLanguage\":\"en-US\"},{\"@type\":\"Person\",\"@id\":\"https:\/\/exploremostar.ba\/#\/schema\/person\/ba658e145ceeda3815df65d8fb9915c7\",\"name\":\"Dino Jekic\",\"image\":{\"@type\":\"ImageObject\",\"inLanguage\":\"en-US\",\"@id\":\"https:\/\/exploremostar.ba\/#\/schema\/person\/image\/\",\"url\":\"https:\/\/secure.gravatar.com\/avatar\/069d3f51f3e6bcef26bc4581da3ae12333ce97dcefaf5b817593df50933bfefb?s=96&d=https%3A%2F%2Fui-avatars.com%2Fapi%2FDino%20JekicDino%2F96%2F546de5%2Ffff%2F1%2F0.4%2F%2F1%2F1&r=g\",\"contentUrl\":\"https:\/\/secure.gravatar.com\/avatar\/069d3f51f3e6bcef26bc4581da3ae12333ce97dcefaf5b817593df50933bfefb?s=96&d=https%3A%2F%2Fui-avatars.com%2Fapi%2FDino%20JekicDino%2F96%2F546de5%2Ffff%2F1%2F0.4%2F%2F1%2F1&r=g\",\"caption\":\"Dino Jekic\"},\"url\":\"https:\/\/exploremostar.ba\/en\/author\/dino\/\"}]}<\/script>\n<!-- \/ Yoast SEO plugin. -->","yoast_head_json":{"title":"Ljeto s Turisti\u010dkom zajednicom Mostar ide dalje uz odli\u010dne filmove i glazbu - exploremostar","robots":{"index":"index","follow":"follow","max-snippet":"max-snippet:-1","max-image-preview":"max-image-preview:large","max-video-preview":"max-video-preview:-1"},"canonical":"https:\/\/exploremostar.ba\/en\/ljeto-s-turistickom-zajednicom-mostar-ide-dalje-uz-odlicne-filmove-i-glazbu\/","og_locale":"en_US","og_type":"article","og_title":"Ljeto s Turisti\u010dkom zajednicom Mostar ide dalje uz odli\u010dne filmove i glazbu - exploremostar","og_description":"Turisti\u010dka zajednica Grada Mostara s veseljem najavljuje nastavak ljetne manifestacije &#8220;Ljeto s Turisti\u010dkom zajednicom Mostar&#8221;, koja oboga\u0107uje kulturni \u017eivot grada raznovrsnim programima na otvorenom. U utorak, 29. srpnja, publika je u\u017eivala u \u0161panjolskom filmu &#8221;\u017dalosne pri\u010de&#8221;, prikazanom na platou iza ku\u0107e Mujage Komadine, nakon \u010dega je uslijedio nastup rock benda &#8221;Benewrecks&#8221;, koji je dodatno zagrijao [&hellip;]","og_url":"https:\/\/exploremostar.ba\/en\/ljeto-s-turistickom-zajednicom-mostar-ide-dalje-uz-odlicne-filmove-i-glazbu\/","og_site_name":"exploremostar","article_published_time":"2025-07-30T08:35:39+00:00","og_image":[{"width":2500,"height":1559,"url":"https:\/\/exploremostar.ba\/wp-content\/uploads\/2025\/07\/Utorak-TZ1.jpg","type":"image\/jpeg"}],"author":"Dino Jekic","twitter_card":"summary_large_image","twitter_misc":{"Written by":"Dino Jekic","Est. reading time":"2 minutes"},"schema":{"@context":"https:\/\/schema.org","@graph":[{"@type":"WebPage","@id":"https:\/\/exploremostar.ba\/ljeto-s-turistickom-zajednicom-mostar-ide-dalje-uz-odlicne-filmove-i-glazbu\/","url":"https:\/\/exploremostar.ba\/ljeto-s-turistickom-zajednicom-mostar-ide-dalje-uz-odlicne-filmove-i-glazbu\/","name":"Ljeto s Turisti\u010dkom zajednicom Mostar ide dalje uz odli\u010dne filmove i glazbu - exploremostar","isPartOf":{"@id":"https:\/\/exploremostar.ba\/#website"},"primaryImageOfPage":{"@id":"https:\/\/exploremostar.ba\/ljeto-s-turistickom-zajednicom-mostar-ide-dalje-uz-odlicne-filmove-i-glazbu\/#primaryimage"},"image":{"@id":"https:\/\/exploremostar.ba\/ljeto-s-turistickom-zajednicom-mostar-ide-dalje-uz-odlicne-filmove-i-glazbu\/#primaryimage"},"thumbnailUrl":"https:\/\/exploremostar.ba\/wp-content\/uploads\/2025\/07\/Utorak-TZ1.jpg","datePublished":"2025-07-30T08:35:39+00:00","author":{"@id":"https:\/\/exploremostar.ba\/#\/schema\/person\/ba658e145ceeda3815df65d8fb9915c7"},"breadcrumb":{"@id":"https:\/\/exploremostar.ba\/ljeto-s-turistickom-zajednicom-mostar-ide-dalje-uz-odlicne-filmove-i-glazbu\/#breadcrumb"},"inLanguage":"en-US","potentialAction":[{"@type":"ReadAction","target":["https:\/\/exploremostar.ba\/ljeto-s-turistickom-zajednicom-mostar-ide-dalje-uz-odlicne-filmove-i-glazbu\/"]}]},{"@type":"ImageObject","inLanguage":"en-US","@id":"https:\/\/exploremostar.ba\/ljeto-s-turistickom-zajednicom-mostar-ide-dalje-uz-odlicne-filmove-i-glazbu\/#primaryimage","url":"https:\/\/exploremostar.ba\/wp-content\/uploads\/2025\/07\/Utorak-TZ1.jpg","contentUrl":"https:\/\/exploremostar.ba\/wp-content\/uploads\/2025\/07\/Utorak-TZ1.jpg","width":2500,"height":1559},{"@type":"BreadcrumbList","@id":"https:\/\/exploremostar.ba\/ljeto-s-turistickom-zajednicom-mostar-ide-dalje-uz-odlicne-filmove-i-glazbu\/#breadcrumb","itemListElement":[{"@type":"ListItem","position":1,"name":"Home","item":"https:\/\/exploremostar.ba\/"},{"@type":"ListItem","position":2,"name":"Ljeto s Turisti\u010dkom zajednicom Mostar ide dalje uz odli\u010dne filmove i glazbu"}]},{"@type":"WebSite","@id":"https:\/\/exploremostar.ba\/#website","url":"https:\/\/exploremostar.ba\/","name":"exploremostar","description":"Where bridges tell stories","potentialAction":[{"@type":"SearchAction","target":{"@type":"EntryPoint","urlTemplate":"https:\/\/exploremostar.ba\/?s={search_term_string}"},"query-input":{"@type":"PropertyValueSpecification","valueRequired":true,"valueName":"search_term_string"}}],"inLanguage":"en-US"},{"@type":"Person","@id":"https:\/\/exploremostar.ba\/#\/schema\/person\/ba658e145ceeda3815df65d8fb9915c7","name":"Dino Jekic","image":{"@type":"ImageObject","inLanguage":"en-US","@id":"https:\/\/exploremostar.ba\/#\/schema\/person\/image\/","url":"https:\/\/secure.gravatar.com\/avatar\/069d3f51f3e6bcef26bc4581da3ae12333ce97dcefaf5b817593df50933bfefb?s=96&d=https%3A%2F%2Fui-avatars.com%2Fapi%2FDino%20JekicDino%2F96%2F546de5%2Ffff%2F1%2F0.4%2F%2F1%2F1&r=g","contentUrl":"https:\/\/secure.gravatar.com\/avatar\/069d3f51f3e6bcef26bc4581da3ae12333ce97dcefaf5b817593df50933bfefb?s=96&d=https%3A%2F%2Fui-avatars.com%2Fapi%2FDino%20JekicDino%2F96%2F546de5%2Ffff%2F1%2F0.4%2F%2F1%2F1&r=g","caption":"Dino Jekic"},"url":"https:\/\/exploremostar.ba\/en\/author\/dino\/"}]}},"rttpg_featured_image_url":{"full":["https:\/\/exploremostar.ba\/wp-content\/uploads\/2025\/07\/Utorak-TZ1.jpg",2500,1559,false],"landscape":["https:\/\/exploremostar.ba\/wp-content\/uploads\/2025\/07\/Utorak-TZ1.jpg",2500,1559,false],"portraits":["https:\/\/exploremostar.ba\/wp-content\/uploads\/2025\/07\/Utorak-TZ1.jpg",2500,1559,false],"thumbnail":["https:\/\/exploremostar.ba\/wp-content\/uploads\/2025\/07\/Utorak-TZ1-150x150.jpg",150,150,true],"medium":["https:\/\/exploremostar.ba\/wp-content\/uploads\/2025\/07\/Utorak-TZ1-300x187.jpg",300,187,true],"large":["https:\/\/exploremostar.ba\/wp-content\/uploads\/2025\/07\/Utorak-TZ1-1024x639.jpg",1024,639,true],"1536x1536":["https:\/\/exploremostar.ba\/wp-content\/uploads\/2025\/07\/Utorak-TZ1-1536x958.jpg",1536,958,true],"2048x2048":["https:\/\/exploremostar.ba\/wp-content\/uploads\/2025\/07\/Utorak-TZ1-2048x1277.jpg",2048,1277,true],"trp-custom-language-flag":["https:\/\/exploremostar.ba\/wp-content\/uploads\/2025\/07\/Utorak-TZ1-18x12.jpg",18,12,true],"woocommerce_thumbnail":["https:\/\/exploremostar.ba\/wp-content\/uploads\/2025\/07\/Utorak-TZ1-300x300.jpg",300,300,true],"woocommerce_single":["https:\/\/exploremostar.ba\/wp-content\/uploads\/2025\/07\/Utorak-TZ1-600x374.jpg",600,374,true],"woocommerce_gallery_thumbnail":["https:\/\/exploremostar.ba\/wp-content\/uploads\/2025\/07\/Utorak-TZ1-100x100.jpg",100,100,true],"rt_custom":["https:\/\/exploremostar.ba\/wp-content\/uploads\/2025\/07\/Utorak-TZ1.jpg",2500,1559,false]},"rttpg_author":{"display_name":"Dino Jekic","author_link":"https:\/\/exploremostar.ba\/en\/author\/dino\/"},"rttpg_comment":0,"rttpg_category":"<a href=\"https:\/\/exploremostar.ba\/en\/post-category\/pozitivne-price\/\" rel=\"category tag\">Pozitivne pri\u010de<\/a>","rttpg_excerpt":"Turisti\u010dka zajednica Grada Mostara s veseljem najavljuje nastavak ljetne manifestacije &#8220;Ljeto s Turisti\u010dkom zajednicom Mostar&#8221;, koja oboga\u0107uje kulturni \u017eivot grada raznovrsnim programima na otvorenom. U utorak, 29. srpnja, publika je u\u017eivala u \u0161panjolskom filmu &#8221;\u017dalosne pri\u010de&#8221;, prikazanom na platou iza ku\u0107e Mujage Komadine, nakon \u010dega je uslijedio nastup rock benda &#8221;Benewrecks&#8221;, koji je dodatno zagrijao&hellip;","acf":[],"_links":{"self":[{"href":"https:\/\/exploremostar.ba\/en\/wp-json\/wp\/v2\/posts\/5130","targetHints":{"allow":["GET"]}}],"collection":[{"href":"https:\/\/exploremostar.ba\/en\/wp-json\/wp\/v2\/posts"}],"about":[{"href":"https:\/\/exploremostar.ba\/en\/wp-json\/wp\/v2\/types\/post"}],"author":[{"embeddable":true,"href":"https:\/\/exploremostar.ba\/en\/wp-json\/wp\/v2\/users\/11"}],"replies":[{"embeddable":true,"href":"https:\/\/exploremostar.ba\/en\/wp-json\/wp\/v2\/comments?post=5130"}],"version-history":[{"count":2,"href":"https:\/\/exploremostar.ba\/en\/wp-json\/wp\/v2\/posts\/5130\/revisions"}],"predecessor-version":[{"id":5136,"href":"https:\/\/exploremostar.ba\/en\/wp-json\/wp\/v2\/posts\/5130\/revisions\/5136"}],"wp:featuredmedia":[{"embeddable":true,"href":"https:\/\/exploremostar.ba\/en\/wp-json\/wp\/v2\/media\/5131"}],"wp:attachment":[{"href":"https:\/\/exploremostar.ba\/en\/wp-json\/wp\/v2\/media?parent=5130"}],"wp:term":[{"taxonomy":"category","embeddable":true,"href":"https:\/\/exploremostar.ba\/en\/wp-json\/wp\/v2\/categories?post=5130"},{"taxonomy":"post_tag","embeddable":true,"href":"https:\/\/exploremostar.ba\/en\/wp-json\/wp\/v2\/tags?post=5130"}],"curies":[{"name":"wp","href":"https:\/\/api.w.org\/{rel}","templated":true}]}}