{"id":5114,"date":"2025-07-28T09:19:44","date_gmt":"2025-07-28T08:19:44","guid":{"rendered":"https:\/\/exploremostar.ba\/?p=5114"},"modified":"2025-07-28T10:11:12","modified_gmt":"2025-07-28T09:11:12","slug":"kreativna-nedjelja-djeca-umjetnost-i-film-za-treci-dan-ljeta-s-tz-mostar","status":"publish","type":"post","link":"https:\/\/exploremostar.ba\/en\/kreativna-nedjelja-djeca-umjetnost-i-film-za-treci-dan-ljeta-s-tz-mostar\/","title":{"rendered":"Creative week - Children, art and film for the third day of &quot;Summer with TZ Mostar&quot;"},"content":{"rendered":"<p data-start=\"186\" data-end=\"450\">The Tourist Board of the City of Mostar successfully opened this year&#039;s event &quot;Summer with the Tourist Board of the City of Mostar&quot;, which takes place from July 24 to August 2 at two attractive locations - the plateau under the Old Bridge and behind Mujaga Komadine&#039;s house.<\/p>\n<p data-start=\"452\" data-end=\"891\">The central event of the weekend was held on Sunday, July 27, when the event moved behind Mujaga Komadine&#039;s house. The evening was dedicated to the youngest, creativity and togetherness. The children had the opportunity to participate in a music workshop led by Marko Jakovljevi\u0107 in cooperation with the Down syndrome Mostar Association. A special moment of the evening was the ceremonial opening of the exhibition of children&#039;s works, which officially started this year&#039;s event.<\/p>\n<p data-start=\"893\" data-end=\"1174\">At the same time, he started an art project <em data-start=\"940\" data-end=\"953\">Reason mural<\/em>, during which a new mural will be created over the next few days as a permanent memory of this summer. The evening was rounded off with a screening of the French animated film &quot;Dilili \u00e0 Paris&quot;, and the musical background of the evening was provided by DJ Zlaja.<\/p>\n<p data-start=\"1176\" data-end=\"1408\">The program was supposed to continue on Monday, July 28, but due to the rainy weather, the planned screening of the Swiss film &quot;Bonjour Switzerland&quot; and the concert of the band Em&amp;Em had to be canceled. We thank the audience for their understanding.<\/p>\n<p data-start=\"1410\" data-end=\"1604\">The event continues on Tuesday, July 29, when we will show the Spanish film &quot;Sad Stories&quot; starting at 20:30, followed by a concert by the band Benewrecks at 22:00.<\/p>\n<p data-start=\"1606\" data-end=\"1998\">In the following evenings, the program continues with film screenings from France, Norway, Switzerland, Spain and Italy, and each film night will be followed by concerts and DJ sets. Rock bands will perform on the music stage, as well as Mostar&#039;s singer-songwriter Sanel Mari\u0107 Mara. Poets will also provide a special artistic atmosphere - the evening of poetry will be held on Thursday, July 31, 2025.<\/p>\n<p data-start=\"2000\" data-end=\"2152\">We close the event on Saturday, August 2, 2025, with the completion of the mural. <em data-start=\"2082\" data-end=\"2089\">Reason<\/em>, with another film screening and a performance by DJ Lubnya.<\/p>\n<p data-start=\"2154\" data-end=\"2192\">Admission to all events is free.<\/p>\n<p data-start=\"2194\" data-end=\"2321\">For daily announcements and possible program changes, follow the official pages and social networks of the Tourist Board of the City of Mostar.<\/p>\n<p><img fetchpriority=\"high\" decoding=\"async\" class=\"alignnone size-medium wp-image-5115\" src=\"https:\/\/exploremostar.ba\/wp-content\/uploads\/2025\/07\/Treca-vecer1-300x225.jpg\" alt=\"\" width=\"300\" height=\"225\" srcset=\"https:\/\/exploremostar.ba\/wp-content\/uploads\/2025\/07\/Treca-vecer1-300x225.jpg 300w, https:\/\/exploremostar.ba\/wp-content\/uploads\/2025\/07\/Treca-vecer1-1024x768.jpg 1024w, https:\/\/exploremostar.ba\/wp-content\/uploads\/2025\/07\/Treca-vecer1-768x576.jpg 768w, https:\/\/exploremostar.ba\/wp-content\/uploads\/2025\/07\/Treca-vecer1-1536x1152.jpg 1536w, https:\/\/exploremostar.ba\/wp-content\/uploads\/2025\/07\/Treca-vecer1-16x12.jpg 16w, https:\/\/exploremostar.ba\/wp-content\/uploads\/2025\/07\/Treca-vecer1-600x450.jpg 600w, https:\/\/exploremostar.ba\/wp-content\/uploads\/2025\/07\/Treca-vecer1.jpg 2000w\" sizes=\"(max-width: 300px) 100vw, 300px\" \/> <img decoding=\"async\" class=\"alignnone size-medium wp-image-5116\" src=\"https:\/\/exploremostar.ba\/wp-content\/uploads\/2025\/07\/treca-vecer2-300x244.jpg\" alt=\"\" width=\"300\" height=\"244\" srcset=\"https:\/\/exploremostar.ba\/wp-content\/uploads\/2025\/07\/treca-vecer2-300x244.jpg 300w, https:\/\/exploremostar.ba\/wp-content\/uploads\/2025\/07\/treca-vecer2-1024x831.jpg 1024w, https:\/\/exploremostar.ba\/wp-content\/uploads\/2025\/07\/treca-vecer2-768x624.jpg 768w, https:\/\/exploremostar.ba\/wp-content\/uploads\/2025\/07\/treca-vecer2-1536x1247.jpg 1536w, https:\/\/exploremostar.ba\/wp-content\/uploads\/2025\/07\/treca-vecer2-15x12.jpg 15w, https:\/\/exploremostar.ba\/wp-content\/uploads\/2025\/07\/treca-vecer2-600x487.jpg 600w, https:\/\/exploremostar.ba\/wp-content\/uploads\/2025\/07\/treca-vecer2.jpg 2000w\" sizes=\"(max-width: 300px) 100vw, 300px\" \/> <img decoding=\"async\" class=\"alignnone size-medium wp-image-5117\" src=\"https:\/\/exploremostar.ba\/wp-content\/uploads\/2025\/07\/treca-vecer3-300x178.jpg\" alt=\"\" width=\"300\" height=\"178\" srcset=\"https:\/\/exploremostar.ba\/wp-content\/uploads\/2025\/07\/treca-vecer3-300x178.jpg 300w, https:\/\/exploremostar.ba\/wp-content\/uploads\/2025\/07\/treca-vecer3-1024x608.jpg 1024w, https:\/\/exploremostar.ba\/wp-content\/uploads\/2025\/07\/treca-vecer3-768x456.jpg 768w, https:\/\/exploremostar.ba\/wp-content\/uploads\/2025\/07\/treca-vecer3-1536x912.jpg 1536w, https:\/\/exploremostar.ba\/wp-content\/uploads\/2025\/07\/treca-vecer3-18x12.jpg 18w, https:\/\/exploremostar.ba\/wp-content\/uploads\/2025\/07\/treca-vecer3-600x356.jpg 600w, https:\/\/exploremostar.ba\/wp-content\/uploads\/2025\/07\/treca-vecer3.jpg 2000w\" sizes=\"(max-width: 300px) 100vw, 300px\" \/> <img loading=\"lazy\" decoding=\"async\" class=\"alignnone size-medium wp-image-5118\" src=\"https:\/\/exploremostar.ba\/wp-content\/uploads\/2025\/07\/treca-vecer4-300x200.jpg\" alt=\"\" width=\"300\" height=\"200\" srcset=\"https:\/\/exploremostar.ba\/wp-content\/uploads\/2025\/07\/treca-vecer4-300x200.jpg 300w, https:\/\/exploremostar.ba\/wp-content\/uploads\/2025\/07\/treca-vecer4-1024x682.jpg 1024w, https:\/\/exploremostar.ba\/wp-content\/uploads\/2025\/07\/treca-vecer4-768x512.jpg 768w, https:\/\/exploremostar.ba\/wp-content\/uploads\/2025\/07\/treca-vecer4-1536x1024.jpg 1536w, https:\/\/exploremostar.ba\/wp-content\/uploads\/2025\/07\/treca-vecer4-18x12.jpg 18w, https:\/\/exploremostar.ba\/wp-content\/uploads\/2025\/07\/treca-vecer4-600x400.jpg 600w, https:\/\/exploremostar.ba\/wp-content\/uploads\/2025\/07\/treca-vecer4.jpg 2000w\" sizes=\"(max-width: 300px) 100vw, 300px\" \/> <img loading=\"lazy\" decoding=\"async\" class=\"alignnone size-medium wp-image-5119\" src=\"https:\/\/exploremostar.ba\/wp-content\/uploads\/2025\/07\/treca-vecer5-300x200.jpg\" alt=\"\" width=\"300\" height=\"200\" srcset=\"https:\/\/exploremostar.ba\/wp-content\/uploads\/2025\/07\/treca-vecer5-300x200.jpg 300w, https:\/\/exploremostar.ba\/wp-content\/uploads\/2025\/07\/treca-vecer5-1024x682.jpg 1024w, https:\/\/exploremostar.ba\/wp-content\/uploads\/2025\/07\/treca-vecer5-768x512.jpg 768w, https:\/\/exploremostar.ba\/wp-content\/uploads\/2025\/07\/treca-vecer5-1536x1024.jpg 1536w, https:\/\/exploremostar.ba\/wp-content\/uploads\/2025\/07\/treca-vecer5-18x12.jpg 18w, https:\/\/exploremostar.ba\/wp-content\/uploads\/2025\/07\/treca-vecer5-600x400.jpg 600w, https:\/\/exploremostar.ba\/wp-content\/uploads\/2025\/07\/treca-vecer5.jpg 2000w\" sizes=\"(max-width: 300px) 100vw, 300px\" \/> <img loading=\"lazy\" decoding=\"async\" class=\"alignnone size-medium wp-image-5120\" src=\"https:\/\/exploremostar.ba\/wp-content\/uploads\/2025\/07\/treca-vecer6-300x200.jpg\" alt=\"\" width=\"300\" height=\"200\" srcset=\"https:\/\/exploremostar.ba\/wp-content\/uploads\/2025\/07\/treca-vecer6-300x200.jpg 300w, https:\/\/exploremostar.ba\/wp-content\/uploads\/2025\/07\/treca-vecer6-1024x682.jpg 1024w, https:\/\/exploremostar.ba\/wp-content\/uploads\/2025\/07\/treca-vecer6-768x512.jpg 768w, https:\/\/exploremostar.ba\/wp-content\/uploads\/2025\/07\/treca-vecer6-1536x1024.jpg 1536w, https:\/\/exploremostar.ba\/wp-content\/uploads\/2025\/07\/treca-vecer6-18x12.jpg 18w, https:\/\/exploremostar.ba\/wp-content\/uploads\/2025\/07\/treca-vecer6-600x400.jpg 600w, https:\/\/exploremostar.ba\/wp-content\/uploads\/2025\/07\/treca-vecer6.jpg 2000w\" sizes=\"(max-width: 300px) 100vw, 300px\" \/><\/p>","protected":false},"excerpt":{"rendered":"<p>The Tourist Board of the City of Mostar successfully opened this year&#039;s event &quot;Summer with the Tourist Board of the City of Mostar&quot;, which takes place from July 24 to August 2 at two attractive locations - the plateau under the Old Bridge and behind Mujaga Komadine&#039;s house. The central event of the weekend was held on Sunday, July 27, when the event moved behind Mujaga Komadine&#039;s house. [\u2026]<\/p>","protected":false},"author":11,"featured_media":5119,"comment_status":"closed","ping_status":"open","sticky":false,"template":"","format":"standard","meta":{"footnotes":""},"categories":[100],"tags":[],"class_list":["post-5114","post","type-post","status-publish","format-standard","has-post-thumbnail","hentry","category-pozitivne-price"],"yoast_head":"<!-- This site is optimized with the Yoast SEO plugin v25.1 - https:\/\/yoast.com\/wordpress\/plugins\/seo\/ -->\n<title>Kreativna nedjelja - Djeca, umjetnost i film za tre\u0107i dan &#039;&#039;Ljeta s TZ Mostar&#039;&#039; - exploremostar<\/title>\n<meta name=\"robots\" content=\"index, follow, max-snippet:-1, max-image-preview:large, max-video-preview:-1\" \/>\n<link rel=\"canonical\" href=\"https:\/\/exploremostar.ba\/en\/kreativna-nedjelja-djeca-umjetnost-i-film-za-treci-dan-ljeta-s-tz-mostar\/\" \/>\n<meta property=\"og:locale\" content=\"en_US\" \/>\n<meta property=\"og:type\" content=\"article\" \/>\n<meta property=\"og:title\" content=\"Kreativna nedjelja - Djeca, umjetnost i film za tre\u0107i dan &#039;&#039;Ljeta s TZ Mostar&#039;&#039; - exploremostar\" \/>\n<meta property=\"og:description\" content=\"Turisti\u010dka zajednica Grada Mostara uspje\u0161no je otvorila ovogodi\u0161nju manifestaciju \u201eLjeto s Turisti\u010dkom zajednicom Grada Mostara\u201c, koja se odr\u017eava od 24. srpnja do 2. kolovoza na dvije atraktivne lokacije \u2013 platou ispod Starog mosta te iza ku\u0107e Mujage Komadine. Sredi\u0161nji doga\u0111aj vikenda odr\u017ean je u nedjelju, 27. srpnja, kada se manifestacija preselila iza ku\u0107e Mujage Komadine. [&hellip;]\" \/>\n<meta property=\"og:url\" content=\"https:\/\/exploremostar.ba\/en\/kreativna-nedjelja-djeca-umjetnost-i-film-za-treci-dan-ljeta-s-tz-mostar\/\" \/>\n<meta property=\"og:site_name\" content=\"exploremostar\" \/>\n<meta property=\"article:published_time\" content=\"2025-07-28T08:19:44+00:00\" \/>\n<meta property=\"article:modified_time\" content=\"2025-07-28T09:11:12+00:00\" \/>\n<meta property=\"og:image\" content=\"https:\/\/exploremostar.ba\/wp-content\/uploads\/2025\/07\/treca-vecer5.jpg\" \/>\n\t<meta property=\"og:image:width\" content=\"2000\" \/>\n\t<meta property=\"og:image:height\" content=\"1333\" \/>\n\t<meta property=\"og:image:type\" content=\"image\/jpeg\" \/>\n<meta name=\"author\" content=\"Dino Jekic\" \/>\n<meta name=\"twitter:card\" content=\"summary_large_image\" \/>\n<meta name=\"twitter:label1\" content=\"Written by\" \/>\n\t<meta name=\"twitter:data1\" content=\"Dino Jekic\" \/>\n\t<meta name=\"twitter:label2\" content=\"Est. reading time\" \/>\n\t<meta name=\"twitter:data2\" content=\"3 minutes\" \/>\n<script type=\"application\/ld+json\" class=\"yoast-schema-graph\">{\"@context\":\"https:\/\/schema.org\",\"@graph\":[{\"@type\":\"WebPage\",\"@id\":\"https:\/\/exploremostar.ba\/kreativna-nedjelja-djeca-umjetnost-i-film-za-treci-dan-ljeta-s-tz-mostar\/\",\"url\":\"https:\/\/exploremostar.ba\/kreativna-nedjelja-djeca-umjetnost-i-film-za-treci-dan-ljeta-s-tz-mostar\/\",\"name\":\"Kreativna nedjelja - Djeca, umjetnost i film za tre\u0107i dan ''Ljeta s TZ Mostar'' - exploremostar\",\"isPartOf\":{\"@id\":\"https:\/\/exploremostar.ba\/#website\"},\"primaryImageOfPage\":{\"@id\":\"https:\/\/exploremostar.ba\/kreativna-nedjelja-djeca-umjetnost-i-film-za-treci-dan-ljeta-s-tz-mostar\/#primaryimage\"},\"image\":{\"@id\":\"https:\/\/exploremostar.ba\/kreativna-nedjelja-djeca-umjetnost-i-film-za-treci-dan-ljeta-s-tz-mostar\/#primaryimage\"},\"thumbnailUrl\":\"https:\/\/exploremostar.ba\/wp-content\/uploads\/2025\/07\/treca-vecer5.jpg\",\"datePublished\":\"2025-07-28T08:19:44+00:00\",\"dateModified\":\"2025-07-28T09:11:12+00:00\",\"author\":{\"@id\":\"https:\/\/exploremostar.ba\/#\/schema\/person\/ba658e145ceeda3815df65d8fb9915c7\"},\"breadcrumb\":{\"@id\":\"https:\/\/exploremostar.ba\/kreativna-nedjelja-djeca-umjetnost-i-film-za-treci-dan-ljeta-s-tz-mostar\/#breadcrumb\"},\"inLanguage\":\"en-US\",\"potentialAction\":[{\"@type\":\"ReadAction\",\"target\":[\"https:\/\/exploremostar.ba\/kreativna-nedjelja-djeca-umjetnost-i-film-za-treci-dan-ljeta-s-tz-mostar\/\"]}]},{\"@type\":\"ImageObject\",\"inLanguage\":\"en-US\",\"@id\":\"https:\/\/exploremostar.ba\/kreativna-nedjelja-djeca-umjetnost-i-film-za-treci-dan-ljeta-s-tz-mostar\/#primaryimage\",\"url\":\"https:\/\/exploremostar.ba\/wp-content\/uploads\/2025\/07\/treca-vecer5.jpg\",\"contentUrl\":\"https:\/\/exploremostar.ba\/wp-content\/uploads\/2025\/07\/treca-vecer5.jpg\",\"width\":2000,\"height\":1333},{\"@type\":\"BreadcrumbList\",\"@id\":\"https:\/\/exploremostar.ba\/kreativna-nedjelja-djeca-umjetnost-i-film-za-treci-dan-ljeta-s-tz-mostar\/#breadcrumb\",\"itemListElement\":[{\"@type\":\"ListItem\",\"position\":1,\"name\":\"Home\",\"item\":\"https:\/\/exploremostar.ba\/\"},{\"@type\":\"ListItem\",\"position\":2,\"name\":\"Kreativna nedjelja &#8211; Djeca, umjetnost i film za tre\u0107i dan &#8221;Ljeta s TZ Mostar&#8221;\"}]},{\"@type\":\"WebSite\",\"@id\":\"https:\/\/exploremostar.ba\/#website\",\"url\":\"https:\/\/exploremostar.ba\/\",\"name\":\"exploremostar\",\"description\":\"Where bridges tell stories\",\"potentialAction\":[{\"@type\":\"SearchAction\",\"target\":{\"@type\":\"EntryPoint\",\"urlTemplate\":\"https:\/\/exploremostar.ba\/?s={search_term_string}\"},\"query-input\":{\"@type\":\"PropertyValueSpecification\",\"valueRequired\":true,\"valueName\":\"search_term_string\"}}],\"inLanguage\":\"en-US\"},{\"@type\":\"Person\",\"@id\":\"https:\/\/exploremostar.ba\/#\/schema\/person\/ba658e145ceeda3815df65d8fb9915c7\",\"name\":\"Dino Jekic\",\"image\":{\"@type\":\"ImageObject\",\"inLanguage\":\"en-US\",\"@id\":\"https:\/\/exploremostar.ba\/#\/schema\/person\/image\/\",\"url\":\"https:\/\/secure.gravatar.com\/avatar\/069d3f51f3e6bcef26bc4581da3ae12333ce97dcefaf5b817593df50933bfefb?s=96&d=https%3A%2F%2Fui-avatars.com%2Fapi%2FDino%20JekicDino%2F96%2F546de5%2Ffff%2F1%2F0.4%2F%2F1%2F1&r=g\",\"contentUrl\":\"https:\/\/secure.gravatar.com\/avatar\/069d3f51f3e6bcef26bc4581da3ae12333ce97dcefaf5b817593df50933bfefb?s=96&d=https%3A%2F%2Fui-avatars.com%2Fapi%2FDino%20JekicDino%2F96%2F546de5%2Ffff%2F1%2F0.4%2F%2F1%2F1&r=g\",\"caption\":\"Dino Jekic\"},\"url\":\"https:\/\/exploremostar.ba\/en\/author\/dino\/\"}]}<\/script>\n<!-- \/ Yoast SEO plugin. -->","yoast_head_json":{"title":"Kreativna nedjelja - Djeca, umjetnost i film za tre\u0107i dan ''Ljeta s TZ Mostar'' - exploremostar","robots":{"index":"index","follow":"follow","max-snippet":"max-snippet:-1","max-image-preview":"max-image-preview:large","max-video-preview":"max-video-preview:-1"},"canonical":"https:\/\/exploremostar.ba\/en\/kreativna-nedjelja-djeca-umjetnost-i-film-za-treci-dan-ljeta-s-tz-mostar\/","og_locale":"en_US","og_type":"article","og_title":"Kreativna nedjelja - Djeca, umjetnost i film za tre\u0107i dan ''Ljeta s TZ Mostar'' - exploremostar","og_description":"Turisti\u010dka zajednica Grada Mostara uspje\u0161no je otvorila ovogodi\u0161nju manifestaciju \u201eLjeto s Turisti\u010dkom zajednicom Grada Mostara\u201c, koja se odr\u017eava od 24. srpnja do 2. kolovoza na dvije atraktivne lokacije \u2013 platou ispod Starog mosta te iza ku\u0107e Mujage Komadine. Sredi\u0161nji doga\u0111aj vikenda odr\u017ean je u nedjelju, 27. srpnja, kada se manifestacija preselila iza ku\u0107e Mujage Komadine. [&hellip;]","og_url":"https:\/\/exploremostar.ba\/en\/kreativna-nedjelja-djeca-umjetnost-i-film-za-treci-dan-ljeta-s-tz-mostar\/","og_site_name":"exploremostar","article_published_time":"2025-07-28T08:19:44+00:00","article_modified_time":"2025-07-28T09:11:12+00:00","og_image":[{"width":2000,"height":1333,"url":"https:\/\/exploremostar.ba\/wp-content\/uploads\/2025\/07\/treca-vecer5.jpg","type":"image\/jpeg"}],"author":"Dino Jekic","twitter_card":"summary_large_image","twitter_misc":{"Written by":"Dino Jekic","Est. reading time":"3 minutes"},"schema":{"@context":"https:\/\/schema.org","@graph":[{"@type":"WebPage","@id":"https:\/\/exploremostar.ba\/kreativna-nedjelja-djeca-umjetnost-i-film-za-treci-dan-ljeta-s-tz-mostar\/","url":"https:\/\/exploremostar.ba\/kreativna-nedjelja-djeca-umjetnost-i-film-za-treci-dan-ljeta-s-tz-mostar\/","name":"Kreativna nedjelja - Djeca, umjetnost i film za tre\u0107i dan ''Ljeta s TZ Mostar'' - exploremostar","isPartOf":{"@id":"https:\/\/exploremostar.ba\/#website"},"primaryImageOfPage":{"@id":"https:\/\/exploremostar.ba\/kreativna-nedjelja-djeca-umjetnost-i-film-za-treci-dan-ljeta-s-tz-mostar\/#primaryimage"},"image":{"@id":"https:\/\/exploremostar.ba\/kreativna-nedjelja-djeca-umjetnost-i-film-za-treci-dan-ljeta-s-tz-mostar\/#primaryimage"},"thumbnailUrl":"https:\/\/exploremostar.ba\/wp-content\/uploads\/2025\/07\/treca-vecer5.jpg","datePublished":"2025-07-28T08:19:44+00:00","dateModified":"2025-07-28T09:11:12+00:00","author":{"@id":"https:\/\/exploremostar.ba\/#\/schema\/person\/ba658e145ceeda3815df65d8fb9915c7"},"breadcrumb":{"@id":"https:\/\/exploremostar.ba\/kreativna-nedjelja-djeca-umjetnost-i-film-za-treci-dan-ljeta-s-tz-mostar\/#breadcrumb"},"inLanguage":"en-US","potentialAction":[{"@type":"ReadAction","target":["https:\/\/exploremostar.ba\/kreativna-nedjelja-djeca-umjetnost-i-film-za-treci-dan-ljeta-s-tz-mostar\/"]}]},{"@type":"ImageObject","inLanguage":"en-US","@id":"https:\/\/exploremostar.ba\/kreativna-nedjelja-djeca-umjetnost-i-film-za-treci-dan-ljeta-s-tz-mostar\/#primaryimage","url":"https:\/\/exploremostar.ba\/wp-content\/uploads\/2025\/07\/treca-vecer5.jpg","contentUrl":"https:\/\/exploremostar.ba\/wp-content\/uploads\/2025\/07\/treca-vecer5.jpg","width":2000,"height":1333},{"@type":"BreadcrumbList","@id":"https:\/\/exploremostar.ba\/kreativna-nedjelja-djeca-umjetnost-i-film-za-treci-dan-ljeta-s-tz-mostar\/#breadcrumb","itemListElement":[{"@type":"ListItem","position":1,"name":"Home","item":"https:\/\/exploremostar.ba\/"},{"@type":"ListItem","position":2,"name":"Kreativna nedjelja &#8211; Djeca, umjetnost i film za tre\u0107i dan &#8221;Ljeta s TZ Mostar&#8221;"}]},{"@type":"WebSite","@id":"https:\/\/exploremostar.ba\/#website","url":"https:\/\/exploremostar.ba\/","name":"exploremostar","description":"Where bridges tell stories","potentialAction":[{"@type":"SearchAction","target":{"@type":"EntryPoint","urlTemplate":"https:\/\/exploremostar.ba\/?s={search_term_string}"},"query-input":{"@type":"PropertyValueSpecification","valueRequired":true,"valueName":"search_term_string"}}],"inLanguage":"en-US"},{"@type":"Person","@id":"https:\/\/exploremostar.ba\/#\/schema\/person\/ba658e145ceeda3815df65d8fb9915c7","name":"Dino Jekic","image":{"@type":"ImageObject","inLanguage":"en-US","@id":"https:\/\/exploremostar.ba\/#\/schema\/person\/image\/","url":"https:\/\/secure.gravatar.com\/avatar\/069d3f51f3e6bcef26bc4581da3ae12333ce97dcefaf5b817593df50933bfefb?s=96&d=https%3A%2F%2Fui-avatars.com%2Fapi%2FDino%20JekicDino%2F96%2F546de5%2Ffff%2F1%2F0.4%2F%2F1%2F1&r=g","contentUrl":"https:\/\/secure.gravatar.com\/avatar\/069d3f51f3e6bcef26bc4581da3ae12333ce97dcefaf5b817593df50933bfefb?s=96&d=https%3A%2F%2Fui-avatars.com%2Fapi%2FDino%20JekicDino%2F96%2F546de5%2Ffff%2F1%2F0.4%2F%2F1%2F1&r=g","caption":"Dino Jekic"},"url":"https:\/\/exploremostar.ba\/en\/author\/dino\/"}]}},"rttpg_featured_image_url":{"full":["https:\/\/exploremostar.ba\/wp-content\/uploads\/2025\/07\/treca-vecer5.jpg",2000,1333,false],"landscape":["https:\/\/exploremostar.ba\/wp-content\/uploads\/2025\/07\/treca-vecer5.jpg",2000,1333,false],"portraits":["https:\/\/exploremostar.ba\/wp-content\/uploads\/2025\/07\/treca-vecer5.jpg",2000,1333,false],"thumbnail":["https:\/\/exploremostar.ba\/wp-content\/uploads\/2025\/07\/treca-vecer5-150x150.jpg",150,150,true],"medium":["https:\/\/exploremostar.ba\/wp-content\/uploads\/2025\/07\/treca-vecer5-300x200.jpg",300,200,true],"large":["https:\/\/exploremostar.ba\/wp-content\/uploads\/2025\/07\/treca-vecer5-1024x682.jpg",1024,682,true],"1536x1536":["https:\/\/exploremostar.ba\/wp-content\/uploads\/2025\/07\/treca-vecer5-1536x1024.jpg",1536,1024,true],"2048x2048":["https:\/\/exploremostar.ba\/wp-content\/uploads\/2025\/07\/treca-vecer5.jpg",2000,1333,false],"trp-custom-language-flag":["https:\/\/exploremostar.ba\/wp-content\/uploads\/2025\/07\/treca-vecer5-18x12.jpg",18,12,true],"woocommerce_thumbnail":["https:\/\/exploremostar.ba\/wp-content\/uploads\/2025\/07\/treca-vecer5-300x300.jpg",300,300,true],"woocommerce_single":["https:\/\/exploremostar.ba\/wp-content\/uploads\/2025\/07\/treca-vecer5-600x400.jpg",600,400,true],"woocommerce_gallery_thumbnail":["https:\/\/exploremostar.ba\/wp-content\/uploads\/2025\/07\/treca-vecer5-100x100.jpg",100,100,true],"rt_custom":["https:\/\/exploremostar.ba\/wp-content\/uploads\/2025\/07\/treca-vecer5.jpg",2000,1333,false]},"rttpg_author":{"display_name":"Dino Jekic","author_link":"https:\/\/exploremostar.ba\/en\/author\/dino\/"},"rttpg_comment":0,"rttpg_category":"<a href=\"https:\/\/exploremostar.ba\/en\/post-category\/pozitivne-price\/\" rel=\"category tag\">Pozitivne pri\u010de<\/a>","rttpg_excerpt":"Turisti\u010dka zajednica Grada Mostara uspje\u0161no je otvorila ovogodi\u0161nju manifestaciju \u201eLjeto s Turisti\u010dkom zajednicom Grada Mostara\u201c, koja se odr\u017eava od 24. srpnja do 2. kolovoza na dvije atraktivne lokacije \u2013 platou ispod Starog mosta te iza ku\u0107e Mujage Komadine. Sredi\u0161nji doga\u0111aj vikenda odr\u017ean je u nedjelju, 27. srpnja, kada se manifestacija preselila iza ku\u0107e Mujage Komadine.&hellip;","acf":[],"_links":{"self":[{"href":"https:\/\/exploremostar.ba\/en\/wp-json\/wp\/v2\/posts\/5114","targetHints":{"allow":["GET"]}}],"collection":[{"href":"https:\/\/exploremostar.ba\/en\/wp-json\/wp\/v2\/posts"}],"about":[{"href":"https:\/\/exploremostar.ba\/en\/wp-json\/wp\/v2\/types\/post"}],"author":[{"embeddable":true,"href":"https:\/\/exploremostar.ba\/en\/wp-json\/wp\/v2\/users\/11"}],"replies":[{"embeddable":true,"href":"https:\/\/exploremostar.ba\/en\/wp-json\/wp\/v2\/comments?post=5114"}],"version-history":[{"count":5,"href":"https:\/\/exploremostar.ba\/en\/wp-json\/wp\/v2\/posts\/5114\/revisions"}],"predecessor-version":[{"id":5128,"href":"https:\/\/exploremostar.ba\/en\/wp-json\/wp\/v2\/posts\/5114\/revisions\/5128"}],"wp:featuredmedia":[{"embeddable":true,"href":"https:\/\/exploremostar.ba\/en\/wp-json\/wp\/v2\/media\/5119"}],"wp:attachment":[{"href":"https:\/\/exploremostar.ba\/en\/wp-json\/wp\/v2\/media?parent=5114"}],"wp:term":[{"taxonomy":"category","embeddable":true,"href":"https:\/\/exploremostar.ba\/en\/wp-json\/wp\/v2\/categories?post=5114"},{"taxonomy":"post_tag","embeddable":true,"href":"https:\/\/exploremostar.ba\/en\/wp-json\/wp\/v2\/tags?post=5114"}],"curies":[{"name":"wp","href":"https:\/\/api.w.org\/{rel}","templated":true}]}}