{"id":5106,"date":"2025-07-26T08:38:47","date_gmt":"2025-07-26T07:38:47","guid":{"rendered":"https:\/\/exploremostar.ba\/?p=5106"},"modified":"2025-07-26T08:38:47","modified_gmt":"2025-07-26T07:38:47","slug":"druga-vecer-filmska-carolija-i-glazba-pod-starim-mostom","status":"publish","type":"post","link":"https:\/\/exploremostar.ba\/en\/druga-vecer-filmska-carolija-i-glazba-pod-starim-mostom\/","title":{"rendered":"Second evening: Movie magic and music under the Old Bridge"},"content":{"rendered":"<p style=\"font-weight: 400;\">Last night, under the starry sky, the program of the cultural and entertainment event &quot;Summer with the Tourist Association of the City of Mostar&quot; continued. The visitors had the opportunity to enjoy the screening of the award-winning Norwegian film &quot;Ninjababy&quot;, and the evening was further enlivened with a DJ set by Amer \u0160ehovi\u0107, who made the crowd dance on the plateau under the Old Bridge.<\/p>\n<p style=\"font-weight: 400;\">This combination of European cinematography and the music scene once again confirmed that Mostar is becoming an unavoidable summer cultural destination.<\/p>\n<p>The program continues tonight, Saturday, July 26, 2025, when there is a screening of the French film &quot;A Real Job&quot; starting at 8:30 p.m., and after that DJ Amir Groove will take over the atmosphere at the foot of the Old Bridge from 10:00 p.m.<\/p>\n<p style=\"font-weight: 400;\">We especially highlight the central event of the manifestation, which awaits us on Sunday, July 27, 2025, when the program moves behind Mujaga Komadine&#039;s house. On that day, the youngest can expect a music workshop by Marko Jakovljevi\u0107, a screening of an animated film and the opening of an exhibition of children&#039;s works. At the same time, the painting of a large mural begins as part of the Rezon mural program.<\/p>\n<p>In the following week, the audience can expect evenings dedicated to French, Norwegian, Swiss, Spanish and Italian films, concerts by rock bands from Mostar and a performance by singer-songwriter Sanel Mari\u0107 Mara, while on July 31 the evening will be dedicated to poetry.<\/p>\n<p>The event closes on August 2nd with the completion of the Rezon mural, another projection, and a performance by DJ Lubnya.<\/p>\n<p>Admission to all events is free. For daily announcements and possible program changes, follow the official website and social networks of the Tourist Board of the City of Mostar.<\/p>\n<p style=\"font-weight: 400;\">.<img fetchpriority=\"high\" decoding=\"async\" class=\"alignnone size-medium wp-image-5107\" src=\"https:\/\/exploremostar.ba\/wp-content\/uploads\/2025\/07\/Druga-vecer1-300x225.jpg\" alt=\"\" width=\"300\" height=\"225\" srcset=\"https:\/\/exploremostar.ba\/wp-content\/uploads\/2025\/07\/Druga-vecer1-300x225.jpg 300w, https:\/\/exploremostar.ba\/wp-content\/uploads\/2025\/07\/Druga-vecer1-1024x768.jpg 1024w, https:\/\/exploremostar.ba\/wp-content\/uploads\/2025\/07\/Druga-vecer1-768x576.jpg 768w, https:\/\/exploremostar.ba\/wp-content\/uploads\/2025\/07\/Druga-vecer1-1536x1152.jpg 1536w, https:\/\/exploremostar.ba\/wp-content\/uploads\/2025\/07\/Druga-vecer1-16x12.jpg 16w, https:\/\/exploremostar.ba\/wp-content\/uploads\/2025\/07\/Druga-vecer1-600x450.jpg 600w, https:\/\/exploremostar.ba\/wp-content\/uploads\/2025\/07\/Druga-vecer1.jpg 2000w\" sizes=\"(max-width: 300px) 100vw, 300px\" \/> <img decoding=\"async\" class=\"alignnone size-medium wp-image-5108\" src=\"https:\/\/exploremostar.ba\/wp-content\/uploads\/2025\/07\/Druga-vecer2-300x225.jpg\" alt=\"\" width=\"300\" height=\"225\" srcset=\"https:\/\/exploremostar.ba\/wp-content\/uploads\/2025\/07\/Druga-vecer2-300x225.jpg 300w, https:\/\/exploremostar.ba\/wp-content\/uploads\/2025\/07\/Druga-vecer2-1024x768.jpg 1024w, https:\/\/exploremostar.ba\/wp-content\/uploads\/2025\/07\/Druga-vecer2-768x576.jpg 768w, https:\/\/exploremostar.ba\/wp-content\/uploads\/2025\/07\/Druga-vecer2-1536x1152.jpg 1536w, https:\/\/exploremostar.ba\/wp-content\/uploads\/2025\/07\/Druga-vecer2-16x12.jpg 16w, https:\/\/exploremostar.ba\/wp-content\/uploads\/2025\/07\/Druga-vecer2-600x450.jpg 600w, https:\/\/exploremostar.ba\/wp-content\/uploads\/2025\/07\/Druga-vecer2.jpg 2000w\" sizes=\"(max-width: 300px) 100vw, 300px\" \/> <img decoding=\"async\" class=\"alignnone size-medium wp-image-5109\" src=\"https:\/\/exploremostar.ba\/wp-content\/uploads\/2025\/07\/Druga-vecer3-300x225.jpg\" alt=\"\" width=\"300\" height=\"225\" srcset=\"https:\/\/exploremostar.ba\/wp-content\/uploads\/2025\/07\/Druga-vecer3-300x225.jpg 300w, https:\/\/exploremostar.ba\/wp-content\/uploads\/2025\/07\/Druga-vecer3-1024x768.jpg 1024w, https:\/\/exploremostar.ba\/wp-content\/uploads\/2025\/07\/Druga-vecer3-768x576.jpg 768w, https:\/\/exploremostar.ba\/wp-content\/uploads\/2025\/07\/Druga-vecer3-1536x1152.jpg 1536w, https:\/\/exploremostar.ba\/wp-content\/uploads\/2025\/07\/Druga-vecer3-16x12.jpg 16w, https:\/\/exploremostar.ba\/wp-content\/uploads\/2025\/07\/Druga-vecer3-600x450.jpg 600w, https:\/\/exploremostar.ba\/wp-content\/uploads\/2025\/07\/Druga-vecer3.jpg 2000w\" sizes=\"(max-width: 300px) 100vw, 300px\" \/> <img loading=\"lazy\" decoding=\"async\" class=\"alignnone size-medium wp-image-5110\" src=\"https:\/\/exploremostar.ba\/wp-content\/uploads\/2025\/07\/Druga-vecer4-300x225.jpg\" alt=\"\" width=\"300\" height=\"225\" srcset=\"https:\/\/exploremostar.ba\/wp-content\/uploads\/2025\/07\/Druga-vecer4-300x225.jpg 300w, https:\/\/exploremostar.ba\/wp-content\/uploads\/2025\/07\/Druga-vecer4-1024x768.jpg 1024w, https:\/\/exploremostar.ba\/wp-content\/uploads\/2025\/07\/Druga-vecer4-768x576.jpg 768w, https:\/\/exploremostar.ba\/wp-content\/uploads\/2025\/07\/Druga-vecer4-1536x1152.jpg 1536w, https:\/\/exploremostar.ba\/wp-content\/uploads\/2025\/07\/Druga-vecer4-16x12.jpg 16w, https:\/\/exploremostar.ba\/wp-content\/uploads\/2025\/07\/Druga-vecer4-600x450.jpg 600w, https:\/\/exploremostar.ba\/wp-content\/uploads\/2025\/07\/Druga-vecer4.jpg 2000w\" sizes=\"(max-width: 300px) 100vw, 300px\" \/><\/p>","protected":false},"excerpt":{"rendered":"<p>Under the starry sky, the program of the cultural and entertainment event &quot;Summer with the Tourist Board of the City of Mostar&quot; continued last night. The visitors had the opportunity to enjoy the screening of the award-winning Norwegian film &quot;Ninjababy&quot;, and the evening was further enlivened with a DJ set by Amer \u0160ehovi\u0107, who made the crowd dance on the plateau under the Old Bridge. This combination of European cinematography and the music scene is once again [...]<\/p>","protected":false},"author":11,"featured_media":5107,"comment_status":"closed","ping_status":"open","sticky":false,"template":"","format":"standard","meta":{"footnotes":""},"categories":[100],"tags":[],"class_list":["post-5106","post","type-post","status-publish","format-standard","has-post-thumbnail","hentry","category-pozitivne-price"],"yoast_head":"<!-- This site is optimized with the Yoast SEO plugin v25.1 - https:\/\/yoast.com\/wordpress\/plugins\/seo\/ -->\n<title>Druga ve\u010der: Filmska \u010darolija i glazba pod Starim mostom - exploremostar<\/title>\n<meta name=\"robots\" content=\"index, follow, max-snippet:-1, max-image-preview:large, max-video-preview:-1\" \/>\n<link rel=\"canonical\" href=\"https:\/\/exploremostar.ba\/en\/druga-vecer-filmska-carolija-i-glazba-pod-starim-mostom\/\" \/>\n<meta property=\"og:locale\" content=\"en_US\" \/>\n<meta property=\"og:type\" content=\"article\" \/>\n<meta property=\"og:title\" content=\"Druga ve\u010der: Filmska \u010darolija i glazba pod Starim mostom - exploremostar\" \/>\n<meta property=\"og:description\" content=\"Pod zvjezdanim nebom sino\u0107 je nastavljen program kulturno-zabavne manifestacije \u201eLjeto s Turisti\u010dkom zajednicom Grada Mostara\u201c. Posjetitelji su imali priliku u\u017eivati u projekciji nagra\u0111ivanog norve\u0161kog filma \u201eNinjababy\u201c, a ve\u010der je dodatno o\u017eivjela uz DJ set Amera \u0160ehovi\u0107a koji je rasplesao okupljene na platou ispod Starog mosta. Ovaj spoj europske kinematografije i glazbene scene jo\u0161 jednom je [&hellip;]\" \/>\n<meta property=\"og:url\" content=\"https:\/\/exploremostar.ba\/en\/druga-vecer-filmska-carolija-i-glazba-pod-starim-mostom\/\" \/>\n<meta property=\"og:site_name\" content=\"exploremostar\" \/>\n<meta property=\"article:published_time\" content=\"2025-07-26T07:38:47+00:00\" \/>\n<meta property=\"og:image\" content=\"https:\/\/exploremostar.ba\/wp-content\/uploads\/2025\/07\/Druga-vecer1.jpg\" \/>\n\t<meta property=\"og:image:width\" content=\"2000\" \/>\n\t<meta property=\"og:image:height\" content=\"1500\" \/>\n\t<meta property=\"og:image:type\" content=\"image\/jpeg\" \/>\n<meta name=\"author\" content=\"Dino Jekic\" \/>\n<meta name=\"twitter:card\" content=\"summary_large_image\" \/>\n<meta name=\"twitter:label1\" content=\"Written by\" \/>\n\t<meta name=\"twitter:data1\" content=\"Dino Jekic\" \/>\n\t<meta name=\"twitter:label2\" content=\"Est. reading time\" \/>\n\t<meta name=\"twitter:data2\" content=\"2 minutes\" \/>\n<script type=\"application\/ld+json\" class=\"yoast-schema-graph\">{\"@context\":\"https:\/\/schema.org\",\"@graph\":[{\"@type\":\"WebPage\",\"@id\":\"https:\/\/exploremostar.ba\/druga-vecer-filmska-carolija-i-glazba-pod-starim-mostom\/\",\"url\":\"https:\/\/exploremostar.ba\/druga-vecer-filmska-carolija-i-glazba-pod-starim-mostom\/\",\"name\":\"Druga ve\u010der: Filmska \u010darolija i glazba pod Starim mostom - exploremostar\",\"isPartOf\":{\"@id\":\"https:\/\/exploremostar.ba\/#website\"},\"primaryImageOfPage\":{\"@id\":\"https:\/\/exploremostar.ba\/druga-vecer-filmska-carolija-i-glazba-pod-starim-mostom\/#primaryimage\"},\"image\":{\"@id\":\"https:\/\/exploremostar.ba\/druga-vecer-filmska-carolija-i-glazba-pod-starim-mostom\/#primaryimage\"},\"thumbnailUrl\":\"https:\/\/exploremostar.ba\/wp-content\/uploads\/2025\/07\/Druga-vecer1.jpg\",\"datePublished\":\"2025-07-26T07:38:47+00:00\",\"author\":{\"@id\":\"https:\/\/exploremostar.ba\/#\/schema\/person\/ba658e145ceeda3815df65d8fb9915c7\"},\"breadcrumb\":{\"@id\":\"https:\/\/exploremostar.ba\/druga-vecer-filmska-carolija-i-glazba-pod-starim-mostom\/#breadcrumb\"},\"inLanguage\":\"en-US\",\"potentialAction\":[{\"@type\":\"ReadAction\",\"target\":[\"https:\/\/exploremostar.ba\/druga-vecer-filmska-carolija-i-glazba-pod-starim-mostom\/\"]}]},{\"@type\":\"ImageObject\",\"inLanguage\":\"en-US\",\"@id\":\"https:\/\/exploremostar.ba\/druga-vecer-filmska-carolija-i-glazba-pod-starim-mostom\/#primaryimage\",\"url\":\"https:\/\/exploremostar.ba\/wp-content\/uploads\/2025\/07\/Druga-vecer1.jpg\",\"contentUrl\":\"https:\/\/exploremostar.ba\/wp-content\/uploads\/2025\/07\/Druga-vecer1.jpg\",\"width\":2000,\"height\":1500},{\"@type\":\"BreadcrumbList\",\"@id\":\"https:\/\/exploremostar.ba\/druga-vecer-filmska-carolija-i-glazba-pod-starim-mostom\/#breadcrumb\",\"itemListElement\":[{\"@type\":\"ListItem\",\"position\":1,\"name\":\"Home\",\"item\":\"https:\/\/exploremostar.ba\/\"},{\"@type\":\"ListItem\",\"position\":2,\"name\":\"Druga ve\u010der: Filmska \u010darolija i glazba pod Starim mostom\"}]},{\"@type\":\"WebSite\",\"@id\":\"https:\/\/exploremostar.ba\/#website\",\"url\":\"https:\/\/exploremostar.ba\/\",\"name\":\"exploremostar\",\"description\":\"Where bridges tell stories\",\"potentialAction\":[{\"@type\":\"SearchAction\",\"target\":{\"@type\":\"EntryPoint\",\"urlTemplate\":\"https:\/\/exploremostar.ba\/?s={search_term_string}\"},\"query-input\":{\"@type\":\"PropertyValueSpecification\",\"valueRequired\":true,\"valueName\":\"search_term_string\"}}],\"inLanguage\":\"en-US\"},{\"@type\":\"Person\",\"@id\":\"https:\/\/exploremostar.ba\/#\/schema\/person\/ba658e145ceeda3815df65d8fb9915c7\",\"name\":\"Dino Jekic\",\"image\":{\"@type\":\"ImageObject\",\"inLanguage\":\"en-US\",\"@id\":\"https:\/\/exploremostar.ba\/#\/schema\/person\/image\/\",\"url\":\"https:\/\/secure.gravatar.com\/avatar\/069d3f51f3e6bcef26bc4581da3ae12333ce97dcefaf5b817593df50933bfefb?s=96&d=https%3A%2F%2Fui-avatars.com%2Fapi%2FDino%20JekicDino%2F96%2F546de5%2Ffff%2F1%2F0.4%2F%2F1%2F1&r=g\",\"contentUrl\":\"https:\/\/secure.gravatar.com\/avatar\/069d3f51f3e6bcef26bc4581da3ae12333ce97dcefaf5b817593df50933bfefb?s=96&d=https%3A%2F%2Fui-avatars.com%2Fapi%2FDino%20JekicDino%2F96%2F546de5%2Ffff%2F1%2F0.4%2F%2F1%2F1&r=g\",\"caption\":\"Dino Jekic\"},\"url\":\"https:\/\/exploremostar.ba\/en\/author\/dino\/\"}]}<\/script>\n<!-- \/ Yoast SEO plugin. -->","yoast_head_json":{"title":"Druga ve\u010der: Filmska \u010darolija i glazba pod Starim mostom - exploremostar","robots":{"index":"index","follow":"follow","max-snippet":"max-snippet:-1","max-image-preview":"max-image-preview:large","max-video-preview":"max-video-preview:-1"},"canonical":"https:\/\/exploremostar.ba\/en\/druga-vecer-filmska-carolija-i-glazba-pod-starim-mostom\/","og_locale":"en_US","og_type":"article","og_title":"Druga ve\u010der: Filmska \u010darolija i glazba pod Starim mostom - exploremostar","og_description":"Pod zvjezdanim nebom sino\u0107 je nastavljen program kulturno-zabavne manifestacije \u201eLjeto s Turisti\u010dkom zajednicom Grada Mostara\u201c. Posjetitelji su imali priliku u\u017eivati u projekciji nagra\u0111ivanog norve\u0161kog filma \u201eNinjababy\u201c, a ve\u010der je dodatno o\u017eivjela uz DJ set Amera \u0160ehovi\u0107a koji je rasplesao okupljene na platou ispod Starog mosta. Ovaj spoj europske kinematografije i glazbene scene jo\u0161 jednom je [&hellip;]","og_url":"https:\/\/exploremostar.ba\/en\/druga-vecer-filmska-carolija-i-glazba-pod-starim-mostom\/","og_site_name":"exploremostar","article_published_time":"2025-07-26T07:38:47+00:00","og_image":[{"width":2000,"height":1500,"url":"https:\/\/exploremostar.ba\/wp-content\/uploads\/2025\/07\/Druga-vecer1.jpg","type":"image\/jpeg"}],"author":"Dino Jekic","twitter_card":"summary_large_image","twitter_misc":{"Written by":"Dino Jekic","Est. reading time":"2 minutes"},"schema":{"@context":"https:\/\/schema.org","@graph":[{"@type":"WebPage","@id":"https:\/\/exploremostar.ba\/druga-vecer-filmska-carolija-i-glazba-pod-starim-mostom\/","url":"https:\/\/exploremostar.ba\/druga-vecer-filmska-carolija-i-glazba-pod-starim-mostom\/","name":"Druga ve\u010der: Filmska \u010darolija i glazba pod Starim mostom - exploremostar","isPartOf":{"@id":"https:\/\/exploremostar.ba\/#website"},"primaryImageOfPage":{"@id":"https:\/\/exploremostar.ba\/druga-vecer-filmska-carolija-i-glazba-pod-starim-mostom\/#primaryimage"},"image":{"@id":"https:\/\/exploremostar.ba\/druga-vecer-filmska-carolija-i-glazba-pod-starim-mostom\/#primaryimage"},"thumbnailUrl":"https:\/\/exploremostar.ba\/wp-content\/uploads\/2025\/07\/Druga-vecer1.jpg","datePublished":"2025-07-26T07:38:47+00:00","author":{"@id":"https:\/\/exploremostar.ba\/#\/schema\/person\/ba658e145ceeda3815df65d8fb9915c7"},"breadcrumb":{"@id":"https:\/\/exploremostar.ba\/druga-vecer-filmska-carolija-i-glazba-pod-starim-mostom\/#breadcrumb"},"inLanguage":"en-US","potentialAction":[{"@type":"ReadAction","target":["https:\/\/exploremostar.ba\/druga-vecer-filmska-carolija-i-glazba-pod-starim-mostom\/"]}]},{"@type":"ImageObject","inLanguage":"en-US","@id":"https:\/\/exploremostar.ba\/druga-vecer-filmska-carolija-i-glazba-pod-starim-mostom\/#primaryimage","url":"https:\/\/exploremostar.ba\/wp-content\/uploads\/2025\/07\/Druga-vecer1.jpg","contentUrl":"https:\/\/exploremostar.ba\/wp-content\/uploads\/2025\/07\/Druga-vecer1.jpg","width":2000,"height":1500},{"@type":"BreadcrumbList","@id":"https:\/\/exploremostar.ba\/druga-vecer-filmska-carolija-i-glazba-pod-starim-mostom\/#breadcrumb","itemListElement":[{"@type":"ListItem","position":1,"name":"Home","item":"https:\/\/exploremostar.ba\/"},{"@type":"ListItem","position":2,"name":"Druga ve\u010der: Filmska \u010darolija i glazba pod Starim mostom"}]},{"@type":"WebSite","@id":"https:\/\/exploremostar.ba\/#website","url":"https:\/\/exploremostar.ba\/","name":"exploremostar","description":"Where bridges tell stories","potentialAction":[{"@type":"SearchAction","target":{"@type":"EntryPoint","urlTemplate":"https:\/\/exploremostar.ba\/?s={search_term_string}"},"query-input":{"@type":"PropertyValueSpecification","valueRequired":true,"valueName":"search_term_string"}}],"inLanguage":"en-US"},{"@type":"Person","@id":"https:\/\/exploremostar.ba\/#\/schema\/person\/ba658e145ceeda3815df65d8fb9915c7","name":"Dino Jekic","image":{"@type":"ImageObject","inLanguage":"en-US","@id":"https:\/\/exploremostar.ba\/#\/schema\/person\/image\/","url":"https:\/\/secure.gravatar.com\/avatar\/069d3f51f3e6bcef26bc4581da3ae12333ce97dcefaf5b817593df50933bfefb?s=96&d=https%3A%2F%2Fui-avatars.com%2Fapi%2FDino%20JekicDino%2F96%2F546de5%2Ffff%2F1%2F0.4%2F%2F1%2F1&r=g","contentUrl":"https:\/\/secure.gravatar.com\/avatar\/069d3f51f3e6bcef26bc4581da3ae12333ce97dcefaf5b817593df50933bfefb?s=96&d=https%3A%2F%2Fui-avatars.com%2Fapi%2FDino%20JekicDino%2F96%2F546de5%2Ffff%2F1%2F0.4%2F%2F1%2F1&r=g","caption":"Dino Jekic"},"url":"https:\/\/exploremostar.ba\/en\/author\/dino\/"}]}},"rttpg_featured_image_url":{"full":["https:\/\/exploremostar.ba\/wp-content\/uploads\/2025\/07\/Druga-vecer1.jpg",2000,1500,false],"landscape":["https:\/\/exploremostar.ba\/wp-content\/uploads\/2025\/07\/Druga-vecer1.jpg",2000,1500,false],"portraits":["https:\/\/exploremostar.ba\/wp-content\/uploads\/2025\/07\/Druga-vecer1.jpg",2000,1500,false],"thumbnail":["https:\/\/exploremostar.ba\/wp-content\/uploads\/2025\/07\/Druga-vecer1-150x150.jpg",150,150,true],"medium":["https:\/\/exploremostar.ba\/wp-content\/uploads\/2025\/07\/Druga-vecer1-300x225.jpg",300,225,true],"large":["https:\/\/exploremostar.ba\/wp-content\/uploads\/2025\/07\/Druga-vecer1-1024x768.jpg",1024,768,true],"1536x1536":["https:\/\/exploremostar.ba\/wp-content\/uploads\/2025\/07\/Druga-vecer1-1536x1152.jpg",1536,1152,true],"2048x2048":["https:\/\/exploremostar.ba\/wp-content\/uploads\/2025\/07\/Druga-vecer1.jpg",2000,1500,false],"trp-custom-language-flag":["https:\/\/exploremostar.ba\/wp-content\/uploads\/2025\/07\/Druga-vecer1-16x12.jpg",16,12,true],"woocommerce_thumbnail":["https:\/\/exploremostar.ba\/wp-content\/uploads\/2025\/07\/Druga-vecer1-300x300.jpg",300,300,true],"woocommerce_single":["https:\/\/exploremostar.ba\/wp-content\/uploads\/2025\/07\/Druga-vecer1-600x450.jpg",600,450,true],"woocommerce_gallery_thumbnail":["https:\/\/exploremostar.ba\/wp-content\/uploads\/2025\/07\/Druga-vecer1-100x100.jpg",100,100,true],"rt_custom":["https:\/\/exploremostar.ba\/wp-content\/uploads\/2025\/07\/Druga-vecer1.jpg",2000,1500,false]},"rttpg_author":{"display_name":"Dino Jekic","author_link":"https:\/\/exploremostar.ba\/en\/author\/dino\/"},"rttpg_comment":0,"rttpg_category":"<a href=\"https:\/\/exploremostar.ba\/en\/post-category\/pozitivne-price\/\" rel=\"category tag\">Pozitivne pri\u010de<\/a>","rttpg_excerpt":"Pod zvjezdanim nebom sino\u0107 je nastavljen program kulturno-zabavne manifestacije \u201eLjeto s Turisti\u010dkom zajednicom Grada Mostara\u201c. Posjetitelji su imali priliku u\u017eivati u projekciji nagra\u0111ivanog norve\u0161kog filma \u201eNinjababy\u201c, a ve\u010der je dodatno o\u017eivjela uz DJ set Amera \u0160ehovi\u0107a koji je rasplesao okupljene na platou ispod Starog mosta. Ovaj spoj europske kinematografije i glazbene scene jo\u0161 jednom je&hellip;","acf":[],"_links":{"self":[{"href":"https:\/\/exploremostar.ba\/en\/wp-json\/wp\/v2\/posts\/5106","targetHints":{"allow":["GET"]}}],"collection":[{"href":"https:\/\/exploremostar.ba\/en\/wp-json\/wp\/v2\/posts"}],"about":[{"href":"https:\/\/exploremostar.ba\/en\/wp-json\/wp\/v2\/types\/post"}],"author":[{"embeddable":true,"href":"https:\/\/exploremostar.ba\/en\/wp-json\/wp\/v2\/users\/11"}],"replies":[{"embeddable":true,"href":"https:\/\/exploremostar.ba\/en\/wp-json\/wp\/v2\/comments?post=5106"}],"version-history":[{"count":2,"href":"https:\/\/exploremostar.ba\/en\/wp-json\/wp\/v2\/posts\/5106\/revisions"}],"predecessor-version":[{"id":5112,"href":"https:\/\/exploremostar.ba\/en\/wp-json\/wp\/v2\/posts\/5106\/revisions\/5112"}],"wp:featuredmedia":[{"embeddable":true,"href":"https:\/\/exploremostar.ba\/en\/wp-json\/wp\/v2\/media\/5107"}],"wp:attachment":[{"href":"https:\/\/exploremostar.ba\/en\/wp-json\/wp\/v2\/media?parent=5106"}],"wp:term":[{"taxonomy":"category","embeddable":true,"href":"https:\/\/exploremostar.ba\/en\/wp-json\/wp\/v2\/categories?post=5106"},{"taxonomy":"post_tag","embeddable":true,"href":"https:\/\/exploremostar.ba\/en\/wp-json\/wp\/v2\/tags?post=5106"}],"curies":[{"name":"wp","href":"https:\/\/api.w.org\/{rel}","templated":true}]}}