{"id":5096,"date":"2025-07-25T09:01:04","date_gmt":"2025-07-25T08:01:04","guid":{"rendered":"https:\/\/exploremostar.ba\/?p=5096"},"modified":"2025-07-25T09:01:04","modified_gmt":"2025-07-25T08:01:04","slug":"kultura-pod-zvijezdama-pocelo-ljeto-u-organizaciji-tz-mostar","status":"publish","type":"post","link":"https:\/\/exploremostar.ba\/en\/kultura-pod-zvijezdama-pocelo-ljeto-u-organizaciji-tz-mostar\/","title":{"rendered":"Culture under the stars: The summer has begun, organized by TZ Mostar"},"content":{"rendered":"<p>Organized by the Tourist Board of the City of Mostar, on Wednesday 7\/24\/2025. a cultural and entertainment event was opened<strong> &quot;Summer with the Tourist Board of the City of Mostar&quot;,<\/strong> which will last until August 2, 2025.<\/p>\n<p>The event began with a screening of a French film <em>&quot;En Corps&quot;<\/em> under the open sky on the plateau below the Old Bridge. The audience enjoyed the strong and emotional film story, and the evening was further enriched by DJ Zlaja, who after the screening made the audience dance with his musical set.<\/p>\n<p>The program continues tonight, Friday, July 25, 2025, when we will once again have an evening of European film and music under the stars. At the same place, at the foot of the Old Bridge, starting at 8:30 p.m., we are showing the Norwegian film &quot;Ninjababy&quot;, and after that, from 10:00 p.m., DJ Amer \u0160ehovi\u0107 will take over the atmosphere.<\/p>\n<p>We invite all citizens of Mostar, tourists and lovers of film, music and summer atmosphere to join us and enjoy a unique combination of culture and entertainment under the Mostar sky.<\/p>\n<p>We remind you that the central event awaits us on Sunday, July 27, 2025. year, when the program moves behind Mujaga Komadine&#039;s house. On that day, the youngest will have the opportunity to participate in a music workshop led by Marko Jakovljevi\u0107 in cooperation with the Down syndrome Mostar Association, and there will also be a screening of an animated film. An exhibition of children&#039;s works will also be opened, officially starting this year&#039;s event. On the same day, the creation of an artistic mural begins as part of the Rezon mural program.<\/p>\n<p>In the following evenings, the program continues with film screenings from France, Norway, Switzerland, Spain and Italy, and each film night will be followed by concerts and DJ sets. Rock bands will perform on the music stage, as well as Mostar&#039;s singer-songwriter Sanel Mari\u0107 Mara. Poets will also provide a special artistic atmosphere, and an evening of poetry will be held on Thursday, July 31, 2025.<\/p>\n<p>We will close the event on Saturday, August 2, 2025, with the completion of the Rezon mural and another film screening and performance by DJ Lubnya.<\/p>\n<p>Admission to all events is free. For daily announcements and possible program changes, follow the official website and social networks of the Tourist Board of the City of Mostar.<\/p>\n<p><img fetchpriority=\"high\" decoding=\"async\" class=\"alignnone size-medium wp-image-5097\" src=\"https:\/\/exploremostar.ba\/wp-content\/uploads\/2025\/07\/Ljeto-TZ1-300x225.jpg\" alt=\"\" width=\"300\" height=\"225\" srcset=\"https:\/\/exploremostar.ba\/wp-content\/uploads\/2025\/07\/Ljeto-TZ1-300x225.jpg 300w, https:\/\/exploremostar.ba\/wp-content\/uploads\/2025\/07\/Ljeto-TZ1-1024x768.jpg 1024w, https:\/\/exploremostar.ba\/wp-content\/uploads\/2025\/07\/Ljeto-TZ1-768x576.jpg 768w, https:\/\/exploremostar.ba\/wp-content\/uploads\/2025\/07\/Ljeto-TZ1-1536x1152.jpg 1536w, https:\/\/exploremostar.ba\/wp-content\/uploads\/2025\/07\/Ljeto-TZ1-16x12.jpg 16w, https:\/\/exploremostar.ba\/wp-content\/uploads\/2025\/07\/Ljeto-TZ1-600x450.jpg 600w, https:\/\/exploremostar.ba\/wp-content\/uploads\/2025\/07\/Ljeto-TZ1.jpg 2000w\" sizes=\"(max-width: 300px) 100vw, 300px\" \/> <img decoding=\"async\" class=\"alignnone size-medium wp-image-5099\" src=\"https:\/\/exploremostar.ba\/wp-content\/uploads\/2025\/07\/Ljeto-TZ3-300x225.jpg\" alt=\"\" width=\"300\" height=\"225\" srcset=\"https:\/\/exploremostar.ba\/wp-content\/uploads\/2025\/07\/Ljeto-TZ3-300x225.jpg 300w, https:\/\/exploremostar.ba\/wp-content\/uploads\/2025\/07\/Ljeto-TZ3-1024x768.jpg 1024w, https:\/\/exploremostar.ba\/wp-content\/uploads\/2025\/07\/Ljeto-TZ3-768x576.jpg 768w, https:\/\/exploremostar.ba\/wp-content\/uploads\/2025\/07\/Ljeto-TZ3-1536x1152.jpg 1536w, https:\/\/exploremostar.ba\/wp-content\/uploads\/2025\/07\/Ljeto-TZ3-16x12.jpg 16w, https:\/\/exploremostar.ba\/wp-content\/uploads\/2025\/07\/Ljeto-TZ3-600x450.jpg 600w, https:\/\/exploremostar.ba\/wp-content\/uploads\/2025\/07\/Ljeto-TZ3.jpg 2000w\" sizes=\"(max-width: 300px) 100vw, 300px\" \/> <img decoding=\"async\" class=\"alignnone size-medium wp-image-5100\" src=\"https:\/\/exploremostar.ba\/wp-content\/uploads\/2025\/07\/Ljeto-TZ4-300x225.jpg\" alt=\"\" width=\"300\" height=\"225\" srcset=\"https:\/\/exploremostar.ba\/wp-content\/uploads\/2025\/07\/Ljeto-TZ4-300x225.jpg 300w, https:\/\/exploremostar.ba\/wp-content\/uploads\/2025\/07\/Ljeto-TZ4-1024x768.jpg 1024w, https:\/\/exploremostar.ba\/wp-content\/uploads\/2025\/07\/Ljeto-TZ4-768x576.jpg 768w, https:\/\/exploremostar.ba\/wp-content\/uploads\/2025\/07\/Ljeto-TZ4-1536x1152.jpg 1536w, https:\/\/exploremostar.ba\/wp-content\/uploads\/2025\/07\/Ljeto-TZ4-16x12.jpg 16w, https:\/\/exploremostar.ba\/wp-content\/uploads\/2025\/07\/Ljeto-TZ4-600x450.jpg 600w, https:\/\/exploremostar.ba\/wp-content\/uploads\/2025\/07\/Ljeto-TZ4.jpg 2000w\" sizes=\"(max-width: 300px) 100vw, 300px\" \/> <img loading=\"lazy\" decoding=\"async\" class=\"alignnone size-medium wp-image-5101\" src=\"https:\/\/exploremostar.ba\/wp-content\/uploads\/2025\/07\/Ljeto-TZ5-300x207.jpg\" alt=\"\" width=\"300\" height=\"207\" srcset=\"https:\/\/exploremostar.ba\/wp-content\/uploads\/2025\/07\/Ljeto-TZ5-300x207.jpg 300w, https:\/\/exploremostar.ba\/wp-content\/uploads\/2025\/07\/Ljeto-TZ5-1024x705.jpg 1024w, https:\/\/exploremostar.ba\/wp-content\/uploads\/2025\/07\/Ljeto-TZ5-768x529.jpg 768w, https:\/\/exploremostar.ba\/wp-content\/uploads\/2025\/07\/Ljeto-TZ5-1536x1058.jpg 1536w, https:\/\/exploremostar.ba\/wp-content\/uploads\/2025\/07\/Ljeto-TZ5-18x12.jpg 18w, https:\/\/exploremostar.ba\/wp-content\/uploads\/2025\/07\/Ljeto-TZ5-600x413.jpg 600w, https:\/\/exploremostar.ba\/wp-content\/uploads\/2025\/07\/Ljeto-TZ5.jpg 2000w\" sizes=\"(max-width: 300px) 100vw, 300px\" \/><\/p>","protected":false},"excerpt":{"rendered":"<p>Organized by the Tourist Board of the City of Mostar, on Wednesday, July 24, 2025, the cultural and entertainment event &quot;Summer with the Tourist Board of the City of Mostar&quot; opened, which will last until August 2, 2025. The event began with a screening of the French film &quot;En Corps&quot; under the open sky on the plateau below the Old Bridge. The audience enjoyed the powerful and emotional film story, and in the evening [\u2026]<\/p>","protected":false},"author":11,"featured_media":5098,"comment_status":"closed","ping_status":"open","sticky":false,"template":"","format":"standard","meta":{"footnotes":""},"categories":[100],"tags":[],"class_list":["post-5096","post","type-post","status-publish","format-standard","has-post-thumbnail","hentry","category-pozitivne-price"],"yoast_head":"<!-- This site is optimized with the Yoast SEO plugin v25.1 - https:\/\/yoast.com\/wordpress\/plugins\/seo\/ -->\n<title>Kultura pod zvijezdama: Po\u010delo ljeto u organizaciji TZ Mostar - exploremostar<\/title>\n<meta name=\"robots\" content=\"index, follow, max-snippet:-1, max-image-preview:large, max-video-preview:-1\" \/>\n<link rel=\"canonical\" href=\"https:\/\/exploremostar.ba\/en\/kultura-pod-zvijezdama-pocelo-ljeto-u-organizaciji-tz-mostar\/\" \/>\n<meta property=\"og:locale\" content=\"en_US\" \/>\n<meta property=\"og:type\" content=\"article\" \/>\n<meta property=\"og:title\" content=\"Kultura pod zvijezdama: Po\u010delo ljeto u organizaciji TZ Mostar - exploremostar\" \/>\n<meta property=\"og:description\" content=\"U organizaciji Turisti\u010dke zajednice Grada Mostara, u srijedu 24.7.2025. godine je otvorena kulturno-zabavna manifestacija \u201eLjeto s Turisti\u010dkom zajednicom Grada Mostara\u201c, koja \u0107e trajati do 2. 8. 2025. godine. Manifestacija je zapo\u010dela projekcijom francuskog filma \u201eEn Corps\u201c pod otvorenim nebom na platou ispod Starog mosta. Publika je u\u017eivala u sna\u017enoj i emotivnoj filmskoj pri\u010di, a ve\u010der [&hellip;]\" \/>\n<meta property=\"og:url\" content=\"https:\/\/exploremostar.ba\/en\/kultura-pod-zvijezdama-pocelo-ljeto-u-organizaciji-tz-mostar\/\" \/>\n<meta property=\"og:site_name\" content=\"exploremostar\" \/>\n<meta property=\"article:published_time\" content=\"2025-07-25T08:01:04+00:00\" \/>\n<meta property=\"og:image\" content=\"https:\/\/exploremostar.ba\/wp-content\/uploads\/2025\/07\/Ljeto-TZ2.jpg\" \/>\n\t<meta property=\"og:image:width\" content=\"2000\" \/>\n\t<meta property=\"og:image:height\" content=\"1500\" \/>\n\t<meta property=\"og:image:type\" content=\"image\/jpeg\" \/>\n<meta name=\"author\" content=\"Dino Jekic\" \/>\n<meta name=\"twitter:card\" content=\"summary_large_image\" \/>\n<meta name=\"twitter:label1\" content=\"Written by\" \/>\n\t<meta name=\"twitter:data1\" content=\"Dino Jekic\" \/>\n\t<meta name=\"twitter:label2\" content=\"Est. reading time\" \/>\n\t<meta name=\"twitter:data2\" content=\"3 minutes\" \/>\n<script type=\"application\/ld+json\" class=\"yoast-schema-graph\">{\"@context\":\"https:\/\/schema.org\",\"@graph\":[{\"@type\":\"WebPage\",\"@id\":\"https:\/\/exploremostar.ba\/kultura-pod-zvijezdama-pocelo-ljeto-u-organizaciji-tz-mostar\/\",\"url\":\"https:\/\/exploremostar.ba\/kultura-pod-zvijezdama-pocelo-ljeto-u-organizaciji-tz-mostar\/\",\"name\":\"Kultura pod zvijezdama: Po\u010delo ljeto u organizaciji TZ Mostar - exploremostar\",\"isPartOf\":{\"@id\":\"https:\/\/exploremostar.ba\/#website\"},\"primaryImageOfPage\":{\"@id\":\"https:\/\/exploremostar.ba\/kultura-pod-zvijezdama-pocelo-ljeto-u-organizaciji-tz-mostar\/#primaryimage\"},\"image\":{\"@id\":\"https:\/\/exploremostar.ba\/kultura-pod-zvijezdama-pocelo-ljeto-u-organizaciji-tz-mostar\/#primaryimage\"},\"thumbnailUrl\":\"https:\/\/exploremostar.ba\/wp-content\/uploads\/2025\/07\/Ljeto-TZ2.jpg\",\"datePublished\":\"2025-07-25T08:01:04+00:00\",\"author\":{\"@id\":\"https:\/\/exploremostar.ba\/#\/schema\/person\/ba658e145ceeda3815df65d8fb9915c7\"},\"breadcrumb\":{\"@id\":\"https:\/\/exploremostar.ba\/kultura-pod-zvijezdama-pocelo-ljeto-u-organizaciji-tz-mostar\/#breadcrumb\"},\"inLanguage\":\"en-US\",\"potentialAction\":[{\"@type\":\"ReadAction\",\"target\":[\"https:\/\/exploremostar.ba\/kultura-pod-zvijezdama-pocelo-ljeto-u-organizaciji-tz-mostar\/\"]}]},{\"@type\":\"ImageObject\",\"inLanguage\":\"en-US\",\"@id\":\"https:\/\/exploremostar.ba\/kultura-pod-zvijezdama-pocelo-ljeto-u-organizaciji-tz-mostar\/#primaryimage\",\"url\":\"https:\/\/exploremostar.ba\/wp-content\/uploads\/2025\/07\/Ljeto-TZ2.jpg\",\"contentUrl\":\"https:\/\/exploremostar.ba\/wp-content\/uploads\/2025\/07\/Ljeto-TZ2.jpg\",\"width\":2000,\"height\":1500},{\"@type\":\"BreadcrumbList\",\"@id\":\"https:\/\/exploremostar.ba\/kultura-pod-zvijezdama-pocelo-ljeto-u-organizaciji-tz-mostar\/#breadcrumb\",\"itemListElement\":[{\"@type\":\"ListItem\",\"position\":1,\"name\":\"Home\",\"item\":\"https:\/\/exploremostar.ba\/\"},{\"@type\":\"ListItem\",\"position\":2,\"name\":\"Kultura pod zvijezdama: Po\u010delo ljeto u organizaciji TZ Mostar\"}]},{\"@type\":\"WebSite\",\"@id\":\"https:\/\/exploremostar.ba\/#website\",\"url\":\"https:\/\/exploremostar.ba\/\",\"name\":\"exploremostar\",\"description\":\"Where bridges tell stories\",\"potentialAction\":[{\"@type\":\"SearchAction\",\"target\":{\"@type\":\"EntryPoint\",\"urlTemplate\":\"https:\/\/exploremostar.ba\/?s={search_term_string}\"},\"query-input\":{\"@type\":\"PropertyValueSpecification\",\"valueRequired\":true,\"valueName\":\"search_term_string\"}}],\"inLanguage\":\"en-US\"},{\"@type\":\"Person\",\"@id\":\"https:\/\/exploremostar.ba\/#\/schema\/person\/ba658e145ceeda3815df65d8fb9915c7\",\"name\":\"Dino Jekic\",\"image\":{\"@type\":\"ImageObject\",\"inLanguage\":\"en-US\",\"@id\":\"https:\/\/exploremostar.ba\/#\/schema\/person\/image\/\",\"url\":\"https:\/\/secure.gravatar.com\/avatar\/069d3f51f3e6bcef26bc4581da3ae12333ce97dcefaf5b817593df50933bfefb?s=96&d=https%3A%2F%2Fui-avatars.com%2Fapi%2FDino%20JekicDino%2F96%2F546de5%2Ffff%2F1%2F0.4%2F%2F1%2F1&r=g\",\"contentUrl\":\"https:\/\/secure.gravatar.com\/avatar\/069d3f51f3e6bcef26bc4581da3ae12333ce97dcefaf5b817593df50933bfefb?s=96&d=https%3A%2F%2Fui-avatars.com%2Fapi%2FDino%20JekicDino%2F96%2F546de5%2Ffff%2F1%2F0.4%2F%2F1%2F1&r=g\",\"caption\":\"Dino Jekic\"},\"url\":\"https:\/\/exploremostar.ba\/en\/author\/dino\/\"}]}<\/script>\n<!-- \/ Yoast SEO plugin. -->","yoast_head_json":{"title":"Kultura pod zvijezdama: Po\u010delo ljeto u organizaciji TZ Mostar - exploremostar","robots":{"index":"index","follow":"follow","max-snippet":"max-snippet:-1","max-image-preview":"max-image-preview:large","max-video-preview":"max-video-preview:-1"},"canonical":"https:\/\/exploremostar.ba\/en\/kultura-pod-zvijezdama-pocelo-ljeto-u-organizaciji-tz-mostar\/","og_locale":"en_US","og_type":"article","og_title":"Kultura pod zvijezdama: Po\u010delo ljeto u organizaciji TZ Mostar - exploremostar","og_description":"U organizaciji Turisti\u010dke zajednice Grada Mostara, u srijedu 24.7.2025. godine je otvorena kulturno-zabavna manifestacija \u201eLjeto s Turisti\u010dkom zajednicom Grada Mostara\u201c, koja \u0107e trajati do 2. 8. 2025. godine. Manifestacija je zapo\u010dela projekcijom francuskog filma \u201eEn Corps\u201c pod otvorenim nebom na platou ispod Starog mosta. Publika je u\u017eivala u sna\u017enoj i emotivnoj filmskoj pri\u010di, a ve\u010der [&hellip;]","og_url":"https:\/\/exploremostar.ba\/en\/kultura-pod-zvijezdama-pocelo-ljeto-u-organizaciji-tz-mostar\/","og_site_name":"exploremostar","article_published_time":"2025-07-25T08:01:04+00:00","og_image":[{"width":2000,"height":1500,"url":"https:\/\/exploremostar.ba\/wp-content\/uploads\/2025\/07\/Ljeto-TZ2.jpg","type":"image\/jpeg"}],"author":"Dino Jekic","twitter_card":"summary_large_image","twitter_misc":{"Written by":"Dino Jekic","Est. reading time":"3 minutes"},"schema":{"@context":"https:\/\/schema.org","@graph":[{"@type":"WebPage","@id":"https:\/\/exploremostar.ba\/kultura-pod-zvijezdama-pocelo-ljeto-u-organizaciji-tz-mostar\/","url":"https:\/\/exploremostar.ba\/kultura-pod-zvijezdama-pocelo-ljeto-u-organizaciji-tz-mostar\/","name":"Kultura pod zvijezdama: Po\u010delo ljeto u organizaciji TZ Mostar - exploremostar","isPartOf":{"@id":"https:\/\/exploremostar.ba\/#website"},"primaryImageOfPage":{"@id":"https:\/\/exploremostar.ba\/kultura-pod-zvijezdama-pocelo-ljeto-u-organizaciji-tz-mostar\/#primaryimage"},"image":{"@id":"https:\/\/exploremostar.ba\/kultura-pod-zvijezdama-pocelo-ljeto-u-organizaciji-tz-mostar\/#primaryimage"},"thumbnailUrl":"https:\/\/exploremostar.ba\/wp-content\/uploads\/2025\/07\/Ljeto-TZ2.jpg","datePublished":"2025-07-25T08:01:04+00:00","author":{"@id":"https:\/\/exploremostar.ba\/#\/schema\/person\/ba658e145ceeda3815df65d8fb9915c7"},"breadcrumb":{"@id":"https:\/\/exploremostar.ba\/kultura-pod-zvijezdama-pocelo-ljeto-u-organizaciji-tz-mostar\/#breadcrumb"},"inLanguage":"en-US","potentialAction":[{"@type":"ReadAction","target":["https:\/\/exploremostar.ba\/kultura-pod-zvijezdama-pocelo-ljeto-u-organizaciji-tz-mostar\/"]}]},{"@type":"ImageObject","inLanguage":"en-US","@id":"https:\/\/exploremostar.ba\/kultura-pod-zvijezdama-pocelo-ljeto-u-organizaciji-tz-mostar\/#primaryimage","url":"https:\/\/exploremostar.ba\/wp-content\/uploads\/2025\/07\/Ljeto-TZ2.jpg","contentUrl":"https:\/\/exploremostar.ba\/wp-content\/uploads\/2025\/07\/Ljeto-TZ2.jpg","width":2000,"height":1500},{"@type":"BreadcrumbList","@id":"https:\/\/exploremostar.ba\/kultura-pod-zvijezdama-pocelo-ljeto-u-organizaciji-tz-mostar\/#breadcrumb","itemListElement":[{"@type":"ListItem","position":1,"name":"Home","item":"https:\/\/exploremostar.ba\/"},{"@type":"ListItem","position":2,"name":"Kultura pod zvijezdama: Po\u010delo ljeto u organizaciji TZ Mostar"}]},{"@type":"WebSite","@id":"https:\/\/exploremostar.ba\/#website","url":"https:\/\/exploremostar.ba\/","name":"exploremostar","description":"Where bridges tell stories","potentialAction":[{"@type":"SearchAction","target":{"@type":"EntryPoint","urlTemplate":"https:\/\/exploremostar.ba\/?s={search_term_string}"},"query-input":{"@type":"PropertyValueSpecification","valueRequired":true,"valueName":"search_term_string"}}],"inLanguage":"en-US"},{"@type":"Person","@id":"https:\/\/exploremostar.ba\/#\/schema\/person\/ba658e145ceeda3815df65d8fb9915c7","name":"Dino Jekic","image":{"@type":"ImageObject","inLanguage":"en-US","@id":"https:\/\/exploremostar.ba\/#\/schema\/person\/image\/","url":"https:\/\/secure.gravatar.com\/avatar\/069d3f51f3e6bcef26bc4581da3ae12333ce97dcefaf5b817593df50933bfefb?s=96&d=https%3A%2F%2Fui-avatars.com%2Fapi%2FDino%20JekicDino%2F96%2F546de5%2Ffff%2F1%2F0.4%2F%2F1%2F1&r=g","contentUrl":"https:\/\/secure.gravatar.com\/avatar\/069d3f51f3e6bcef26bc4581da3ae12333ce97dcefaf5b817593df50933bfefb?s=96&d=https%3A%2F%2Fui-avatars.com%2Fapi%2FDino%20JekicDino%2F96%2F546de5%2Ffff%2F1%2F0.4%2F%2F1%2F1&r=g","caption":"Dino Jekic"},"url":"https:\/\/exploremostar.ba\/en\/author\/dino\/"}]}},"rttpg_featured_image_url":{"full":["https:\/\/exploremostar.ba\/wp-content\/uploads\/2025\/07\/Ljeto-TZ2.jpg",2000,1500,false],"landscape":["https:\/\/exploremostar.ba\/wp-content\/uploads\/2025\/07\/Ljeto-TZ2.jpg",2000,1500,false],"portraits":["https:\/\/exploremostar.ba\/wp-content\/uploads\/2025\/07\/Ljeto-TZ2.jpg",2000,1500,false],"thumbnail":["https:\/\/exploremostar.ba\/wp-content\/uploads\/2025\/07\/Ljeto-TZ2-150x150.jpg",150,150,true],"medium":["https:\/\/exploremostar.ba\/wp-content\/uploads\/2025\/07\/Ljeto-TZ2-300x225.jpg",300,225,true],"large":["https:\/\/exploremostar.ba\/wp-content\/uploads\/2025\/07\/Ljeto-TZ2-1024x768.jpg",1024,768,true],"1536x1536":["https:\/\/exploremostar.ba\/wp-content\/uploads\/2025\/07\/Ljeto-TZ2-1536x1152.jpg",1536,1152,true],"2048x2048":["https:\/\/exploremostar.ba\/wp-content\/uploads\/2025\/07\/Ljeto-TZ2.jpg",2000,1500,false],"trp-custom-language-flag":["https:\/\/exploremostar.ba\/wp-content\/uploads\/2025\/07\/Ljeto-TZ2-16x12.jpg",16,12,true],"woocommerce_thumbnail":["https:\/\/exploremostar.ba\/wp-content\/uploads\/2025\/07\/Ljeto-TZ2-300x300.jpg",300,300,true],"woocommerce_single":["https:\/\/exploremostar.ba\/wp-content\/uploads\/2025\/07\/Ljeto-TZ2-600x450.jpg",600,450,true],"woocommerce_gallery_thumbnail":["https:\/\/exploremostar.ba\/wp-content\/uploads\/2025\/07\/Ljeto-TZ2-100x100.jpg",100,100,true],"rt_custom":["https:\/\/exploremostar.ba\/wp-content\/uploads\/2025\/07\/Ljeto-TZ2.jpg",2000,1500,false]},"rttpg_author":{"display_name":"Dino Jekic","author_link":"https:\/\/exploremostar.ba\/en\/author\/dino\/"},"rttpg_comment":0,"rttpg_category":"<a href=\"https:\/\/exploremostar.ba\/en\/post-category\/pozitivne-price\/\" rel=\"category tag\">Pozitivne pri\u010de<\/a>","rttpg_excerpt":"U organizaciji Turisti\u010dke zajednice Grada Mostara, u srijedu 24.7.2025. godine je otvorena kulturno-zabavna manifestacija \u201eLjeto s Turisti\u010dkom zajednicom Grada Mostara\u201c, koja \u0107e trajati do 2. 8. 2025. godine. Manifestacija je zapo\u010dela projekcijom francuskog filma \u201eEn Corps\u201c pod otvorenim nebom na platou ispod Starog mosta. Publika je u\u017eivala u sna\u017enoj i emotivnoj filmskoj pri\u010di, a ve\u010der&hellip;","acf":[],"_links":{"self":[{"href":"https:\/\/exploremostar.ba\/en\/wp-json\/wp\/v2\/posts\/5096","targetHints":{"allow":["GET"]}}],"collection":[{"href":"https:\/\/exploremostar.ba\/en\/wp-json\/wp\/v2\/posts"}],"about":[{"href":"https:\/\/exploremostar.ba\/en\/wp-json\/wp\/v2\/types\/post"}],"author":[{"embeddable":true,"href":"https:\/\/exploremostar.ba\/en\/wp-json\/wp\/v2\/users\/11"}],"replies":[{"embeddable":true,"href":"https:\/\/exploremostar.ba\/en\/wp-json\/wp\/v2\/comments?post=5096"}],"version-history":[{"count":2,"href":"https:\/\/exploremostar.ba\/en\/wp-json\/wp\/v2\/posts\/5096\/revisions"}],"predecessor-version":[{"id":5103,"href":"https:\/\/exploremostar.ba\/en\/wp-json\/wp\/v2\/posts\/5096\/revisions\/5103"}],"wp:featuredmedia":[{"embeddable":true,"href":"https:\/\/exploremostar.ba\/en\/wp-json\/wp\/v2\/media\/5098"}],"wp:attachment":[{"href":"https:\/\/exploremostar.ba\/en\/wp-json\/wp\/v2\/media?parent=5096"}],"wp:term":[{"taxonomy":"category","embeddable":true,"href":"https:\/\/exploremostar.ba\/en\/wp-json\/wp\/v2\/categories?post=5096"},{"taxonomy":"post_tag","embeddable":true,"href":"https:\/\/exploremostar.ba\/en\/wp-json\/wp\/v2\/tags?post=5096"}],"curies":[{"name":"wp","href":"https:\/\/api.w.org\/{rel}","templated":true}]}}