{"id":5088,"date":"2025-07-23T10:53:37","date_gmt":"2025-07-23T09:53:37","guid":{"rendered":"https:\/\/exploremostar.ba\/?p=5088"},"modified":"2025-07-23T10:53:37","modified_gmt":"2025-07-23T09:53:37","slug":"predstavljamo-detaljan-program-ljeta-s-tz-grada-mostara","status":"publish","type":"post","link":"https:\/\/exploremostar.ba\/en\/predstavljamo-detaljan-program-ljeta-s-tz-grada-mostara\/","title":{"rendered":"We present a detailed program of &quot;Summers with TZ of the City of Mostar&quot;"},"content":{"rendered":"<p>The Tourist Board of the City of Mostar is proud to announce the start of the event &quot;Summer with the Tourist Board of the City of Mostar&quot;, which will be held from Thursday, July 24 to Saturday, August 2, 2025, at two attractive locations, the plateau behind the Mujaga Komadine house and the plateau below the Old Bridge.<\/p>\n<p>We are opening the event on Thursday, July 24, 2025. with movie nights under the open sky on the plateau below the Old Bridge. Lovers of the seventh art will have the opportunity to enjoy a selection of European films, while the evening&#039;s atmosphere will be further warmed up by famous Mostar DJs.<\/p>\n<p><strong><u>PROGRAM on the plateau below the Old Bridge:<\/p>\n<p><\/u><\/strong><strong>Thursday, 24. 7. 2025.<\/strong><br \/>\nMovie screening <em>&quot;En Corps&quot;<\/em> (France) \u2013 <strong>20:30<\/strong><br \/>\nDJ Zlaja \u2013 <strong>22:00<\/p>\n<p><\/strong><strong>Friday, 25. 7.2025.<\/strong><br \/>\nMovie screening <em>&quot;Ninjababy&quot;<\/em> (Norway) \u2013 <strong>20:30<\/strong><br \/>\nDJ Amer \u0160ehovi\u0107 \u2013 <strong>22:00<\/strong><\/p>\n<p><strong>Saturday, 26. 7.2025.<\/strong><br \/>\nMovie screening <em>&quot;A Real Job&quot;<\/em> (France) \u2013 <strong>20:30<\/strong><br \/>\nDJ Amir Groove \u2013 <strong>22:00<\/strong><\/p>\n<p>The central event awaits us on Sunday, 27.7.2025. year, when the program moves behind Mujaga Komadine&#039;s house. On that day, the youngest will have the opportunity to participate in a music workshop led by Marko Jakovljevi\u0107 in cooperation with the Down syndrome Mostar Association, and there will also be a screening of an animated film. An exhibition of children&#039;s works will also be opened, officially starting this year&#039;s event. On the same day, the creation of an artistic mural begins as part of the Rezon mural program.<\/p>\n<p>In the following evenings, the program continues with film screenings from France, Norway, Switzerland, Spain and Italy, and each film night will be followed by concerts and DJ sets. Rock bands will perform on the music stage, as well as Mostar&#039;s singer-songwriter Sanel Mari\u0107 Mara. Poets will also provide a special artistic atmosphere, and an evening of poetry will be held on Thursday, July 31, 2025.<\/p>\n<p>We will close the event on Saturday, August 2, 2025, with the completion of the Rezon mural and another film screening and performance by DJ Lubnya.<br \/>\n<strong><br \/>\n<\/strong><strong><u>PROGRAM on the plateau behind Mujaga Komadine&#039;s house:<br \/>\n<\/u><\/strong><strong><br \/>\nSunday, 27. 7.2025.<\/strong><br \/>\nMusic workshop for children - Marko Jakovljevi\u0107 - <strong>19:30<\/strong><br \/>\nOpening of the exhibition of children&#039;s works &amp; official opening of the event - <strong>20:00<\/strong><br \/>\nStart of mural creation <em>Reason mural<\/em> <strong>\u2013 8:00 PM<\/strong><br \/>\nMovie screening <em>&quot;Titina&quot;<\/em> (Norway, animated) \u2013 <strong>20:30<\/strong><br \/>\nDJ Zlaja \u2013 during the evening<\/p>\n<p><strong>Monday, 28. 7.2025.<\/strong><br \/>\nMovie screening <em>&quot;Bonjour Switzerland&quot;<\/em> (Switzerland) <strong>\u2013 8:30 p.m.<\/strong><br \/>\nConcert \u2013 <em>Em&amp;Em<\/em> \u2013 <strong>22:00<\/strong><\/p>\n<p><strong>Tuesday, 29. 7.2025.<\/strong><br \/>\nMovie screening <em>&quot;Sad Stories&quot;<\/em> (Spain) <strong>\u2013 8:30 p.m.<br \/>\n<\/strong>Concert \u2013 <em>Benewrecks<\/em> \u2013 <strong>22:00<\/strong><\/p>\n<p><strong>Wednesday, 30. 7.2025.<\/strong><br \/>\n<em>&quot;Olive&quot;<\/em> (Spain) \u2013 <strong>20:30<\/strong><br \/>\nDJ Amir Groove \u2013 <strong>22:00<\/strong><\/p>\n<p><strong>Thursday, 31. 7.2025.<\/strong><br \/>\nPoetry evening \u2013 <em>Women with a book<\/em> \u2013 <strong>19:30<\/strong><br \/>\n<em>&quot;Dilili in Paris&quot;<\/em> (France, animated) <strong>\u2013 8:30 p.m.<\/strong><br \/>\nPoetry evening \u2013 <em>Mostar poets<\/em> \u2013 <strong>22:00<\/strong><\/p>\n<p><strong>Friday, 1. 8.2025.<\/strong><br \/>\n<em>&quot;Through Friendship&quot;<\/em> (Italy) \u2013 <strong>20:30<\/strong><br \/>\nConcert \u2013 <em>Sanel Maric Mara<\/em> \u2013 <strong>22:00<\/strong><\/p>\n<p><strong>Saturday, 2. 8.2025.<\/strong><br \/>\n<em>&quot;Mars Express&quot;<\/em> (France, animated science fiction) \u2013 <strong>20:30<br \/>\n<\/strong>Mural completion <em>Reason mural<\/em> \u2013 during the evening<br \/>\nDJ Lubnya \u2013 <strong>22:00<\/strong><\/p>\n<p>Admission to all events is free.<\/p>\n<p>We invite all citizens and visitors of Mostar to join us and enjoy magical summer evenings under the clear sky, filled with film, music and the unforgettable atmosphere of our city.<\/p>\n<p>For daily announcements and possible program changes, follow the official pages and social networks of the Tourist Board of the City of Mostar.<\/p>","protected":false},"excerpt":{"rendered":"<p>The Tourist Board of the City of Mostar is proud to announce the beginning of the event &quot;Summer with the Tourist Board of the City of Mostar&quot;, which will be held from Thursday, July 24 to Saturday, August 2, 2025, at two attractive locations, the plateau behind the Mujaga Komadine house and the plateau below the Old Bridge. We are opening the event on Thursday, July 24, 2025. year with movie nights under the open sky at [\u2026]<\/p>","protected":false},"author":11,"featured_media":5089,"comment_status":"closed","ping_status":"open","sticky":false,"template":"","format":"standard","meta":{"footnotes":""},"categories":[100],"tags":[],"class_list":["post-5088","post","type-post","status-publish","format-standard","has-post-thumbnail","hentry","category-pozitivne-price"],"yoast_head":"<!-- This site is optimized with the Yoast SEO plugin v25.1 - https:\/\/yoast.com\/wordpress\/plugins\/seo\/ -->\n<title>Predstavljamo detaljan program \u201eLjeta s TZ Grada Mostara\u201c - exploremostar<\/title>\n<meta name=\"robots\" content=\"index, follow, max-snippet:-1, max-image-preview:large, max-video-preview:-1\" \/>\n<link rel=\"canonical\" href=\"https:\/\/exploremostar.ba\/en\/predstavljamo-detaljan-program-ljeta-s-tz-grada-mostara\/\" \/>\n<meta property=\"og:locale\" content=\"en_US\" \/>\n<meta property=\"og:type\" content=\"article\" \/>\n<meta property=\"og:title\" content=\"Predstavljamo detaljan program \u201eLjeta s TZ Grada Mostara\u201c - exploremostar\" \/>\n<meta property=\"og:description\" content=\"Turisti\u010dka zajednica Grada Mostara s ponosom najavljuje po\u010detak manifestacije \u201eLjeto s Turisti\u010dkom zajednicom Grada Mostara\u201c, koja \u0107e se odr\u017eavati od \u010detvrtka, 24. 7. do subote, 2. 8. 2025. godine, na dvije atraktivne lokacije plato iza ku\u0107e Mujage Komadine i plato ispod Starog mosta. Manifestaciju otvaramo u \u010detvrtak 24.7.2025. godine filmskim ve\u010derima pod otvorenim nebom na [&hellip;]\" \/>\n<meta property=\"og:url\" content=\"https:\/\/exploremostar.ba\/en\/predstavljamo-detaljan-program-ljeta-s-tz-grada-mostara\/\" \/>\n<meta property=\"og:site_name\" content=\"exploremostar\" \/>\n<meta property=\"article:published_time\" content=\"2025-07-23T09:53:37+00:00\" \/>\n<meta property=\"og:image\" content=\"https:\/\/exploremostar.ba\/wp-content\/uploads\/2025\/07\/ljeto-web-1.gif\" \/>\n\t<meta property=\"og:image:width\" content=\"1500\" \/>\n\t<meta property=\"og:image:height\" content=\"844\" \/>\n\t<meta property=\"og:image:type\" content=\"image\/gif\" \/>\n<meta name=\"author\" content=\"Dino Jekic\" \/>\n<meta name=\"twitter:card\" content=\"summary_large_image\" \/>\n<meta name=\"twitter:label1\" content=\"Written by\" \/>\n\t<meta name=\"twitter:data1\" content=\"Dino Jekic\" \/>\n\t<meta name=\"twitter:label2\" content=\"Est. reading time\" \/>\n\t<meta name=\"twitter:data2\" content=\"3 minutes\" \/>\n<script type=\"application\/ld+json\" class=\"yoast-schema-graph\">{\"@context\":\"https:\/\/schema.org\",\"@graph\":[{\"@type\":\"WebPage\",\"@id\":\"https:\/\/exploremostar.ba\/predstavljamo-detaljan-program-ljeta-s-tz-grada-mostara\/\",\"url\":\"https:\/\/exploremostar.ba\/predstavljamo-detaljan-program-ljeta-s-tz-grada-mostara\/\",\"name\":\"Predstavljamo detaljan program \u201eLjeta s TZ Grada Mostara\u201c - exploremostar\",\"isPartOf\":{\"@id\":\"https:\/\/exploremostar.ba\/#website\"},\"primaryImageOfPage\":{\"@id\":\"https:\/\/exploremostar.ba\/predstavljamo-detaljan-program-ljeta-s-tz-grada-mostara\/#primaryimage\"},\"image\":{\"@id\":\"https:\/\/exploremostar.ba\/predstavljamo-detaljan-program-ljeta-s-tz-grada-mostara\/#primaryimage\"},\"thumbnailUrl\":\"https:\/\/exploremostar.ba\/wp-content\/uploads\/2025\/07\/ljeto-web-1.gif\",\"datePublished\":\"2025-07-23T09:53:37+00:00\",\"author\":{\"@id\":\"https:\/\/exploremostar.ba\/#\/schema\/person\/ba658e145ceeda3815df65d8fb9915c7\"},\"breadcrumb\":{\"@id\":\"https:\/\/exploremostar.ba\/predstavljamo-detaljan-program-ljeta-s-tz-grada-mostara\/#breadcrumb\"},\"inLanguage\":\"en-US\",\"potentialAction\":[{\"@type\":\"ReadAction\",\"target\":[\"https:\/\/exploremostar.ba\/predstavljamo-detaljan-program-ljeta-s-tz-grada-mostara\/\"]}]},{\"@type\":\"ImageObject\",\"inLanguage\":\"en-US\",\"@id\":\"https:\/\/exploremostar.ba\/predstavljamo-detaljan-program-ljeta-s-tz-grada-mostara\/#primaryimage\",\"url\":\"https:\/\/exploremostar.ba\/wp-content\/uploads\/2025\/07\/ljeto-web-1.gif\",\"contentUrl\":\"https:\/\/exploremostar.ba\/wp-content\/uploads\/2025\/07\/ljeto-web-1.gif\",\"width\":1500,\"height\":844},{\"@type\":\"BreadcrumbList\",\"@id\":\"https:\/\/exploremostar.ba\/predstavljamo-detaljan-program-ljeta-s-tz-grada-mostara\/#breadcrumb\",\"itemListElement\":[{\"@type\":\"ListItem\",\"position\":1,\"name\":\"Home\",\"item\":\"https:\/\/exploremostar.ba\/\"},{\"@type\":\"ListItem\",\"position\":2,\"name\":\"Predstavljamo detaljan program \u201eLjeta s TZ Grada Mostara\u201c\"}]},{\"@type\":\"WebSite\",\"@id\":\"https:\/\/exploremostar.ba\/#website\",\"url\":\"https:\/\/exploremostar.ba\/\",\"name\":\"exploremostar\",\"description\":\"Where bridges tell stories\",\"potentialAction\":[{\"@type\":\"SearchAction\",\"target\":{\"@type\":\"EntryPoint\",\"urlTemplate\":\"https:\/\/exploremostar.ba\/?s={search_term_string}\"},\"query-input\":{\"@type\":\"PropertyValueSpecification\",\"valueRequired\":true,\"valueName\":\"search_term_string\"}}],\"inLanguage\":\"en-US\"},{\"@type\":\"Person\",\"@id\":\"https:\/\/exploremostar.ba\/#\/schema\/person\/ba658e145ceeda3815df65d8fb9915c7\",\"name\":\"Dino Jekic\",\"image\":{\"@type\":\"ImageObject\",\"inLanguage\":\"en-US\",\"@id\":\"https:\/\/exploremostar.ba\/#\/schema\/person\/image\/\",\"url\":\"https:\/\/secure.gravatar.com\/avatar\/069d3f51f3e6bcef26bc4581da3ae12333ce97dcefaf5b817593df50933bfefb?s=96&d=https%3A%2F%2Fui-avatars.com%2Fapi%2FDino%20JekicDino%2F96%2F546de5%2Ffff%2F1%2F0.4%2F%2F1%2F1&r=g\",\"contentUrl\":\"https:\/\/secure.gravatar.com\/avatar\/069d3f51f3e6bcef26bc4581da3ae12333ce97dcefaf5b817593df50933bfefb?s=96&d=https%3A%2F%2Fui-avatars.com%2Fapi%2FDino%20JekicDino%2F96%2F546de5%2Ffff%2F1%2F0.4%2F%2F1%2F1&r=g\",\"caption\":\"Dino Jekic\"},\"url\":\"https:\/\/exploremostar.ba\/en\/author\/dino\/\"}]}<\/script>\n<!-- \/ Yoast SEO plugin. -->","yoast_head_json":{"title":"Predstavljamo detaljan program \u201eLjeta s TZ Grada Mostara\u201c - exploremostar","robots":{"index":"index","follow":"follow","max-snippet":"max-snippet:-1","max-image-preview":"max-image-preview:large","max-video-preview":"max-video-preview:-1"},"canonical":"https:\/\/exploremostar.ba\/en\/predstavljamo-detaljan-program-ljeta-s-tz-grada-mostara\/","og_locale":"en_US","og_type":"article","og_title":"Predstavljamo detaljan program \u201eLjeta s TZ Grada Mostara\u201c - exploremostar","og_description":"Turisti\u010dka zajednica Grada Mostara s ponosom najavljuje po\u010detak manifestacije \u201eLjeto s Turisti\u010dkom zajednicom Grada Mostara\u201c, koja \u0107e se odr\u017eavati od \u010detvrtka, 24. 7. do subote, 2. 8. 2025. godine, na dvije atraktivne lokacije plato iza ku\u0107e Mujage Komadine i plato ispod Starog mosta. Manifestaciju otvaramo u \u010detvrtak 24.7.2025. godine filmskim ve\u010derima pod otvorenim nebom na [&hellip;]","og_url":"https:\/\/exploremostar.ba\/en\/predstavljamo-detaljan-program-ljeta-s-tz-grada-mostara\/","og_site_name":"exploremostar","article_published_time":"2025-07-23T09:53:37+00:00","og_image":[{"width":1500,"height":844,"url":"https:\/\/exploremostar.ba\/wp-content\/uploads\/2025\/07\/ljeto-web-1.gif","type":"image\/gif"}],"author":"Dino Jekic","twitter_card":"summary_large_image","twitter_misc":{"Written by":"Dino Jekic","Est. reading time":"3 minutes"},"schema":{"@context":"https:\/\/schema.org","@graph":[{"@type":"WebPage","@id":"https:\/\/exploremostar.ba\/predstavljamo-detaljan-program-ljeta-s-tz-grada-mostara\/","url":"https:\/\/exploremostar.ba\/predstavljamo-detaljan-program-ljeta-s-tz-grada-mostara\/","name":"Predstavljamo detaljan program \u201eLjeta s TZ Grada Mostara\u201c - exploremostar","isPartOf":{"@id":"https:\/\/exploremostar.ba\/#website"},"primaryImageOfPage":{"@id":"https:\/\/exploremostar.ba\/predstavljamo-detaljan-program-ljeta-s-tz-grada-mostara\/#primaryimage"},"image":{"@id":"https:\/\/exploremostar.ba\/predstavljamo-detaljan-program-ljeta-s-tz-grada-mostara\/#primaryimage"},"thumbnailUrl":"https:\/\/exploremostar.ba\/wp-content\/uploads\/2025\/07\/ljeto-web-1.gif","datePublished":"2025-07-23T09:53:37+00:00","author":{"@id":"https:\/\/exploremostar.ba\/#\/schema\/person\/ba658e145ceeda3815df65d8fb9915c7"},"breadcrumb":{"@id":"https:\/\/exploremostar.ba\/predstavljamo-detaljan-program-ljeta-s-tz-grada-mostara\/#breadcrumb"},"inLanguage":"en-US","potentialAction":[{"@type":"ReadAction","target":["https:\/\/exploremostar.ba\/predstavljamo-detaljan-program-ljeta-s-tz-grada-mostara\/"]}]},{"@type":"ImageObject","inLanguage":"en-US","@id":"https:\/\/exploremostar.ba\/predstavljamo-detaljan-program-ljeta-s-tz-grada-mostara\/#primaryimage","url":"https:\/\/exploremostar.ba\/wp-content\/uploads\/2025\/07\/ljeto-web-1.gif","contentUrl":"https:\/\/exploremostar.ba\/wp-content\/uploads\/2025\/07\/ljeto-web-1.gif","width":1500,"height":844},{"@type":"BreadcrumbList","@id":"https:\/\/exploremostar.ba\/predstavljamo-detaljan-program-ljeta-s-tz-grada-mostara\/#breadcrumb","itemListElement":[{"@type":"ListItem","position":1,"name":"Home","item":"https:\/\/exploremostar.ba\/"},{"@type":"ListItem","position":2,"name":"Predstavljamo detaljan program \u201eLjeta s TZ Grada Mostara\u201c"}]},{"@type":"WebSite","@id":"https:\/\/exploremostar.ba\/#website","url":"https:\/\/exploremostar.ba\/","name":"exploremostar","description":"Where bridges tell stories","potentialAction":[{"@type":"SearchAction","target":{"@type":"EntryPoint","urlTemplate":"https:\/\/exploremostar.ba\/?s={search_term_string}"},"query-input":{"@type":"PropertyValueSpecification","valueRequired":true,"valueName":"search_term_string"}}],"inLanguage":"en-US"},{"@type":"Person","@id":"https:\/\/exploremostar.ba\/#\/schema\/person\/ba658e145ceeda3815df65d8fb9915c7","name":"Dino Jekic","image":{"@type":"ImageObject","inLanguage":"en-US","@id":"https:\/\/exploremostar.ba\/#\/schema\/person\/image\/","url":"https:\/\/secure.gravatar.com\/avatar\/069d3f51f3e6bcef26bc4581da3ae12333ce97dcefaf5b817593df50933bfefb?s=96&d=https%3A%2F%2Fui-avatars.com%2Fapi%2FDino%20JekicDino%2F96%2F546de5%2Ffff%2F1%2F0.4%2F%2F1%2F1&r=g","contentUrl":"https:\/\/secure.gravatar.com\/avatar\/069d3f51f3e6bcef26bc4581da3ae12333ce97dcefaf5b817593df50933bfefb?s=96&d=https%3A%2F%2Fui-avatars.com%2Fapi%2FDino%20JekicDino%2F96%2F546de5%2Ffff%2F1%2F0.4%2F%2F1%2F1&r=g","caption":"Dino Jekic"},"url":"https:\/\/exploremostar.ba\/en\/author\/dino\/"}]}},"rttpg_featured_image_url":{"full":["https:\/\/exploremostar.ba\/wp-content\/uploads\/2025\/07\/ljeto-web-1.gif",1500,844,false],"landscape":["https:\/\/exploremostar.ba\/wp-content\/uploads\/2025\/07\/ljeto-web-1.gif",1500,844,false],"portraits":["https:\/\/exploremostar.ba\/wp-content\/uploads\/2025\/07\/ljeto-web-1.gif",1500,844,false],"thumbnail":["https:\/\/exploremostar.ba\/wp-content\/uploads\/2025\/07\/ljeto-web-1-150x150.gif",150,150,true],"medium":["https:\/\/exploremostar.ba\/wp-content\/uploads\/2025\/07\/ljeto-web-1-300x169.gif",300,169,true],"large":["https:\/\/exploremostar.ba\/wp-content\/uploads\/2025\/07\/ljeto-web-1-1024x576.gif",1024,576,true],"1536x1536":["https:\/\/exploremostar.ba\/wp-content\/uploads\/2025\/07\/ljeto-web-1.gif",1500,844,false],"2048x2048":["https:\/\/exploremostar.ba\/wp-content\/uploads\/2025\/07\/ljeto-web-1.gif",1500,844,false],"trp-custom-language-flag":["https:\/\/exploremostar.ba\/wp-content\/uploads\/2025\/07\/ljeto-web-1-18x10.gif",18,10,true],"woocommerce_thumbnail":["https:\/\/exploremostar.ba\/wp-content\/uploads\/2025\/07\/ljeto-web-1-300x300.gif",300,300,true],"woocommerce_single":["https:\/\/exploremostar.ba\/wp-content\/uploads\/2025\/07\/ljeto-web-1-600x338.gif",600,338,true],"woocommerce_gallery_thumbnail":["https:\/\/exploremostar.ba\/wp-content\/uploads\/2025\/07\/ljeto-web-1-100x100.gif",100,100,true],"rt_custom":["https:\/\/exploremostar.ba\/wp-content\/uploads\/2025\/07\/ljeto-web-1.gif",1500,844,false]},"rttpg_author":{"display_name":"Dino Jekic","author_link":"https:\/\/exploremostar.ba\/en\/author\/dino\/"},"rttpg_comment":0,"rttpg_category":"<a href=\"https:\/\/exploremostar.ba\/en\/post-category\/pozitivne-price\/\" rel=\"category tag\">Pozitivne pri\u010de<\/a>","rttpg_excerpt":"Turisti\u010dka zajednica Grada Mostara s ponosom najavljuje po\u010detak manifestacije \u201eLjeto s Turisti\u010dkom zajednicom Grada Mostara\u201c, koja \u0107e se odr\u017eavati od \u010detvrtka, 24. 7. do subote, 2. 8. 2025. godine, na dvije atraktivne lokacije plato iza ku\u0107e Mujage Komadine i plato ispod Starog mosta. Manifestaciju otvaramo u \u010detvrtak 24.7.2025. godine filmskim ve\u010derima pod otvorenim nebom na&hellip;","acf":[],"_links":{"self":[{"href":"https:\/\/exploremostar.ba\/en\/wp-json\/wp\/v2\/posts\/5088","targetHints":{"allow":["GET"]}}],"collection":[{"href":"https:\/\/exploremostar.ba\/en\/wp-json\/wp\/v2\/posts"}],"about":[{"href":"https:\/\/exploremostar.ba\/en\/wp-json\/wp\/v2\/types\/post"}],"author":[{"embeddable":true,"href":"https:\/\/exploremostar.ba\/en\/wp-json\/wp\/v2\/users\/11"}],"replies":[{"embeddable":true,"href":"https:\/\/exploremostar.ba\/en\/wp-json\/wp\/v2\/comments?post=5088"}],"version-history":[{"count":1,"href":"https:\/\/exploremostar.ba\/en\/wp-json\/wp\/v2\/posts\/5088\/revisions"}],"predecessor-version":[{"id":5090,"href":"https:\/\/exploremostar.ba\/en\/wp-json\/wp\/v2\/posts\/5088\/revisions\/5090"}],"wp:featuredmedia":[{"embeddable":true,"href":"https:\/\/exploremostar.ba\/en\/wp-json\/wp\/v2\/media\/5089"}],"wp:attachment":[{"href":"https:\/\/exploremostar.ba\/en\/wp-json\/wp\/v2\/media?parent=5088"}],"wp:term":[{"taxonomy":"category","embeddable":true,"href":"https:\/\/exploremostar.ba\/en\/wp-json\/wp\/v2\/categories?post=5088"},{"taxonomy":"post_tag","embeddable":true,"href":"https:\/\/exploremostar.ba\/en\/wp-json\/wp\/v2\/tags?post=5088"}],"curies":[{"name":"wp","href":"https:\/\/api.w.org\/{rel}","templated":true}]}}