{"id":5078,"date":"2025-07-21T08:46:01","date_gmt":"2025-07-21T07:46:01","guid":{"rendered":"https:\/\/exploremostar.ba\/?p=5078"},"modified":"2025-07-24T11:09:38","modified_gmt":"2025-07-24T10:09:38","slug":"predstavljamo-program-manifestacije-ljeto-s-turistickom-zajednicom-grada-mostara","status":"publish","type":"post","link":"https:\/\/exploremostar.ba\/en\/predstavljamo-program-manifestacije-ljeto-s-turistickom-zajednicom-grada-mostara\/","title":{"rendered":"&quot;Summer with the Tourist Board of the City of Mostar&quot; in two unique locations"},"content":{"rendered":"<p>The Tourist Board of the City of Mostar is proud to announce the event &quot;Summer with the Tourist Board of the City of Mostar&quot;, which will take place from 24 July to 2 August 2025, at two unique locations - the plateau under the Old Bridge and the plateau behind Mujaga Komadine&#039;s house - a rich program of cultural, artistic and musical events awaits you.<\/p>\n<p>We are opening the event on Thursday, July 24, 2025. with movie nights under the open sky on the plateau below the Old Bridge. Lovers of the seventh art will have the opportunity to enjoy a selection of European films, while the evening&#039;s atmosphere will be further warmed up by famous Mostar DJs: DJ Zlaja, DJ Amer \u0160ehovi\u0107 and DJ Amir Groove.<\/p>\n<p>The central event awaits us on Sunday, 27 July 2025. year, when the program moves behind Mujaga Komadine&#039;s house. On that day, the youngest will have the opportunity to participate in a music workshop led by Marko Jakovljevi\u0107 in cooperation with the Down syndrome Mostar Association, and there will also be a screening of an animated film. An exhibition of children&#039;s works will also be opened, officially starting this year&#039;s event. On the same day, the creation of an artistic mural begins as part of the Rezon mural program.<\/p>\n<p>In the following evenings, the program continues with film screenings from France, Norway, Switzerland, Spain and Italy, and each film night will be followed by concerts and DJ sets. Rock bands and the renowned Mostar singer-songwriter Sanel Mari\u0107 Mara will perform on the music stage. Poets will also provide a special artistic atmosphere, and an evening of poetry will be held on Thursday, July 31, 2025.<\/p>\n<p>We will close the event on Saturday, August 2nd, with the completion of the Rezon mural and another film screening and performance by DJ Lubna, which will round off this Mostar summer celebration of music, film, art and togetherness.<\/p>\n<p>Entry to all events is free, and the program is suitable for all ages.<\/p>\n<p>Come and be part of the Summer with the Tourist Board of the City of Mostar 2025 - because Mostar lives to the fullest in the summer!<\/p>","protected":false},"excerpt":{"rendered":"<p>The Tourist Board of the City of Mostar is proud to announce the event &quot;Summer with the Tourist Board of the City of Mostar&quot;, which will take place from 24 July to 2 August 2025, at two unique locations - the plateau under the Old Bridge and the plateau behind Mujaga Komadine&#039;s house - a rich program of cultural, artistic and musical events awaits you. We open the event on Thursday [...]<\/p>","protected":false},"author":11,"featured_media":5079,"comment_status":"closed","ping_status":"open","sticky":false,"template":"","format":"standard","meta":{"footnotes":""},"categories":[100],"tags":[],"class_list":["post-5078","post","type-post","status-publish","format-standard","has-post-thumbnail","hentry","category-pozitivne-price"],"yoast_head":"<!-- This site is optimized with the Yoast SEO plugin v25.1 - https:\/\/yoast.com\/wordpress\/plugins\/seo\/ -->\n<title>&#039;&#039;Ljeto s Turisti\u010dkom zajednicom Grada Mostara&#039;&#039; na dvije jedinstvene lokacije - exploremostar<\/title>\n<meta name=\"robots\" content=\"index, follow, max-snippet:-1, max-image-preview:large, max-video-preview:-1\" \/>\n<link rel=\"canonical\" href=\"https:\/\/exploremostar.ba\/en\/predstavljamo-program-manifestacije-ljeto-s-turistickom-zajednicom-grada-mostara\/\" \/>\n<meta property=\"og:locale\" content=\"en_US\" \/>\n<meta property=\"og:type\" content=\"article\" \/>\n<meta property=\"og:title\" content=\"&#039;&#039;Ljeto s Turisti\u010dkom zajednicom Grada Mostara&#039;&#039; na dvije jedinstvene lokacije - exploremostar\" \/>\n<meta property=\"og:description\" content=\"Turisti\u010dka zajednica Grada Mostara s ponosom najavljuje manifestaciju \u201eLjeto s Turisti\u010dkom zajednicom Grada Mostara\u201c, koje \u0107e se odr\u017eati od 24. 7. do 2. 8. 2025. godine, na dvije jedinstvene lokacije \u2013 platou ispod Starog mosta i platou iza ku\u0107e Mujage Komadine \u2013 o\u010dekuje vas bogat program kulturnih, umjetni\u010dkih i glazbenih doga\u0111anja. Manifestaciju otvaramo u \u010detvrtak [&hellip;]\" \/>\n<meta property=\"og:url\" content=\"https:\/\/exploremostar.ba\/en\/predstavljamo-program-manifestacije-ljeto-s-turistickom-zajednicom-grada-mostara\/\" \/>\n<meta property=\"og:site_name\" content=\"exploremostar\" \/>\n<meta property=\"article:published_time\" content=\"2025-07-21T07:46:01+00:00\" \/>\n<meta property=\"article:modified_time\" content=\"2025-07-24T10:09:38+00:00\" \/>\n<meta property=\"og:image\" content=\"https:\/\/exploremostar.ba\/wp-content\/uploads\/2025\/07\/Ljeto-web.gif\" \/>\n\t<meta property=\"og:image:width\" content=\"1365\" \/>\n\t<meta property=\"og:image:height\" content=\"768\" \/>\n\t<meta property=\"og:image:type\" content=\"image\/gif\" \/>\n<meta name=\"author\" content=\"Dino Jekic\" \/>\n<meta name=\"twitter:card\" content=\"summary_large_image\" \/>\n<meta name=\"twitter:label1\" content=\"Written by\" \/>\n\t<meta name=\"twitter:data1\" content=\"Dino Jekic\" \/>\n\t<meta name=\"twitter:label2\" content=\"Est. reading time\" \/>\n\t<meta name=\"twitter:data2\" content=\"2 minutes\" \/>\n<script type=\"application\/ld+json\" class=\"yoast-schema-graph\">{\"@context\":\"https:\/\/schema.org\",\"@graph\":[{\"@type\":\"WebPage\",\"@id\":\"https:\/\/exploremostar.ba\/predstavljamo-program-manifestacije-ljeto-s-turistickom-zajednicom-grada-mostara\/\",\"url\":\"https:\/\/exploremostar.ba\/predstavljamo-program-manifestacije-ljeto-s-turistickom-zajednicom-grada-mostara\/\",\"name\":\"''Ljeto s Turisti\u010dkom zajednicom Grada Mostara'' na dvije jedinstvene lokacije - exploremostar\",\"isPartOf\":{\"@id\":\"https:\/\/exploremostar.ba\/#website\"},\"primaryImageOfPage\":{\"@id\":\"https:\/\/exploremostar.ba\/predstavljamo-program-manifestacije-ljeto-s-turistickom-zajednicom-grada-mostara\/#primaryimage\"},\"image\":{\"@id\":\"https:\/\/exploremostar.ba\/predstavljamo-program-manifestacije-ljeto-s-turistickom-zajednicom-grada-mostara\/#primaryimage\"},\"thumbnailUrl\":\"https:\/\/exploremostar.ba\/wp-content\/uploads\/2025\/07\/Ljeto-web.gif\",\"datePublished\":\"2025-07-21T07:46:01+00:00\",\"dateModified\":\"2025-07-24T10:09:38+00:00\",\"author\":{\"@id\":\"https:\/\/exploremostar.ba\/#\/schema\/person\/ba658e145ceeda3815df65d8fb9915c7\"},\"breadcrumb\":{\"@id\":\"https:\/\/exploremostar.ba\/predstavljamo-program-manifestacije-ljeto-s-turistickom-zajednicom-grada-mostara\/#breadcrumb\"},\"inLanguage\":\"en-US\",\"potentialAction\":[{\"@type\":\"ReadAction\",\"target\":[\"https:\/\/exploremostar.ba\/predstavljamo-program-manifestacije-ljeto-s-turistickom-zajednicom-grada-mostara\/\"]}]},{\"@type\":\"ImageObject\",\"inLanguage\":\"en-US\",\"@id\":\"https:\/\/exploremostar.ba\/predstavljamo-program-manifestacije-ljeto-s-turistickom-zajednicom-grada-mostara\/#primaryimage\",\"url\":\"https:\/\/exploremostar.ba\/wp-content\/uploads\/2025\/07\/Ljeto-web.gif\",\"contentUrl\":\"https:\/\/exploremostar.ba\/wp-content\/uploads\/2025\/07\/Ljeto-web.gif\",\"width\":1365,\"height\":768},{\"@type\":\"BreadcrumbList\",\"@id\":\"https:\/\/exploremostar.ba\/predstavljamo-program-manifestacije-ljeto-s-turistickom-zajednicom-grada-mostara\/#breadcrumb\",\"itemListElement\":[{\"@type\":\"ListItem\",\"position\":1,\"name\":\"Home\",\"item\":\"https:\/\/exploremostar.ba\/\"},{\"@type\":\"ListItem\",\"position\":2,\"name\":\"&#8221;Ljeto s Turisti\u010dkom zajednicom Grada Mostara&#8221; na dvije jedinstvene lokacije\"}]},{\"@type\":\"WebSite\",\"@id\":\"https:\/\/exploremostar.ba\/#website\",\"url\":\"https:\/\/exploremostar.ba\/\",\"name\":\"exploremostar\",\"description\":\"Where bridges tell stories\",\"potentialAction\":[{\"@type\":\"SearchAction\",\"target\":{\"@type\":\"EntryPoint\",\"urlTemplate\":\"https:\/\/exploremostar.ba\/?s={search_term_string}\"},\"query-input\":{\"@type\":\"PropertyValueSpecification\",\"valueRequired\":true,\"valueName\":\"search_term_string\"}}],\"inLanguage\":\"en-US\"},{\"@type\":\"Person\",\"@id\":\"https:\/\/exploremostar.ba\/#\/schema\/person\/ba658e145ceeda3815df65d8fb9915c7\",\"name\":\"Dino Jekic\",\"image\":{\"@type\":\"ImageObject\",\"inLanguage\":\"en-US\",\"@id\":\"https:\/\/exploremostar.ba\/#\/schema\/person\/image\/\",\"url\":\"https:\/\/secure.gravatar.com\/avatar\/069d3f51f3e6bcef26bc4581da3ae12333ce97dcefaf5b817593df50933bfefb?s=96&d=https%3A%2F%2Fui-avatars.com%2Fapi%2FDino%20JekicDino%2F96%2F546de5%2Ffff%2F1%2F0.4%2F%2F1%2F1&r=g\",\"contentUrl\":\"https:\/\/secure.gravatar.com\/avatar\/069d3f51f3e6bcef26bc4581da3ae12333ce97dcefaf5b817593df50933bfefb?s=96&d=https%3A%2F%2Fui-avatars.com%2Fapi%2FDino%20JekicDino%2F96%2F546de5%2Ffff%2F1%2F0.4%2F%2F1%2F1&r=g\",\"caption\":\"Dino Jekic\"},\"url\":\"https:\/\/exploremostar.ba\/en\/author\/dino\/\"}]}<\/script>\n<!-- \/ Yoast SEO plugin. -->","yoast_head_json":{"title":"''Ljeto s Turisti\u010dkom zajednicom Grada Mostara'' na dvije jedinstvene lokacije - exploremostar","robots":{"index":"index","follow":"follow","max-snippet":"max-snippet:-1","max-image-preview":"max-image-preview:large","max-video-preview":"max-video-preview:-1"},"canonical":"https:\/\/exploremostar.ba\/en\/predstavljamo-program-manifestacije-ljeto-s-turistickom-zajednicom-grada-mostara\/","og_locale":"en_US","og_type":"article","og_title":"''Ljeto s Turisti\u010dkom zajednicom Grada Mostara'' na dvije jedinstvene lokacije - exploremostar","og_description":"Turisti\u010dka zajednica Grada Mostara s ponosom najavljuje manifestaciju \u201eLjeto s Turisti\u010dkom zajednicom Grada Mostara\u201c, koje \u0107e se odr\u017eati od 24. 7. do 2. 8. 2025. godine, na dvije jedinstvene lokacije \u2013 platou ispod Starog mosta i platou iza ku\u0107e Mujage Komadine \u2013 o\u010dekuje vas bogat program kulturnih, umjetni\u010dkih i glazbenih doga\u0111anja. Manifestaciju otvaramo u \u010detvrtak [&hellip;]","og_url":"https:\/\/exploremostar.ba\/en\/predstavljamo-program-manifestacije-ljeto-s-turistickom-zajednicom-grada-mostara\/","og_site_name":"exploremostar","article_published_time":"2025-07-21T07:46:01+00:00","article_modified_time":"2025-07-24T10:09:38+00:00","og_image":[{"width":1365,"height":768,"url":"https:\/\/exploremostar.ba\/wp-content\/uploads\/2025\/07\/Ljeto-web.gif","type":"image\/gif"}],"author":"Dino Jekic","twitter_card":"summary_large_image","twitter_misc":{"Written by":"Dino Jekic","Est. reading time":"2 minutes"},"schema":{"@context":"https:\/\/schema.org","@graph":[{"@type":"WebPage","@id":"https:\/\/exploremostar.ba\/predstavljamo-program-manifestacije-ljeto-s-turistickom-zajednicom-grada-mostara\/","url":"https:\/\/exploremostar.ba\/predstavljamo-program-manifestacije-ljeto-s-turistickom-zajednicom-grada-mostara\/","name":"''Ljeto s Turisti\u010dkom zajednicom Grada Mostara'' na dvije jedinstvene lokacije - exploremostar","isPartOf":{"@id":"https:\/\/exploremostar.ba\/#website"},"primaryImageOfPage":{"@id":"https:\/\/exploremostar.ba\/predstavljamo-program-manifestacije-ljeto-s-turistickom-zajednicom-grada-mostara\/#primaryimage"},"image":{"@id":"https:\/\/exploremostar.ba\/predstavljamo-program-manifestacije-ljeto-s-turistickom-zajednicom-grada-mostara\/#primaryimage"},"thumbnailUrl":"https:\/\/exploremostar.ba\/wp-content\/uploads\/2025\/07\/Ljeto-web.gif","datePublished":"2025-07-21T07:46:01+00:00","dateModified":"2025-07-24T10:09:38+00:00","author":{"@id":"https:\/\/exploremostar.ba\/#\/schema\/person\/ba658e145ceeda3815df65d8fb9915c7"},"breadcrumb":{"@id":"https:\/\/exploremostar.ba\/predstavljamo-program-manifestacije-ljeto-s-turistickom-zajednicom-grada-mostara\/#breadcrumb"},"inLanguage":"en-US","potentialAction":[{"@type":"ReadAction","target":["https:\/\/exploremostar.ba\/predstavljamo-program-manifestacije-ljeto-s-turistickom-zajednicom-grada-mostara\/"]}]},{"@type":"ImageObject","inLanguage":"en-US","@id":"https:\/\/exploremostar.ba\/predstavljamo-program-manifestacije-ljeto-s-turistickom-zajednicom-grada-mostara\/#primaryimage","url":"https:\/\/exploremostar.ba\/wp-content\/uploads\/2025\/07\/Ljeto-web.gif","contentUrl":"https:\/\/exploremostar.ba\/wp-content\/uploads\/2025\/07\/Ljeto-web.gif","width":1365,"height":768},{"@type":"BreadcrumbList","@id":"https:\/\/exploremostar.ba\/predstavljamo-program-manifestacije-ljeto-s-turistickom-zajednicom-grada-mostara\/#breadcrumb","itemListElement":[{"@type":"ListItem","position":1,"name":"Home","item":"https:\/\/exploremostar.ba\/"},{"@type":"ListItem","position":2,"name":"&#8221;Ljeto s Turisti\u010dkom zajednicom Grada Mostara&#8221; na dvije jedinstvene lokacije"}]},{"@type":"WebSite","@id":"https:\/\/exploremostar.ba\/#website","url":"https:\/\/exploremostar.ba\/","name":"exploremostar","description":"Where bridges tell stories","potentialAction":[{"@type":"SearchAction","target":{"@type":"EntryPoint","urlTemplate":"https:\/\/exploremostar.ba\/?s={search_term_string}"},"query-input":{"@type":"PropertyValueSpecification","valueRequired":true,"valueName":"search_term_string"}}],"inLanguage":"en-US"},{"@type":"Person","@id":"https:\/\/exploremostar.ba\/#\/schema\/person\/ba658e145ceeda3815df65d8fb9915c7","name":"Dino Jekic","image":{"@type":"ImageObject","inLanguage":"en-US","@id":"https:\/\/exploremostar.ba\/#\/schema\/person\/image\/","url":"https:\/\/secure.gravatar.com\/avatar\/069d3f51f3e6bcef26bc4581da3ae12333ce97dcefaf5b817593df50933bfefb?s=96&d=https%3A%2F%2Fui-avatars.com%2Fapi%2FDino%20JekicDino%2F96%2F546de5%2Ffff%2F1%2F0.4%2F%2F1%2F1&r=g","contentUrl":"https:\/\/secure.gravatar.com\/avatar\/069d3f51f3e6bcef26bc4581da3ae12333ce97dcefaf5b817593df50933bfefb?s=96&d=https%3A%2F%2Fui-avatars.com%2Fapi%2FDino%20JekicDino%2F96%2F546de5%2Ffff%2F1%2F0.4%2F%2F1%2F1&r=g","caption":"Dino Jekic"},"url":"https:\/\/exploremostar.ba\/en\/author\/dino\/"}]}},"rttpg_featured_image_url":{"full":["https:\/\/exploremostar.ba\/wp-content\/uploads\/2025\/07\/Ljeto-web.gif",1365,768,false],"landscape":["https:\/\/exploremostar.ba\/wp-content\/uploads\/2025\/07\/Ljeto-web.gif",1365,768,false],"portraits":["https:\/\/exploremostar.ba\/wp-content\/uploads\/2025\/07\/Ljeto-web.gif",1365,768,false],"thumbnail":["https:\/\/exploremostar.ba\/wp-content\/uploads\/2025\/07\/Ljeto-web-150x150.gif",150,150,true],"medium":["https:\/\/exploremostar.ba\/wp-content\/uploads\/2025\/07\/Ljeto-web-300x169.gif",300,169,true],"large":["https:\/\/exploremostar.ba\/wp-content\/uploads\/2025\/07\/Ljeto-web-1024x576.gif",1024,576,true],"1536x1536":["https:\/\/exploremostar.ba\/wp-content\/uploads\/2025\/07\/Ljeto-web.gif",1365,768,false],"2048x2048":["https:\/\/exploremostar.ba\/wp-content\/uploads\/2025\/07\/Ljeto-web.gif",1365,768,false],"trp-custom-language-flag":["https:\/\/exploremostar.ba\/wp-content\/uploads\/2025\/07\/Ljeto-web-18x10.gif",18,10,true],"woocommerce_thumbnail":["https:\/\/exploremostar.ba\/wp-content\/uploads\/2025\/07\/Ljeto-web-300x300.gif",300,300,true],"woocommerce_single":["https:\/\/exploremostar.ba\/wp-content\/uploads\/2025\/07\/Ljeto-web-600x338.gif",600,338,true],"woocommerce_gallery_thumbnail":["https:\/\/exploremostar.ba\/wp-content\/uploads\/2025\/07\/Ljeto-web-100x100.gif",100,100,true],"rt_custom":["https:\/\/exploremostar.ba\/wp-content\/uploads\/2025\/07\/Ljeto-web.gif",1365,768,false]},"rttpg_author":{"display_name":"Dino Jekic","author_link":"https:\/\/exploremostar.ba\/en\/author\/dino\/"},"rttpg_comment":0,"rttpg_category":"<a href=\"https:\/\/exploremostar.ba\/en\/post-category\/pozitivne-price\/\" rel=\"category tag\">Pozitivne pri\u010de<\/a>","rttpg_excerpt":"Turisti\u010dka zajednica Grada Mostara s ponosom najavljuje manifestaciju \u201eLjeto s Turisti\u010dkom zajednicom Grada Mostara\u201c, koje \u0107e se odr\u017eati od 24. 7. do 2. 8. 2025. godine, na dvije jedinstvene lokacije \u2013 platou ispod Starog mosta i platou iza ku\u0107e Mujage Komadine \u2013 o\u010dekuje vas bogat program kulturnih, umjetni\u010dkih i glazbenih doga\u0111anja. Manifestaciju otvaramo u \u010detvrtak&hellip;","acf":[],"_links":{"self":[{"href":"https:\/\/exploremostar.ba\/en\/wp-json\/wp\/v2\/posts\/5078","targetHints":{"allow":["GET"]}}],"collection":[{"href":"https:\/\/exploremostar.ba\/en\/wp-json\/wp\/v2\/posts"}],"about":[{"href":"https:\/\/exploremostar.ba\/en\/wp-json\/wp\/v2\/types\/post"}],"author":[{"embeddable":true,"href":"https:\/\/exploremostar.ba\/en\/wp-json\/wp\/v2\/users\/11"}],"replies":[{"embeddable":true,"href":"https:\/\/exploremostar.ba\/en\/wp-json\/wp\/v2\/comments?post=5078"}],"version-history":[{"count":4,"href":"https:\/\/exploremostar.ba\/en\/wp-json\/wp\/v2\/posts\/5078\/revisions"}],"predecessor-version":[{"id":5093,"href":"https:\/\/exploremostar.ba\/en\/wp-json\/wp\/v2\/posts\/5078\/revisions\/5093"}],"wp:featuredmedia":[{"embeddable":true,"href":"https:\/\/exploremostar.ba\/en\/wp-json\/wp\/v2\/media\/5079"}],"wp:attachment":[{"href":"https:\/\/exploremostar.ba\/en\/wp-json\/wp\/v2\/media?parent=5078"}],"wp:term":[{"taxonomy":"category","embeddable":true,"href":"https:\/\/exploremostar.ba\/en\/wp-json\/wp\/v2\/categories?post=5078"},{"taxonomy":"post_tag","embeddable":true,"href":"https:\/\/exploremostar.ba\/en\/wp-json\/wp\/v2\/tags?post=5078"}],"curies":[{"name":"wp","href":"https:\/\/api.w.org\/{rel}","templated":true}]}}